{"id":18750,"date":"2013-12-19T09:20:52","date_gmt":"2013-12-19T15:20:52","guid":{"rendered":"http:\/\/www.eloriente.net\/home\/?p=18750"},"modified":"2013-12-19T09:20:52","modified_gmt":"2013-12-19T15:20:52","slug":"derechos-humanos-eje-toral-y-razon-de-ser-de-todo-estado-democratico-de-derecho","status":"publish","type":"post","link":"https:\/\/www.eloriente.net\/home\/2013\/12\/19\/derechos-humanos-eje-toral-y-razon-de-ser-de-todo-estado-democratico-de-derecho\/","title":{"rendered":"Derechos Humanos, eje toral y raz\u00f3n de ser de todo estado democr\u00e1tico de derecho"},"content":{"rendered":"<p>eloriente.net\/<a href=\"http:\/\/www.tribunaloax.gob.mx\/\" target=\"_blank\">TSJ<\/a><\/p>\n<p>19 de noviembre de 2013<\/p>\n<p><strong>El gobernador Gabino Cu\u00e9 encabez\u00f3 la presentaci\u00f3n del Diagn\u00f3stico y Agenda Estrat\u00e9gica de Derechos Humanos de Oaxaca, acto en el que le acompa\u00f1\u00f3 el titular del Poder Judicial del Estado, magistrado Alfredo Lagunas Rivera.<\/strong><\/p>\n<p>En el marco de la conmemoraci\u00f3n del Sexag\u00e9simo Quinto Aniversario del D\u00eda Internacional de los Derechos Humanos, que se celebra el 17 de diciembre, el gobernador Gabino Cu\u00e9 Monteagudo encabez\u00f3 la presentaci\u00f3n del Diagn\u00f3stico y Agenda Estrat\u00e9gica de Derechos Humanos de Oaxaca, acto en el que le acompa\u00f1\u00f3 el titular de Poder Judicial, magistrado Alfredo Lagunas Rivera.<\/p>\n<p>Ante el representante en M\u00e9xico de la Oficina del Alto Comisionado de las Naciones Unidas para los Derechos Humanos, Javier Esteban Hern\u00e1ndez Valencia; Senadores, las Embajadoras de Finlandia y Noruega, Magistrados y Consejeros de la Judicatura, el mandatario estatal destac\u00f3 que los Poderes del Estado y sociedad civil est\u00e1n logrando avances en la transici\u00f3n democr\u00e1tica.<\/p>\n<p>Agreg\u00f3 que garantizar la plena vigencia de los derechos humanos es una condici\u00f3n indispensable para alcanzar la paz y el progreso que todos anhelamos en Oaxaca por lo que reiter\u00f3 el compromiso de administraci\u00f3n para consolidar una cultura de respeto a las garant\u00edas individuales.<\/p>\n<p>En su oportunidad, el titular del Poder Judicial del Estado, magistrado Alfredo Lagunas Rivera, afirm\u00f3 que la integraci\u00f3n del Diagn\u00f3stico y Agenda Estrat\u00e9gica de Derechos Humanos de Oaxaca \u2013elaborada conjuntamente con la ONU-, constituye un referente para hacer efectivo en la entidad el reconocimiento pleno y respeto que exigen los est\u00e1ndares internacionales y nacionales en esta materia.<\/p>\n<p>Destac\u00f3 que este documento consistente en ocho libros tem\u00e1ticos y un programa integral de acciones a favor de la promoci\u00f3n y protecci\u00f3n de las garant\u00edas individuales, conllevar\u00e1 que la ciudadan\u00eda, devuelva su confianza y esperanza en sus servidores p\u00fablicos, como entes garantes de la paz, la justicia, la igualdad, la libertad y el desarrollo de los seres humanos, eje toral y raz\u00f3n de ser de todo estado democr\u00e1tico de derecho.<\/p>\n<p>Para el Poder Judicial, haber participado en la elaboraci\u00f3n de este importante documento, constituye m\u00e1s que una responsabilidad, una oportunidad para coadyuvar con otras instancias gubernamentales y no gubernamentales, a evidenciar las principales problem\u00e1ticas y adversidades que actualmente viven y sufren los diversos n\u00facleos de poblaci\u00f3n en nuestro estado, puntualiz\u00f3.<\/p>\n<p>Asimismo, indic\u00f3 que el Diagn\u00f3stico y Agenda Estrat\u00e9gica permite contextualizar qu\u00e9 determinaciones, acciones u omisiones est\u00e1n realizando las instancias de gobierno y que les impiden el pleno goce y ejercicio de los derechos humanos; sobre todo a la poblaci\u00f3n en extrema situaci\u00f3n de vulnerabilidad.<\/p>\n<p>Indic\u00f3 que el Poder Judicial intervino en cada una de las etapas de la construcci\u00f3n del diagn\u00f3stico, principalmente de manera directa y activa en la elaboraci\u00f3n e integraci\u00f3n de los cap\u00edtulos relativos a \u201clos derechos de las ni\u00f1as, los ni\u00f1os y adolescentes\u201d y, \u201clos derechos de las y los j\u00f3venes\u201d.<\/p>\n<p>Estos temas, dijo, fueron abordados desde una visi\u00f3n hol\u00edstica; toda vez que se analizaron las diversas causas y circunstancias que impiden gozar de forma plena y efectiva, los derechos humanos de estos grupos de poblaci\u00f3n; como son la igualdad y no discriminaci\u00f3n; la educaci\u00f3n; el acceso a la justicia; la salud; la participaci\u00f3n; el derecho a vivir en familia y a una vida libre de violencia.<\/p>\n<p>Por su parte, la senadora Ang\u00e9lica de la Pe\u00f1a confi\u00f3 que autoridades y organizaciones de la sociedad civil logren el respeto y garant\u00eda de los derechos humanos sin ning\u00fan tipo de discriminaci\u00f3n. Solo as\u00ed, Oaxaca podr\u00e1 ser ejemplo para las otras entidades federativas, dijo.<\/p>\n<p>Por su parte, el representante de la Oficina del Alto Comisionada de Derechos Humanos, Javier Hern\u00e1ndez Valencia mencion\u00f3 que el Diagn\u00f3stico ser\u00e1 instrumento para culminar el dise\u00f1o del programa sobre derechos humanos que \u00a0se aplicar\u00e1 a nivel nacional, gracias a la colaboraci\u00f3n de los Poderes, organizaciones y sociedad civil.<\/p>\n<p>&nbsp;<\/p>\n<p><a href=\"http:\/\/www.eloriente.net\/home\/wp-content\/uploads\/2013\/12\/TSJ1.jpg\"><img loading=\"lazy\" decoding=\"async\" class=\"alignnone size-medium wp-image-18751\" title=\"TSJ\" src=\"http:\/\/www.eloriente.net\/home\/wp-content\/uploads\/2013\/12\/TSJ1-300x200.jpg\" alt=\"\" width=\"300\" height=\"200\" srcset=\"https:\/\/www.eloriente.net\/home\/wp-content\/uploads\/2013\/12\/TSJ1-300x200.jpg 300w, https:\/\/www.eloriente.net\/home\/wp-content\/uploads\/2013\/12\/TSJ1.jpg 1024w\" sizes=\"(max-width: 300px) 100vw, 300px\" \/><\/a><\/p>\n<p>Foto: TSJ<\/p>\n<p>&nbsp;<\/p>\n<p><strong>Entradas relacionadas:\u00a0<\/strong><\/p>\n<p><a title=\"Permalink to Realizan visita a Oaxaca operadores del NSJP de Baja California Sur\" href=\"http:\/\/www.eloriente.net\/home\/2013\/12\/16\/realizan-visita-a-oaxaca-operadores-del-nsjp-de-baja-california-sur\/\" rel=\"bookmark\">Realizan visita a Oaxaca operadores del NSJP de Baja California Sur<\/a><\/p>\n<p><a href=\"http:\/\/www.eloriente.net\/home\/2013\/12\/16\/realizan-visita-a-oaxaca-operadores-del-nsjp-de-baja-california-sur\/\" rel=\"bookmark\"><img decoding=\"async\" title=\"Realizan visita a Oaxaca operadores del NSJP de Baja California Sur\" src=\"http:\/\/www.eloriente.net\/home\/wp-content\/themes\/city-desk\/timthumb.php?src=http%3A%2F%2Fwww.eloriente.net%2Fhome%2Fwp-content%2Fuploads%2F2013%2F12%2Fsala-juicio-oral-01.jpg&amp;q=90&amp;w=160&amp;h=106&amp;zc=1\" alt=\"Realizan visita a Oaxaca operadores del NSJP de Baja California Sur\" \/><\/a><\/p>\n<p>eloriente.net\/NSJP 16 de diciembre de 2013 Observaron la operatividad del nuevo Sistema de Justicia Penal y los avances logrados en la entidad. Al ser Oaxaca un referente importante del pa\u00eds en la Implementaci\u00f3n del Sistema Acusatorio Adversarial y ante la pr\u00f3xima entrada en vigor de este nuevo modelo de justicia en Baja California Sur, operadores [&#8230;]<\/p>\n<p>December 16, 2013<\/p>\n<div id=\"post-18481\">\n<p><a title=\"Permalink to Discurso del Titular del Poder Judicial, Informe de Actividades 2013\" href=\"http:\/\/www.eloriente.net\/home\/2013\/12\/13\/discurso-del-titular-del-poder-judicial-informe-de-actividades-2013\/\" rel=\"bookmark\">Discurso del Titular del Poder Judicial, Informe de Actividades 2013<\/a><\/p>\n<p><a href=\"http:\/\/www.eloriente.net\/home\/2013\/12\/13\/discurso-del-titular-del-poder-judicial-informe-de-actividades-2013\/\" rel=\"bookmark\"><img decoding=\"async\" title=\"Discurso del Titular del Poder Judicial, Informe de Actividades 2013\" src=\"http:\/\/www.eloriente.net\/home\/wp-content\/themes\/city-desk\/timthumb.php?src=http%3A%2F%2Fwww.eloriente.net%2Fhome%2Fwp-content%2Fuploads%2F2013%2F12%2FTSJ-Informe.jpg&amp;q=90&amp;w=160&amp;h=106&amp;zc=1\" alt=\"Discurso del Titular del Poder Judicial, Informe de Actividades 2013\" \/><\/a><\/p>\n<p>eloriente.net\/Tribunal Superior de Justicia 13 de diciembre de 2013 Foto: eloriente.net Este mediod\u00eda, el Presidente del Tribunal Superior de Justicia de Oaxaca, Alfredo Lagunas Rivera, present\u00f3 su Informe de Actividades 2013, en el Sal\u00f3n de Plenos del propio Tribunal, con la presencia del resto de los magistrados de dicha instancia, as\u00ed como de los representantes [&#8230;]<\/p>\n<p>December 13, 2013<\/p>\n<p><a title=\"Permalink to Concluyen servidores p\u00fablicos del Poder Judicial Estudios de Especializaci\u00f3n\" href=\"http:\/\/www.eloriente.net\/home\/2013\/12\/07\/concluyen-servidores-publicos-del-poder-judicial-estudios-de-especializacion\/\" rel=\"bookmark\">Concluyen servidores p\u00fablicos del Poder Judicial Estudios de Especializaci\u00f3n<\/a><\/p>\n<p><a href=\"http:\/\/www.eloriente.net\/home\/2013\/12\/07\/concluyen-servidores-publicos-del-poder-judicial-estudios-de-especializacion\/\" rel=\"bookmark\"><img decoding=\"async\" title=\"Concluyen servidores p\u00fablicos del Poder Judicial Estudios de Especializaci\u00f3n\" src=\"http:\/\/www.eloriente.net\/home\/wp-content\/themes\/city-desk\/timthumb.php?src=http%3A%2F%2Fwww.eloriente.net%2Fhome%2Fwp-content%2Fuploads%2F2013%2F12%2FTSJ.jpg&amp;q=90&amp;w=160&amp;h=106&amp;zc=1\" alt=\"Concluyen servidores p\u00fablicos del Poder Judicial Estudios de Especializaci\u00f3n\" \/><\/a><\/p>\n<p>eloriente.net\/TSJ 7 de diciembre de 2013 El magistrado presidente, Alfredo Lagunas Rivera presidi\u00f3 este viernes la ceremonia de entrega de reconocimientos a los egresados de la d\u00e9cima quinta generaci\u00f3n. Al clausurar el ciclo acad\u00e9mico de la d\u00e9cima quinta generaci\u00f3n de Estudios de Especializaci\u00f3n, el titular del Poder Judicial, magistrado Alfredo Lagunas Rivera, afirm\u00f3 que \u201cla [&#8230;]<\/p>\n<p>December 7, 2013<\/p>\n<\/div>\n\n\t\t\t  <div \n\t\t\t  \tclass = \"fb-comments\" \n\t\t\t  \tdata-href = \"https:\/\/www.eloriente.net\/home\/2013\/12\/19\/derechos-humanos-eje-toral-y-razon-de-ser-de-todo-estado-democratico-de-derecho\/\"\n\t\t\t  \tdata-numposts = \"10\"\n\t\t\t\tdata-colorscheme = \"dark\"\n\t\t\t\tdata-order-by = \"social\"\n\t\t\t\tdata-mobile=true>\n\t\t\t  <\/div>\n\t\t  <style>\n\t\t\t.fb_iframe_widget_fluid_desktop iframe {\n\t\t\t    width: 100% !important;\n\t\t\t}\n\t\t  <\/style>\n\t\t  ","protected":false},"excerpt":{"rendered":"<p>eloriente.net\/TSJ 19 de noviembre de 2013 El gobernador Gabino Cu\u00e9 encabez\u00f3 la presentaci\u00f3n del Diagn\u00f3stico y Agenda Estrat\u00e9gica de Derechos Humanos de Oaxaca, acto en el que le acompa\u00f1\u00f3 el titular del Poder Judicial del Estado, magistrado Alfredo Lagunas Rivera. En el marco de la conmemoraci\u00f3n del Sexag\u00e9simo Quinto Aniversario del D\u00eda Internacional de los [&hellip;]<\/p>\n","protected":false},"author":26,"featured_media":18751,"comment_status":"open","ping_status":"open","sticky":false,"template":"","format":"standard","meta":{"_jetpack_memberships_contains_paid_content":false,"footnotes":""},"categories":[22,32,63,10,23,21],"tags":[],"class_list":["post-18750","post","type-post","status-publish","format-standard","has-post-thumbnail","hentry","category-derechos-humanos","category-entradas","category-estados","category-lo-mas-reciente","category-municipios","category-politica-y-gobierno"],"jetpack_featured_media_url":"https:\/\/www.eloriente.net\/home\/wp-content\/uploads\/2013\/12\/TSJ1.jpg","jetpack_sharing_enabled":true,"_links":{"self":[{"href":"https:\/\/www.eloriente.net\/home\/wp-json\/wp\/v2\/posts\/18750"}],"collection":[{"href":"https:\/\/www.eloriente.net\/home\/wp-json\/wp\/v2\/posts"}],"about":[{"href":"https:\/\/www.eloriente.net\/home\/wp-json\/wp\/v2\/types\/post"}],"author":[{"embeddable":true,"href":"https:\/\/www.eloriente.net\/home\/wp-json\/wp\/v2\/users\/26"}],"replies":[{"embeddable":true,"href":"https:\/\/www.eloriente.net\/home\/wp-json\/wp\/v2\/comments?post=18750"}],"version-history":[{"count":3,"href":"https:\/\/www.eloriente.net\/home\/wp-json\/wp\/v2\/posts\/18750\/revisions"}],"predecessor-version":[{"id":18754,"href":"https:\/\/www.eloriente.net\/home\/wp-json\/wp\/v2\/posts\/18750\/revisions\/18754"}],"wp:featuredmedia":[{"embeddable":true,"href":"https:\/\/www.eloriente.net\/home\/wp-json\/wp\/v2\/media\/18751"}],"wp:attachment":[{"href":"https:\/\/www.eloriente.net\/home\/wp-json\/wp\/v2\/media?parent=18750"}],"wp:term":[{"taxonomy":"category","embeddable":true,"href":"https:\/\/www.eloriente.net\/home\/wp-json\/wp\/v2\/categories?post=18750"},{"taxonomy":"post_tag","embeddable":true,"href":"https:\/\/www.eloriente.net\/home\/wp-json\/wp\/v2\/tags?post=18750"}],"curies":[{"name":"wp","href":"https:\/\/api.w.org\/{rel}","templated":true}]}}