{"id":18755,"date":"2013-12-19T11:44:06","date_gmt":"2013-12-19T17:44:06","guid":{"rendered":"http:\/\/www.eloriente.net\/home\/?p=18755"},"modified":"2013-12-19T16:49:20","modified_gmt":"2013-12-19T22:49:20","slug":"la-lectura-rescata-lo-mejor-del-ser-humano-azela-robinson","status":"publish","type":"post","link":"https:\/\/www.eloriente.net\/home\/2013\/12\/19\/la-lectura-rescata-lo-mejor-del-ser-humano-azela-robinson\/","title":{"rendered":"La lectura rescata lo mejor del ser humano: Azela Robinson"},"content":{"rendered":"<p>eloriente.net\/<a href=\"http:\/\/www.bellasartes.gob.mx\/\" target=\"_blank\">INBA<\/a><\/p>\n<p>19 de diciembre de 2013<\/p>\n<p><strong>\u201cLa lectura une a la sociedad de una manera diferente y hay que mantener ese inter\u00e9s vivo entre todas las comunidades\u201d, asegur\u00f3 la actriz.<\/strong><\/p>\n<p><strong><\/strong><strong>Pretende crear una biblioteca en Puerto Escondido, Oaxaca.<\/strong><\/p>\n<p>A la actriz Azela Robinson no solo le apasiona el programa \u201cLeo\u2026 Luego existo\u201d del Instituto Nacional de Bellas Artes (INBA), sino que ha ido m\u00e1s lejos: pretende crear una biblioteca en el municipio de Puerto Escondido, Oaxaca, con la ayuda de amigos y habitantes del lugar. Hasta la fecha ha juntado 4,000 libros de todo tipo.<\/p>\n<p>\u201cPara m\u00ed es un sue\u00f1o poder llevar dicho programa a Puerto Escondido, porque pertenece al segundo estado m\u00e1s pobre de la Rep\u00fablica Mexicana y el cual, desgraciadamente, est\u00e1 perdiendo muchas tradiciones\u201d, asegur\u00f3 en entrevista.<\/p>\n<p>Algunos de esos libros, dijo, est\u00e1n escritos en mixteco, \u201cporque queremos que no se pierda el uso de esta lengua y para que gocen m\u00e1s de la lectura\u201d. Sobre la creaci\u00f3n de la biblioteca, Robinson consider\u00f3 que todos los mexicanos debemos buscar de manera independiente c\u00f3mo ayudar a nuestra sociedad, \u201cy yo, como voy a formar parte de esa comunidad oaxaque\u00f1a, es mi obligaci\u00f3n hacer algo por su bienestar cultural.<\/p>\n<p>\u201cLeer es fundamental, es algo que necesitamos rescatar. El mexicano, como el ser humano en general, ha dejado a un lado los libros y, por ende, la lectura, de ah\u00ed que ya todo lo que le dan es digerido y a la boca.<\/p>\n<p>No hay nada m\u00e1s enriquecedor que poder abstraerte un rato en un libro y meterte en otro mundo o aprender algo nuevo.<\/p>\n<p>\u201cLeer un libro es enriquecedor, y leerle a la gente es un suceso que me maravilla. Al tener un libro en las manos te clavas en el papel, las letras y las palabras, y al terminar volteas a ver al p\u00fablico y todos tienen cara\u00a0de ni\u00f1os. Es una belleza esta sensaci\u00f3n\u201d, asegur\u00f3.<\/p>\n<p>\u201cLa lectura rescata lo mejor del ser humano. Es un acto de comuni\u00f3n: de pronto se establece una comunicaci\u00f3n entre los humanos y no importa la edad, la colonia o la escuela de la que provengas. La lectura de poes\u00eda en voz alta es una convivencia social. Es muy bonito, es como una misa.\u201d<\/p>\n<p>Para la actriz, leer no es un acto solemne. \u201cLa lectura une a la sociedad de una manera diferente y hay que mantener ese inter\u00e9s vivo entre todas las comunidades. No solo hay que criticar, tambi\u00e9n se debe fomentar, incitar a la cultura, del mismo modo en que a los j\u00f3venes se les incita al mundo de las drogas o la vagancia, mejor hacerse adictos a algo constructivo y positivo, como la lectura.\u201d<\/p>\n<p>Sostuvo que un pueblo que lee es un pueblo que sabe, y a un pueblo que sabe no se le enga\u00f1a, \u201cpor eso como mexicanos, como individuos, debemos tener iniciativa y conjuntar a mucha gente. As\u00ed como te obligan a pagar impuestos, tambi\u00e9n debemos hacer algo por la sociedad, desde plantar un \u00e1rbol hasta fomentar la lectura\u201d, dijo finalmente la actriz.<\/p>\n<p>&nbsp;<\/p>\n<p><a href=\"http:\/\/www.eloriente.net\/home\/wp-content\/uploads\/2013\/12\/actriz.jpg\"><img loading=\"lazy\" decoding=\"async\" class=\"alignnone  wp-image-18756\" title=\"actriz\" src=\"http:\/\/www.eloriente.net\/home\/wp-content\/uploads\/2013\/12\/actriz-257x300.jpg\" alt=\"\" width=\"180\" height=\"210\" srcset=\"https:\/\/www.eloriente.net\/home\/wp-content\/uploads\/2013\/12\/actriz-257x300.jpg 257w, https:\/\/www.eloriente.net\/home\/wp-content\/uploads\/2013\/12\/actriz.jpg 640w\" sizes=\"(max-width: 180px) 100vw, 180px\" \/><\/a><\/p>\n<p>Foto: Azela Robinson<\/p>\n<p>&nbsp;<\/p>\n<p><strong>Entradas relacionadas:\u00a0<\/strong><\/p>\n<p><a title=\"Permalink to Canto General, poemario a Hispanoam\u00e9rica; de Pablo Neruda\" href=\"http:\/\/www.eloriente.net\/home\/2013\/12\/14\/canto-general-poemario-a-hispanoamerica-de-pablo-neruda\/\" rel=\"bookmark\">Canto General, poemario a Hispanoam\u00e9rica; de Pablo Neruda<\/a><\/p>\n<p><a href=\"http:\/\/www.eloriente.net\/home\/2013\/12\/14\/canto-general-poemario-a-hispanoamerica-de-pablo-neruda\/\" rel=\"bookmark\"><img decoding=\"async\" title=\"Canto General, poemario a Hispanoam\u00e9rica; de Pablo Neruda\" src=\"http:\/\/www.eloriente.net\/home\/wp-content\/themes\/city-desk\/timthumb.php?src=http%3A%2F%2Fwww.eloriente.net%2Fhome%2Fwp-content%2Fuploads%2F2013%2F12%2FNeruda.jpg&amp;q=90&amp;w=160&amp;h=106&amp;zc=1\" alt=\"Canto General, poemario a Hispanoam\u00e9rica; de Pablo Neruda\" \/><\/a><\/p>\n<p>eloriente.net 14 de diciembre de 2013 En 1950, el poeta chileno Pablo Neruda public\u00f3 su d\u00e9cima obra\u00a0Canto General,\u00a0su composici\u00f3n literaria dur\u00f3 12 a\u00f1os, ya que comenz\u00f3 a escribir este poemario en el a\u00f1o de 1938. Su primera edici\u00f3n fue divulgada por primera vez en la Ciudad de M\u00e9xico por la editorial Talleres Gr\u00e1ficos de la [&#8230;]<\/p>\n<p>December 14, 2013<\/p>\n<div id=\"post-18517\">\n<p><a title=\"Permalink to Dignidad y protesta en material fotogr\u00e1fico de Sebasti\u00e3o Salgado\" href=\"http:\/\/www.eloriente.net\/home\/2013\/12\/14\/dignidad-y-protesta-en-material-fotografico-de-sebastiao-salgado\/\" rel=\"bookmark\">Dignidad y protesta en material fotogr\u00e1fico de Sebasti\u00e3o Salgado<\/a><\/p>\n<p><a href=\"http:\/\/www.eloriente.net\/home\/2013\/12\/14\/dignidad-y-protesta-en-material-fotografico-de-sebastiao-salgado\/\" rel=\"bookmark\"><img decoding=\"async\" title=\"Dignidad y protesta en material fotogr\u00e1fico de Sebasti\u00e3o Salgado\" src=\"http:\/\/www.eloriente.net\/home\/wp-content\/themes\/city-desk\/timthumb.php?src=http%3A%2F%2Fwww.eloriente.net%2Fhome%2Fwp-content%2Fuploads%2F2013%2F12%2FSalgado.jpg&amp;q=90&amp;w=160&amp;h=106&amp;zc=1\" alt=\"Dignidad y protesta en material fotogr\u00e1fico de Sebasti\u00e3o Salgado\" \/><\/a><\/p>\n<p>eloriente.net 14 de diciembre de 2013 Foto:\u00a0Edmond Terakopian \u00a0 Sebasti\u00e3o Salgado es un fot\u00f3grafo brasile\u00f1o, reconocido en el mundo como uno de los mejores reporteros gr\u00e1ficos, quien ha sido galardonado con premios distinguidos como Premio Pr\u00edncipe de Asturias de las Artes y Premio Internacional de la Fundaci\u00f3n Hasselblad, por su material fotogr\u00e1fico con un enfoque [&#8230;]<\/p>\n<p>December 14, 2013<\/p>\n<p><a title=\"Permalink to Ana Luz Ramos Soto recibe premio \u2018Irene Robledo\u2019 de la Universidad de Guadalajara\" href=\"http:\/\/www.eloriente.net\/home\/2013\/12\/11\/ana-luz-ramos-soto-recibe-premio-irene-robledo\/\" rel=\"bookmark\">Ana Luz Ramos Soto recibe premio \u2018Irene Robledo\u2019 de la Universidad de Guadalajara<\/a><\/p>\n<p><a href=\"http:\/\/www.eloriente.net\/home\/2013\/12\/11\/ana-luz-ramos-soto-recibe-premio-irene-robledo\/\" rel=\"bookmark\"><img decoding=\"async\" title=\"Ana Luz Ramos Soto recibe premio \u2018Irene Robledo\u2019 de la Universidad de Guadalajara\" src=\"http:\/\/www.eloriente.net\/home\/wp-content\/themes\/city-desk\/timthumb.php?src=http%3A%2F%2Fwww.eloriente.net%2Fhome%2Fwp-content%2Fuploads%2F2013%2F12%2FLibros.png&amp;q=90&amp;w=160&amp;h=106&amp;zc=1\" alt=\"Ana Luz Ramos Soto recibe premio \u2018Irene Robledo\u2019 de la Universidad de Guadalajara\" \/><\/a><\/p>\n<p>eloriente.net 11 de diciembre de 2013 La Dra. Ana Luz Ramos Soto, coordinadora de la Agencia de Desarrollo Social ADIS UABJO-SEDESOL,\u00a0fue galardonada con la presea \u2018Irene Robledo\u2019 en la categor\u00eda Aportaciones acad\u00e9micas individuales, por el proyecto \u2018La Guelaguetza de acervo bibliogr\u00e1fico para municipios marginados del estado de Oaxaca\u2019, el cual promueve la uni\u00f3n entre diferentes [&#8230;]<\/p>\n<p>December 11, 2013<\/p>\n<\/div>\n\n\t\t\t  <div \n\t\t\t  \tclass = \"fb-comments\" \n\t\t\t  \tdata-href = \"https:\/\/www.eloriente.net\/home\/2013\/12\/19\/la-lectura-rescata-lo-mejor-del-ser-humano-azela-robinson\/\"\n\t\t\t  \tdata-numposts = \"10\"\n\t\t\t\tdata-colorscheme = \"dark\"\n\t\t\t\tdata-order-by = \"social\"\n\t\t\t\tdata-mobile=true>\n\t\t\t  <\/div>\n\t\t  <style>\n\t\t\t.fb_iframe_widget_fluid_desktop iframe {\n\t\t\t    width: 100% !important;\n\t\t\t}\n\t\t  <\/style>\n\t\t  ","protected":false},"excerpt":{"rendered":"<p>eloriente.net\/INBA 19 de diciembre de 2013 \u201cLa lectura une a la sociedad de una manera diferente y hay que mantener ese inter\u00e9s vivo entre todas las comunidades\u201d, asegur\u00f3 la actriz. Pretende crear una biblioteca en Puerto Escondido, Oaxaca. A la actriz Azela Robinson no solo le apasiona el programa \u201cLeo\u2026 Luego existo\u201d del Instituto Nacional [&hellip;]<\/p>\n","protected":false},"author":26,"featured_media":18756,"comment_status":"open","ping_status":"open","sticky":false,"template":"","format":"standard","meta":{"_jetpack_memberships_contains_paid_content":false,"footnotes":""},"categories":[18,32,10,23],"tags":[],"class_list":["post-18755","post","type-post","status-publish","format-standard","has-post-thumbnail","hentry","category-educacion-y-cultura","category-entradas","category-lo-mas-reciente","category-municipios"],"jetpack_featured_media_url":"https:\/\/www.eloriente.net\/home\/wp-content\/uploads\/2013\/12\/actriz.jpg","jetpack_sharing_enabled":true,"_links":{"self":[{"href":"https:\/\/www.eloriente.net\/home\/wp-json\/wp\/v2\/posts\/18755"}],"collection":[{"href":"https:\/\/www.eloriente.net\/home\/wp-json\/wp\/v2\/posts"}],"about":[{"href":"https:\/\/www.eloriente.net\/home\/wp-json\/wp\/v2\/types\/post"}],"author":[{"embeddable":true,"href":"https:\/\/www.eloriente.net\/home\/wp-json\/wp\/v2\/users\/26"}],"replies":[{"embeddable":true,"href":"https:\/\/www.eloriente.net\/home\/wp-json\/wp\/v2\/comments?post=18755"}],"version-history":[{"count":9,"href":"https:\/\/www.eloriente.net\/home\/wp-json\/wp\/v2\/posts\/18755\/revisions"}],"predecessor-version":[{"id":18763,"href":"https:\/\/www.eloriente.net\/home\/wp-json\/wp\/v2\/posts\/18755\/revisions\/18763"}],"wp:featuredmedia":[{"embeddable":true,"href":"https:\/\/www.eloriente.net\/home\/wp-json\/wp\/v2\/media\/18756"}],"wp:attachment":[{"href":"https:\/\/www.eloriente.net\/home\/wp-json\/wp\/v2\/media?parent=18755"}],"wp:term":[{"taxonomy":"category","embeddable":true,"href":"https:\/\/www.eloriente.net\/home\/wp-json\/wp\/v2\/categories?post=18755"},{"taxonomy":"post_tag","embeddable":true,"href":"https:\/\/www.eloriente.net\/home\/wp-json\/wp\/v2\/tags?post=18755"}],"curies":[{"name":"wp","href":"https:\/\/api.w.org\/{rel}","templated":true}]}}