{"id":18770,"date":"2013-12-19T16:47:35","date_gmt":"2013-12-19T22:47:35","guid":{"rendered":"http:\/\/www.eloriente.net\/home\/?p=18770"},"modified":"2013-12-19T16:47:35","modified_gmt":"2013-12-19T22:47:35","slug":"escucha-a-los-ninos-emily-alejandra-y-javier-ana-luz-ramos-y-emilio-cordero-en-todo-oaxaca-radio-17dic13","status":"publish","type":"post","link":"https:\/\/www.eloriente.net\/home\/2013\/12\/19\/escucha-a-los-ninos-emily-alejandra-y-javier-ana-luz-ramos-y-emilio-cordero-en-todo-oaxaca-radio-17dic13\/","title":{"rendered":"Escucha a los ni\u00f1os Emily, Alejandra y Javier; Ana Luz Ramos y Emilio Cordero en Todo Oaxaca Radio 17\/Dic\/13"},"content":{"rendered":"<p>todooaxacaradio.com<\/p>\n<p>19 de diciembre de 2013<\/p>\n<p>Como cada martes, en punto de las 17:00 horas se transmiti\u00f3 el programa Todo Oaxaca Radio completamente en vivo desde la Ciudad de Oaxaca de Ju\u00e1rez, a trav\u00e9s de las frecuencias abiertas 570 AM y 94.9 FM, y para todo el mundo a trav\u00e9s de\u00a0<a href=\"http:\/\/www.todooaxacaradio.com\/\">www.todooaxacaradio.com<\/a>.<\/p>\n<p>El programa es conducido por Rub\u00e9n Vasconcelos Beltr\u00e1n, cronista de la Ciudad de Oaxaca, as\u00ed como Guadalupe Zarza Brise\u00f1o, reconocida empresaria y representante de la sociedad civil.<\/p>\n<p><strong>Nuestros temas e invitados del 17 de diciembre de 2013<\/strong><\/p>\n<p>Con esta emisi\u00f3n cerramos el a\u00f1o 2013 y en esta ocasi\u00f3n tan especial tuvimos la agradable presencia de diferentes invitados, algunos a su corta vida y otros tras largos de a\u00f1os de carrera profesional est\u00e1n obteniendo grandes resultados por sus proyectos \u00bfquieres saber m\u00e1s de ellos? Escucha el programa dando click en el reproductor localizado al final de la redacci\u00f3n.<\/p>\n<p><strong>Minuto 0\u201957\u2019\u2019\u00a0<\/strong><\/p>\n<p>En la primera parte del programa recibimos a los ni\u00f1os Emily Concepci\u00f3n Vicente Pinacho, Alejandra Citlali Herrera Pacheco y Javier Ram\u00edrez Garz\u00f3n, estudiantes del cuarto a\u00f1o de primaria del Instituto Pedag\u00f3gico Margarita Aguilar D\u00edaz, quienes nos platicaron acerca de su proyecto \u00abPlantas de ornato como fuentes de ox\u00edgeno limpio para los habitantes de grandes ciudades\u00bb.<\/p>\n<p>Su proyecto de ciencias naturales los ha hecho acreedores a dos reconocimientos importantes, recientemente obtuvieron el 1\u00ba lugar en el concurso Expo Ciencia Oaxaca 2013, lo que les dio el pase inmediato para representar al Estado de Oaxaca en la etapa nacional de esta contienda en noviembre pasado en Mazatl\u00e1n, Sinaloa, donde ganaron el 1\u00ba lugar nacional en la categor\u00eda Pandilla Cient\u00edfica Kids, que comprende ni\u00f1os de 3\u00ba a 6\u00ba grado de primaria, en el \u00e1rea de medio ambiente.<\/p>\n<p>Este \u00faltimo premio les otorg\u00f3 la oportunidad de representar a M\u00e9xico en el Encuentro Internacional de Semilleros de Investigaci\u00f3n, el cual se realizar\u00e1 el 14 de agosto de 2014 en Colombia. En entrevista al aire, los ni\u00f1os explicaron a detalle el planteamiento e implementaci\u00f3n de su proyecto y c\u00f3mo los ciudadanos podemos contribuir al combate contra la contaminaci\u00f3n del aire.<\/p>\n<p><a href=\"http:\/\/www.eloriente.net\/home\/wp-content\/uploads\/2013\/12\/Ni\u00f1os.jpg\"><img loading=\"lazy\" decoding=\"async\" class=\"size-medium wp-image-18771 aligncenter\" title=\"Ni\u00f1os\" src=\"http:\/\/www.eloriente.net\/home\/wp-content\/uploads\/2013\/12\/Ni\u00f1os-300x202.jpg\" alt=\"\" width=\"300\" height=\"202\" srcset=\"https:\/\/www.eloriente.net\/home\/wp-content\/uploads\/2013\/12\/Ni\u00f1os-300x202.jpg 300w, https:\/\/www.eloriente.net\/home\/wp-content\/uploads\/2013\/12\/Ni\u00f1os-1024x691.jpg 1024w\" sizes=\"(max-width: 300px) 100vw, 300px\" \/><\/a><\/p>\n<p><strong>Minuto 17\u201903\u2019\u2019\u00a0<\/strong><\/p>\n<p>Posteriormente, le dimos la bienvenida a la cabina de Todo Oaxaca Radio a la Dra. Ana Luz Ramos Soto, quien fue galardonada con la presea \u2018Irene Robledo\u2019 por la Universidad de Guadalajara en la categor\u00eda Aportaciones acad\u00e9micas individuales, por su proyecto \u2018La Guelaguetza de acervo bibliogr\u00e1fico para municipios marginados del estado de Oaxaca\u2019, el cual promueve la recolecta de libros, para posteriormente ser distribuidos a municipios de alta marginaci\u00f3n.<\/p>\n<p>La Dra. Ramos Soto expres\u00f3 que los municipios que han sido beneficiados por este programa fueron escogidos porque poseen un \u00cdndice de Desarrollo Humano bajo, consecuente a su nivel educativo; estas poblaciones reportaron que el 55% de sus habitantes son analfabetas y el promedio de escolaridad no cumple con la educaci\u00f3n b\u00e1sica.<\/p>\n<p>Durante la charla, la Dra. Ana Luz Ramos coment\u00f3 que m\u00e1s municipios pueden recibir apoyo a trav\u00e9s del proyecto &#8216;La Guelaguetza de acervo bibliogr\u00e1fico&#8217; junto con un Plan de Desarrollo Municipal que se gestiona bajo la aprobaci\u00f3n de la rector\u00eda de la Universidad Aut\u00f3noma Benito Ju\u00e1rez de Oaxaca.<\/p>\n<p><a href=\"http:\/\/www.todooaxacaradio.com\/wp-content\/uploads\/2013\/12\/Luz-Soto.jpg\"><img loading=\"lazy\" decoding=\"async\" class=\"aligncenter\" title=\"Luz-Soto\" src=\"http:\/\/www.todooaxacaradio.com\/wp-content\/uploads\/2013\/12\/Luz-Soto-246x300.jpg\" alt=\"\" width=\"246\" height=\"300\" \/><\/a><\/p>\n<p><strong>Minuto 43\u201905\u2019\u2019\u00a0<\/strong><\/p>\n<p>Al final del programa recibimos al Dr. Emilio Cordero, quien nos visit\u00f3 al programa para invitar al p\u00fablico en general a asistir a la presentaci\u00f3n de su disco \u00abOaxaque\u00f1as de mis amores\u00bb de m\u00fasica tradicional oaxaque\u00f1a, en un formato de seis m\u00fasicos; el cual se llevar\u00e1 a cabo este viernes 20 de diciembre a las 19:00 horas en el z\u00f3calo de la ciudad, bajo el laurel.<\/p>\n<p>El Dr. Cordero afirm\u00f3 que este disco es un homenaje a todas las mujeres oaxaque\u00f1as que le dan la identidad al Estado de Oaxaca, debido a la vestimenta tradicional que usan en cada regi\u00f3n. Asimismo, la canci\u00f3n a la que se le dar\u00e1 mayor promoci\u00f3n es \u00a0&#8216;Mujer oaxaque\u00f1a&#8217; de\u00a0Rodolfo Villegas; tambi\u00e9n se contar\u00e1 con diferentes melod\u00edas de Oaxaca como &#8216;La Tortolita cantadora&#8217;, &#8216;La Juanita&#8217;, &#8216;La Petrona&#8217;, entre otras.<\/p>\n<p><a href=\"http:\/\/www.todooaxacaradio.com\/wp-content\/uploads\/2013\/12\/Cordero.jpg\"><img loading=\"lazy\" decoding=\"async\" class=\"aligncenter\" title=\"Cordero\" src=\"http:\/\/www.todooaxacaradio.com\/wp-content\/uploads\/2013\/12\/Cordero-300x210.jpg\" alt=\"\" width=\"300\" height=\"210\" \/><\/a><\/p>\n<p>Disfruta el programa a continuaci\u00f3n:<\/p>\n<p><iframe loading=\"lazy\" src=\"http:\/\/www.ivoox.com\/player_ek_2659287_1.html\" frameborder=\"0\" scrolling=\"no\" width=\"238\" height=\"48\"><\/iframe><\/p>\n<p>&nbsp;<\/p>\n<p><strong>Entradas relacionadas:\u00a0<\/strong><\/p>\n<p><a title=\"Permalink to El turismo internacional, un motor de la recuperaci\u00f3n econ\u00f3mica\" href=\"http:\/\/www.eloriente.net\/home\/2013\/12\/19\/el-turismo-internacional-un-motor-de-la-recuperacion-economica\/\" rel=\"bookmark\">El turismo internacional, un motor de la recuperaci\u00f3n econ\u00f3mica<\/a><\/p>\n<p><a href=\"http:\/\/www.eloriente.net\/home\/2013\/12\/19\/el-turismo-internacional-un-motor-de-la-recuperacion-economica\/\" rel=\"bookmark\"><img decoding=\"async\" title=\"El turismo internacional, un motor de la recuperaci\u00f3n econ\u00f3mica\" src=\"http:\/\/www.eloriente.net\/home\/wp-content\/themes\/city-desk\/timthumb.php?src=http%3A%2F%2Fwww.eloriente.net%2Fhome%2Fwp-content%2Fuploads%2F2013%2F12%2Fpasaporte.jpg&amp;q=90&amp;w=160&amp;h=106&amp;zc=1\" alt=\"El turismo internacional, un motor de la recuperaci\u00f3n econ\u00f3mica\" \/><\/a><\/p>\n<p>eloriente.net\/OMT 19 de diciembre de 2013 En los primeros nueve meses de 2013, el turismo internacional creci\u00f3 un 5%, seg\u00fan el \u00faltimo Bar\u00f3metro OMT del Turismo Mundial. El n\u00famero de llegadas de turistas internacionales aument\u00f3 en 41 millones entre enero y septiembre, superando la previsi\u00f3n inicial de la OMT y generando importantes est\u00edmulos para las [&#8230;]<\/p>\n<p>December 19, 2013<\/p>\n<div id=\"post-18750\">\n<p><a title=\"Permalink to Derechos Humanos, eje toral y raz\u00f3n de ser de todo estado democr\u00e1tico de derecho\" href=\"http:\/\/www.eloriente.net\/home\/2013\/12\/19\/derechos-humanos-eje-toral-y-razon-de-ser-de-todo-estado-democratico-de-derecho\/\" rel=\"bookmark\">Derechos Humanos, eje toral y raz\u00f3n de ser de todo estado democr\u00e1tico de derecho<\/a><\/p>\n<p><a href=\"http:\/\/www.eloriente.net\/home\/2013\/12\/19\/derechos-humanos-eje-toral-y-razon-de-ser-de-todo-estado-democratico-de-derecho\/\" rel=\"bookmark\"><img decoding=\"async\" title=\"Derechos Humanos, eje toral y raz\u00f3n de ser de todo estado democr\u00e1tico de derecho\" src=\"http:\/\/www.eloriente.net\/home\/wp-content\/themes\/city-desk\/timthumb.php?src=http%3A%2F%2Fwww.eloriente.net%2Fhome%2Fwp-content%2Fuploads%2F2013%2F12%2FTSJ1.jpg&amp;q=90&amp;w=160&amp;h=106&amp;zc=1\" alt=\"Derechos Humanos, eje toral y raz\u00f3n de ser de todo estado democr\u00e1tico de derecho\" \/><\/a><\/p>\n<p>eloriente.net\/TSJ 19 de noviembre de 2013 El gobernador Gabino Cu\u00e9 encabez\u00f3 la presentaci\u00f3n del Diagn\u00f3stico y Agenda Estrat\u00e9gica de Derechos Humanos de Oaxaca, acto en el que le acompa\u00f1\u00f3 el titular del Poder Judicial del Estado, magistrado Alfredo Lagunas Rivera. En el marco de la conmemoraci\u00f3n del Sexag\u00e9simo Quinto Aniversario del D\u00eda Internacional de los [&#8230;]<\/p>\n<p>December 19, 2013<\/p>\n<\/div>\n<div id=\"post-18746\">\n<p><a title=\"Permalink to Int\u00e9rpretes de se\u00f1as en M\u00e9xico\" href=\"http:\/\/www.eloriente.net\/home\/2013\/12\/19\/interpretes-de-senas-en-mexico\/\" rel=\"bookmark\">Int\u00e9rpretes de se\u00f1as en M\u00e9xico<\/a><\/p>\n<p><a href=\"http:\/\/www.eloriente.net\/home\/2013\/12\/19\/interpretes-de-senas-en-mexico\/\" rel=\"bookmark\"><img decoding=\"async\" title=\"Int\u00e9rpretes de se\u00f1as en M\u00e9xico\" src=\"http:\/\/www.eloriente.net\/home\/wp-content\/themes\/city-desk\/timthumb.php?src=http%3A%2F%2Fwww.eloriente.net%2Fhome%2Fwp-content%2Fuploads%2F2013%2F12%2FSe%C3%B1as.jpg&amp;q=90&amp;w=160&amp;h=106&amp;zc=1\" alt=\"Int\u00e9rpretes de se\u00f1as en M\u00e9xico\" \/><\/a><\/p>\n<p>eloriente.net 19 de diciembre de 2013 Por: Alejandra Silva Soriano Todos nos enteramos del esc\u00e1ndalo ocurrido en Sud\u00e1frica durante el funeral de Nelson Mandela. El int\u00e9rprete de lenguaje de se\u00f1as que tradujo las intervenciones de los jefes de Estado durante el servicio religioso era falso. La Federaci\u00f3n de Sordos de Sud\u00e1frica peg\u00f3 el grito en [&#8230;]<\/p>\n<p>December 19, 2013<\/p>\n<\/div>\n\n\t\t\t  <div \n\t\t\t  \tclass = \"fb-comments\" \n\t\t\t  \tdata-href = \"https:\/\/www.eloriente.net\/home\/2013\/12\/19\/escucha-a-los-ninos-emily-alejandra-y-javier-ana-luz-ramos-y-emilio-cordero-en-todo-oaxaca-radio-17dic13\/\"\n\t\t\t  \tdata-numposts = \"10\"\n\t\t\t\tdata-colorscheme = \"dark\"\n\t\t\t\tdata-order-by = \"social\"\n\t\t\t\tdata-mobile=true>\n\t\t\t  <\/div>\n\t\t  <style>\n\t\t\t.fb_iframe_widget_fluid_desktop iframe {\n\t\t\t    width: 100% !important;\n\t\t\t}\n\t\t  <\/style>\n\t\t  ","protected":false},"excerpt":{"rendered":"<p>todooaxacaradio.com 19 de diciembre de 2013 Como cada martes, en punto de las 17:00 horas se transmiti\u00f3 el programa Todo Oaxaca Radio completamente en vivo desde la Ciudad de Oaxaca de Ju\u00e1rez, a trav\u00e9s de las frecuencias abiertas 570 AM y 94.9 FM, y para todo el mundo a trav\u00e9s de\u00a0www.todooaxacaradio.com. El programa es conducido [&hellip;]<\/p>\n","protected":false},"author":26,"featured_media":18771,"comment_status":"open","ping_status":"open","sticky":false,"template":"","format":"standard","meta":{"_jetpack_memberships_contains_paid_content":false,"footnotes":""},"categories":[32,12],"tags":[],"class_list":["post-18770","post","type-post","status-publish","format-standard","has-post-thumbnail","hentry","category-entradas","category-todo-oaxaca-radio"],"jetpack_featured_media_url":"https:\/\/www.eloriente.net\/home\/wp-content\/uploads\/2013\/12\/Ni\u00f1os.jpg","jetpack_sharing_enabled":true,"_links":{"self":[{"href":"https:\/\/www.eloriente.net\/home\/wp-json\/wp\/v2\/posts\/18770"}],"collection":[{"href":"https:\/\/www.eloriente.net\/home\/wp-json\/wp\/v2\/posts"}],"about":[{"href":"https:\/\/www.eloriente.net\/home\/wp-json\/wp\/v2\/types\/post"}],"author":[{"embeddable":true,"href":"https:\/\/www.eloriente.net\/home\/wp-json\/wp\/v2\/users\/26"}],"replies":[{"embeddable":true,"href":"https:\/\/www.eloriente.net\/home\/wp-json\/wp\/v2\/comments?post=18770"}],"version-history":[{"count":3,"href":"https:\/\/www.eloriente.net\/home\/wp-json\/wp\/v2\/posts\/18770\/revisions"}],"predecessor-version":[{"id":18774,"href":"https:\/\/www.eloriente.net\/home\/wp-json\/wp\/v2\/posts\/18770\/revisions\/18774"}],"wp:featuredmedia":[{"embeddable":true,"href":"https:\/\/www.eloriente.net\/home\/wp-json\/wp\/v2\/media\/18771"}],"wp:attachment":[{"href":"https:\/\/www.eloriente.net\/home\/wp-json\/wp\/v2\/media?parent=18770"}],"wp:term":[{"taxonomy":"category","embeddable":true,"href":"https:\/\/www.eloriente.net\/home\/wp-json\/wp\/v2\/categories?post=18770"},{"taxonomy":"post_tag","embeddable":true,"href":"https:\/\/www.eloriente.net\/home\/wp-json\/wp\/v2\/tags?post=18770"}],"curies":[{"name":"wp","href":"https:\/\/api.w.org\/{rel}","templated":true}]}}