{"id":18776,"date":"2013-12-20T10:41:15","date_gmt":"2013-12-20T16:41:15","guid":{"rendered":"http:\/\/www.eloriente.net\/home\/?p=18776"},"modified":"2013-12-20T10:47:41","modified_gmt":"2013-12-20T16:47:41","slug":"implementa-municipio-de-aguascalientes-modelo-de-constatacion-ciudadana","status":"publish","type":"post","link":"https:\/\/www.eloriente.net\/home\/2013\/12\/20\/implementa-municipio-de-aguascalientes-modelo-de-constatacion-ciudadana\/","title":{"rendered":"Municipio de Aguascalientes implementa Modelo de Constataci\u00f3n Ciudadana"},"content":{"rendered":"<p>eloriente.net\/<a href=\"http:\/\/www.ags.gob.mx\/\" target=\"_blank\">Ayuntamiento de Aguascalientes<\/a><\/p>\n<p>20 de diciembre de 2013<\/p>\n<p><a href=\"http:\/\/www.eloriente.net\/home\/wp-content\/uploads\/2013\/12\/AGS.jpg\"><img loading=\"lazy\" decoding=\"async\" class=\"alignnone size-medium wp-image-18783\" title=\"Palacio municipal de Aguascalientes\" src=\"http:\/\/www.eloriente.net\/home\/wp-content\/uploads\/2013\/12\/AGS-300x200.jpg\" alt=\"\" width=\"300\" height=\"200\" srcset=\"https:\/\/www.eloriente.net\/home\/wp-content\/uploads\/2013\/12\/AGS-300x200.jpg 300w, https:\/\/www.eloriente.net\/home\/wp-content\/uploads\/2013\/12\/AGS.jpg 700w\" sizes=\"(max-width: 300px) 100vw, 300px\" \/><\/a><\/p>\n<p>Foto: presidencia.gob.mx<\/p>\n<p>&nbsp;<\/p>\n<p><strong>El Modelo de Constataci\u00f3n Ciudadana permite a las personas conocer y supervisar las acciones del Gobierno Municipal.<\/strong><\/p>\n<p><strong>Destaca la Alcaldesa Lorena Mart\u00ednez la importancia de conjuntar voluntades con la ciudadan\u00eda para consolidar una sociedad m\u00e1s unida.<\/strong><\/p>\n<p><strong><\/strong><strong>Integrantes de dicho organismo avalaron\u00a0 esta visi\u00f3n e iniciativa de la Presidenta Municipal.<\/strong><\/p>\n<p>La Alcaldesa de Aguascalientes, Lorena Mart\u00ednez, sostuvo una encuentro con integrantes del\u00a0 Consejo Ciudadano del Buen Gobierno, en el que se presentaron los avances del Modelo de Constataci\u00f3n Ciudadana, esquema gracias al cual la sociedad civil conoce y supervisa la acciones del quehacer gubernamental.<\/p>\n<p>\u201cHoy creo que estamos en el momento exacto donde podemos empoderar al ciudadano, por eso nosotros hablamos de Gobernanza en un claro esfuerzo de entrar a ver qu\u00e9 tenemos que hacer para darle ese sentido de pertenencia al ciudadano\u201d.<\/p>\n<p>En el marco de la reuni\u00f3n celebrada en el Sal\u00f3n Presidentes de Palacio Municipal, la Alcaldesa Capitalina celebr\u00f3 que la administraci\u00f3n que encabeza sea la primera en ser evaluada de manera integral por dicho organismo para avanzar en la mejora constante\u00a0 y brindar a la poblaci\u00f3n la oportunidad de participar en la b\u00fasqueda de soluciones.<\/p>\n<p>\u201cSe necesita una gran vocaci\u00f3n de servir como la de ustedes, reconocer esa enorme disposici\u00f3n por querer construir una mejor ciudad para vivir, cada una de sus recomendaciones las hemos tomado con absoluta seriedad para entrar en un c\u00edrculo virtuoso de ser gobiernos m\u00e1s eficientes y que den resultado\u201d.<\/p>\n<p>En su intervenci\u00f3n, Pedro Mu\u00f1oz Garza, Presidente del Consejo Ciudadano del Buen Gobierno, hizo hincapi\u00e9 en extender los alcances de este modelo de Constataci\u00f3n para proporcionar a la sociedad las herramientas que fortalezcan su participaci\u00f3n dentro de las instituciones gubernamentales.<\/p>\n<p>\u201cQueremos ayudar a que la ciudadan\u00eda se pueda capacitar en temas de transparencia, rendici\u00f3n de cuentas, sus derechos y obligaciones, hay problemas porque la ciudadan\u00eda no sabe lo que se hace en el gobierno, no tiene conocimiento de qu\u00e9 es competencia Federal o Municipal y nosotros queremos ayudar en ese y otros temas\u201d.<\/p>\n<p>El Rector de la Universidad del Valle de M\u00e9xico (UVM) e integrante del Consejo, Jorge Ram\u00edrez Jim\u00e9nez, reconoci\u00f3 a t\u00edtulo personal y de qui\u00e9nes conforman este organismo la disposici\u00f3n, la visi\u00f3n y la iniciativa de la Alcaldesa Lorena Mart\u00ednez, de buscar en la ciudadan\u00eda la evaluaci\u00f3n para implementar mecanismos de mejora continua.<\/p>\n<p>\u201cLlevar hacia la ciudadan\u00eda el mejor de los resultados, su gesti\u00f3n ha sido caracterizada porque los ciudadanos nos podemos involucrar para coadyuvar en esos objetivos y podamos de manera respetuosa opinar cuando las l\u00edneas no se est\u00e1n siguiendo como lo planeaci\u00f3n lo establec\u00eda\u201d.<\/p>\n<p>Por su parte, Ernesto Miranda Tamborrel, Presidente Honorario del Consejo, recalc\u00f3 que este modelo sienta las bases para que la ciudadan\u00eda sea part\u00edcipe del desarrollo y el progreso de las ciudades.<\/p>\n<p>\u201cEl problema es que no participamos como debemos participar y a final de cuentas los gobiernos tampoco se desarrollan porque hacen funciones que no le corresponden. Yo lo veo como una apertura para que avancemos\u201d.<\/p>\n<p>Asimismo, se dio a conocer que gracias al \u00e9xito de este Modelo de Constataci\u00f3n Ciudadana y del Observatorio Ciudadano Municipal, el Centro de Investigaci\u00f3n y Docencias Econ\u00f3micas (CIDE) lo ha adoptado como estrategia de an\u00e1lisis a fin de potenciarlo y replicarlo en otras \u00e1reas.<\/p>\n<p>Al hacer uso de la voz, la Coordinadora del Observatorio Ciudadano de Transparencia y Gesti\u00f3n Municipal, Sara Patricia Ram\u00edrez Dom\u00ednguez, extern\u00f3 su benepl\u00e1cito por la colaboraci\u00f3n ciudadana ante esta iniciativa gracias a la cual se entregar\u00e1 un gobierno ordenado y que permite que las personas conozcan las funciones y procedimientos de cada una de las dependencias.<\/p>\n<p>\u201cSe cre\u00f3 una evaluaci\u00f3n que no es s\u00f3lo de percepci\u00f3n sino que es cuantificable y evaluable de c\u00f3mo est\u00e1 valorada por la ciudadan\u00eda la gesti\u00f3n Municipal. Conjuntamos los esfuerzos de todo el Municipio para que con el esfuerzo de los ciudadanos se pudiera vincular y tener una evaluaci\u00f3n de ciudadan\u00eda a gobierno de forma metodol\u00f3gica y ordenada al grado que Municipios de la Rep\u00fablica quieren venir a ver c\u00f3mo funciona\u201d.<\/p>\n<p>El Consejo Ciudadano del Buen Gobierno es un organismo aut\u00f3nomo y de representatividad ciudadana que promueve una cultura de productividad y competitividad, eficientando la funci\u00f3n p\u00fablica de los distintos niveles de\u00a0 gobierno, impuls\u00e1ndolo a ser una gesti\u00f3n de las mejores en el mundo, que cumpla sus funciones con efectividad mediante la perfecci\u00f3n de las acciones logrando la certificaci\u00f3n social.<\/p>\n<p>&nbsp;<\/p>\n<p><iframe loading=\"lazy\" src=\"\/\/www.youtube.com\/embed\/HXufy_vBrPM\" frameborder=\"0\" width=\"560\" height=\"315\"><\/iframe><\/p>\n<p>Video: <a href=\"http:\/\/www.gobiernosconfiables.org\/\" target=\"_blank\">Fundaci\u00f3n Internacional para el Desarrollo de Gobiernos Confiables<\/a> (FIDEGOC)<\/p>\n<p>&nbsp;<\/p>\n<p><strong>Entradas relacionadas:\u00a0<\/strong><\/p>\n<p><a title=\"Permalink to Objetivos de Desarrollo Sostenible, un reto urgente para toda la ciudadan\u00eda\" href=\"http:\/\/www.eloriente.net\/home\/2013\/12\/17\/objetivos-de-desarrollo-sostenible-un-reto-urgente-para-toda-la-ciudadania\/\" rel=\"bookmark\">Objetivos de Desarrollo Sostenible, un reto urgente para toda la ciudadan\u00eda<\/a><\/p>\n<p><a href=\"http:\/\/www.eloriente.net\/home\/2013\/12\/17\/objetivos-de-desarrollo-sostenible-un-reto-urgente-para-toda-la-ciudadania\/\" rel=\"bookmark\"><img decoding=\"async\" title=\"Objetivos de Desarrollo Sostenible, un reto urgente para toda la ciudadan\u00eda\" src=\"http:\/\/www.eloriente.net\/home\/wp-content\/themes\/city-desk\/timthumb.php?src=http%3A%2F%2Fwww.eloriente.net%2Fhome%2Fwp-content%2Fuploads%2F2013%2F12%2FDerechos-humanos.jpg&amp;q=90&amp;w=160&amp;h=106&amp;zc=1\" alt=\"Objetivos de Desarrollo Sostenible, un reto urgente para toda la ciudadan\u00eda\" \/><\/a><\/p>\n<p>eloriente.net\/OEI D\u00e9cada\u00a0 17 de diciembre de 2013 \u2018D\u00e9cada de la educaci\u00f3n por un futuro sostenible\u2019, \u00f3rgano perteneciente a la Organizaci\u00f3n de las Naciones Unidas para la Educaci\u00f3n, la Ciencia y la Cultura (UNESCO), ha promovido cada a\u00f1o la celebraci\u00f3n del 10 de diciembre, D\u00eda Internacional de los Derechos Humanos, insistiendo en la estrecha vinculaci\u00f3n entre [&#8230;]<\/p>\n<p>December 17, 2013<\/p>\n<p><a title=\"Permalink to Oaxaca se ubica en quinto lugar del \u00cdndice de Informaci\u00f3n Presupuestal: IMCO\" href=\"http:\/\/www.eloriente.net\/home\/2013\/11\/29\/oaxaca-se-ubica-en-quinto-lugar-del-indice-de-informacion-presupuestal-imco\/\" rel=\"bookmark\">Oaxaca se ubica en quinto lugar del \u00cdndice de Informaci\u00f3n Presupuestal: IMCO<\/a><\/p>\n<p><a href=\"http:\/\/www.eloriente.net\/home\/2013\/11\/29\/oaxaca-se-ubica-en-quinto-lugar-del-indice-de-informacion-presupuestal-imco\/\" rel=\"bookmark\"><img decoding=\"async\" title=\"Oaxaca se ubica en quinto lugar del \u00cdndice de Informaci\u00f3n Presupuestal: IMCO\" src=\"http:\/\/www.eloriente.net\/home\/wp-content\/themes\/city-desk\/timthumb.php?src=http%3A%2F%2Fwww.eloriente.net%2Fhome%2Fwp-content%2Fuploads%2F2013%2F11%2FIIPE2013.jpg&amp;q=90&amp;w=160&amp;h=106&amp;zc=1\" alt=\"Oaxaca se ubica en quinto lugar del \u00cdndice de Informaci\u00f3n Presupuestal: IMCO\" \/><\/a><\/p>\n<p>eloriente.net 29 de noviembre de 2013 El Instituto Mexicano para la Competividad (IMCO) public\u00f3 el \u00cdndice de Informaci\u00f3n Presupuestal Estatal 2013, donde ubic\u00f3 a Oaxaca en la quinta posici\u00f3n de mejores pr\u00e1cticas de las autoridades locales en materia de la publicaci\u00f3n del manejo y recurso del presupuesto econ\u00f3mico del Estado. Oaxaca se posicion\u00f3 con un [&#8230;]<\/p>\n<p>November 29, 2013<\/p>\n<p><a title=\"Permalink to Participaci\u00f3n infantil en ejercicio de formaci\u00f3n ciudadana\" href=\"http:\/\/www.eloriente.net\/home\/2013\/11\/28\/participacion-infantil-en-ejercicio-de-formacion-ciudadana\/\" rel=\"bookmark\">Participaci\u00f3n infantil en ejercicio de formaci\u00f3n ciudadana<\/a><\/p>\n<p><a href=\"http:\/\/www.eloriente.net\/home\/2013\/11\/28\/participacion-infantil-en-ejercicio-de-formacion-ciudadana\/\" rel=\"bookmark\"><img decoding=\"async\" title=\"Participaci\u00f3n infantil en ejercicio de formaci\u00f3n ciudadana\" src=\"http:\/\/www.eloriente.net\/home\/wp-content\/themes\/city-desk\/timthumb.php?src=http%3A%2F%2Fwww.eloriente.net%2Fhome%2Fwp-content%2Fuploads%2F2013%2F11%2FFOTO-3.jpg&amp;q=90&amp;w=160&amp;h=106&amp;zc=1\" alt=\"Participaci\u00f3n infantil en ejercicio de formaci\u00f3n ciudadana\" \/><\/a><\/p>\n<p>eloriente.net\/IFE Oaxaca 28 de noviembre de 2013 Durante la Convenci\u00f3n Distrital para elegir a integrantes del 9\u00ba Parlamento Infantil, Roberto Heycher Cardiel Soto, Delegado del IFE, se\u00f1al\u00f3 que hoy la ni\u00f1ez reflexiona sobre temas sustantivos de nuestra democracia. \u201cTres retos a superar tenemos las y los mexicanos en el camino del fortalecimiento de la democracia [&#8230;]<\/p>\n<p>November 28, 2013<\/p>\n\n\t\t\t  <div \n\t\t\t  \tclass = \"fb-comments\" \n\t\t\t  \tdata-href = \"https:\/\/www.eloriente.net\/home\/2013\/12\/20\/implementa-municipio-de-aguascalientes-modelo-de-constatacion-ciudadana\/\"\n\t\t\t  \tdata-numposts = \"10\"\n\t\t\t\tdata-colorscheme = \"dark\"\n\t\t\t\tdata-order-by = \"social\"\n\t\t\t\tdata-mobile=true>\n\t\t\t  <\/div>\n\t\t  <style>\n\t\t\t.fb_iframe_widget_fluid_desktop iframe {\n\t\t\t    width: 100% !important;\n\t\t\t}\n\t\t  <\/style>\n\t\t  ","protected":false},"excerpt":{"rendered":"<p>eloriente.net\/Ayuntamiento de Aguascalientes 20 de diciembre de 2013 Foto: presidencia.gob.mx &nbsp; El Modelo de Constataci\u00f3n Ciudadana permite a las personas conocer y supervisar las acciones del Gobierno Municipal. Destaca la Alcaldesa Lorena Mart\u00ednez la importancia de conjuntar voluntades con la ciudadan\u00eda para consolidar una sociedad m\u00e1s unida. Integrantes de dicho organismo avalaron\u00a0 esta visi\u00f3n e [&hellip;]<\/p>\n","protected":false},"author":26,"featured_media":18783,"comment_status":"open","ping_status":"open","sticky":false,"template":"","format":"standard","meta":{"_jetpack_memberships_contains_paid_content":false,"footnotes":""},"categories":[3,10,23,21],"tags":[],"class_list":["post-18776","post","type-post","status-publish","format-standard","has-post-thumbnail","hentry","category-canal-1-tu-aula","category-lo-mas-reciente","category-municipios","category-politica-y-gobierno"],"jetpack_featured_media_url":"https:\/\/www.eloriente.net\/home\/wp-content\/uploads\/2013\/12\/AGS.jpg","jetpack_sharing_enabled":true,"_links":{"self":[{"href":"https:\/\/www.eloriente.net\/home\/wp-json\/wp\/v2\/posts\/18776"}],"collection":[{"href":"https:\/\/www.eloriente.net\/home\/wp-json\/wp\/v2\/posts"}],"about":[{"href":"https:\/\/www.eloriente.net\/home\/wp-json\/wp\/v2\/types\/post"}],"author":[{"embeddable":true,"href":"https:\/\/www.eloriente.net\/home\/wp-json\/wp\/v2\/users\/26"}],"replies":[{"embeddable":true,"href":"https:\/\/www.eloriente.net\/home\/wp-json\/wp\/v2\/comments?post=18776"}],"version-history":[{"count":8,"href":"https:\/\/www.eloriente.net\/home\/wp-json\/wp\/v2\/posts\/18776\/revisions"}],"predecessor-version":[{"id":18784,"href":"https:\/\/www.eloriente.net\/home\/wp-json\/wp\/v2\/posts\/18776\/revisions\/18784"}],"wp:featuredmedia":[{"embeddable":true,"href":"https:\/\/www.eloriente.net\/home\/wp-json\/wp\/v2\/media\/18783"}],"wp:attachment":[{"href":"https:\/\/www.eloriente.net\/home\/wp-json\/wp\/v2\/media?parent=18776"}],"wp:term":[{"taxonomy":"category","embeddable":true,"href":"https:\/\/www.eloriente.net\/home\/wp-json\/wp\/v2\/categories?post=18776"},{"taxonomy":"post_tag","embeddable":true,"href":"https:\/\/www.eloriente.net\/home\/wp-json\/wp\/v2\/tags?post=18776"}],"curies":[{"name":"wp","href":"https:\/\/api.w.org\/{rel}","templated":true}]}}