{"id":20138,"date":"2014-01-25T13:33:16","date_gmt":"2014-01-25T19:33:16","guid":{"rendered":"http:\/\/www.eloriente.net\/home\/?p=20138"},"modified":"2014-01-25T13:33:16","modified_gmt":"2014-01-25T19:33:16","slug":"municipio-de-oaxaca-busca-solucion-a-crisis-entre-mototaxistas","status":"publish","type":"post","link":"https:\/\/www.eloriente.net\/home\/2014\/01\/25\/municipio-de-oaxaca-busca-solucion-a-crisis-entre-mototaxistas\/","title":{"rendered":"Municipio de Oaxaca busca soluci\u00f3n a crisis entre mototaxistas"},"content":{"rendered":"<p>eloriente.net\/<a href=\"http:\/\/www.municipiodeoaxaca.gob.mx\/\" target=\"_blank\">Ayuntamiento de Oaxaca de Ju\u00e1rez<\/a><\/p>\n<p>25 de enero de 2014<\/p>\n<p>A fin de coadyuvar en la b\u00fasqueda de una soluci\u00f3n a la crisis que mantiene enfrentados a diferentes organizaciones de mototaxis que operan en la capital oaxaque\u00f1a, el Presidente Municipal de Oaxaca de Ju\u00e1rez, Javier Villaca\u00f1a Jim\u00e9nez, solicitar\u00e1 a las autoridades correspondientes del gobierno estatal una mesa de atenci\u00f3n de alto nivel.<\/p>\n<p>Reiter\u00f3 su llamado a las dirigencias y trabajadores del volante de Mototaxis a encauzar por la v\u00eda del di\u00e1logo y la negociaci\u00f3n las diferencias que tienen en relaci\u00f3n a las rutas asignadas por la Secretar\u00eda de Vialidad y Transporte, as\u00ed como tarifas y permisos de circulaci\u00f3n.<\/p>\n<p>El mun\u00edcipe de la ciudad de Oaxaca de Ju\u00e1rez reafirm\u00f3 el compromiso de las autoridades locales por resguardar el orden entre los ciudadanos y los sectores organizados, y garantizar el libre tr\u00e1nsito en las calles de la capital del estado.<\/p>\n<p>El titular de la Comisi\u00f3n de Seguridad P\u00fablica, Vialidad, Transporte y Protecci\u00f3n Civil, dijo, tiene instrucciones precisas de restablecer la seguridad ciudadana, velar por los intereses de los capitalinos, asegurar el libre tr\u00e1nsito en las calles de la ciudad y evitar enfrentamientos.<\/p>\n<p>&nbsp;<\/p>\n<p><a href=\"http:\/\/www.eloriente.net\/home\/wp-content\/uploads\/2014\/01\/mototaxis.jpg\"><img loading=\"lazy\" decoding=\"async\" class=\"alignnone size-medium wp-image-20139\" title=\"OLYMPUS DIGITAL CAMERA\" src=\"http:\/\/www.eloriente.net\/home\/wp-content\/uploads\/2014\/01\/mototaxis-300x235.jpg\" alt=\"\" width=\"300\" height=\"235\" srcset=\"https:\/\/www.eloriente.net\/home\/wp-content\/uploads\/2014\/01\/mototaxis-300x235.jpg 300w, https:\/\/www.eloriente.net\/home\/wp-content\/uploads\/2014\/01\/mototaxis-1024x802.jpg 1024w, https:\/\/www.eloriente.net\/home\/wp-content\/uploads\/2014\/01\/mototaxis.jpg 1125w\" sizes=\"(max-width: 300px) 100vw, 300px\" \/><\/a><\/p>\n<p>Foto:\u00a0<a id=\"yui_3_11_0_3_1390677850958_1163\" href=\"http:\/\/www.flickr.com\/photos\/waywuwei\/\" data-track=\"photoAttributionNameClick\" data-rapid_p=\"3\">waywuwei<\/a><\/p>\n<p>&nbsp;<\/p>\n<p><strong>Entradas relacionadas:<\/strong><\/p>\n<p><a title=\"Permalink to 23\/Ene\/14 11:00 En vivo: Sesi\u00f3n \u201cLa Promesa de la Alianza del Pac\u00edfico\u201d\" href=\"http:\/\/www.eloriente.net\/home\/2014\/01\/23\/23ene14-1100-en-vivo-sesion-la-promesa-de-la-alianza-del-pacifico\/\" rel=\"bookmark\">23\/Ene\/14 11:00 En vivo: Sesi\u00f3n \u201cLa Promesa de la Alianza del Pac\u00edfico\u201d<\/a><\/p>\n<p><a href=\"http:\/\/www.eloriente.net\/home\/2014\/01\/23\/23ene14-1100-en-vivo-sesion-la-promesa-de-la-alianza-del-pacifico\/\" rel=\"bookmark\"><img decoding=\"async\" title=\"23\/Ene\/14 11:00 En vivo: Sesi\u00f3n \u201cLa Promesa de la Alianza del Pac\u00edfico\u201d\" src=\"http:\/\/www.eloriente.net\/home\/wp-content\/themes\/city-desk\/timthumb.php?src=http%3A%2F%2Fwww.eloriente.net%2Fhome%2Fwp-content%2Fuploads%2F2014%2F01%2FAlianza.png&amp;q=90&amp;w=160&amp;h=106&amp;zc=1\" alt=\"23\/Ene\/14 11:00 En vivo: Sesi\u00f3n \u201cLa Promesa de la Alianza del Pac\u00edfico\u201d\" \/><\/a><\/p>\n<p>eloriente.net 23 de enero de 2014 La Alianza del Pac\u00edfico potencia Latinoam\u00e9rica: Felipe Larra\u00edn.\u00a0 Durante la tarde de este d\u00eda en Davos, Suiza, (11:00 horas tiempo de M\u00e9xico), se lleva a cabo la sesi\u00f3n \u201cLa Promesa de la Alianza del Pac\u00edfico\u201d, en el marco de\u00a0la reuni\u00f3n anual del Foro Econ\u00f3mico Mundial (FEM) que se lleva [&#8230;]<\/p>\n<p>January 23, 2014<\/p>\n<p><a title=\"Permalink to Cruzada contra el Hambre proporciona alimentos a personas en pobreza extrema\" href=\"http:\/\/www.eloriente.net\/home\/2014\/01\/22\/cruzada-contra-el-hambre-proporciona-alimentacion-a-personas-en-pobreza-extrema\/\" rel=\"bookmark\">Cruzada contra el Hambre proporciona alimentos a personas en pobreza extrema<\/a><\/p>\n<p><a href=\"http:\/\/www.eloriente.net\/home\/2014\/01\/22\/cruzada-contra-el-hambre-proporciona-alimentacion-a-personas-en-pobreza-extrema\/\" rel=\"bookmark\"><img decoding=\"async\" title=\"Cruzada contra el Hambre proporciona alimentos a personas en pobreza extrema\" src=\"http:\/\/www.eloriente.net\/home\/wp-content\/themes\/city-desk\/timthumb.php?src=http%3A%2F%2Fwww.eloriente.net%2Fhome%2Fwp-content%2Fuploads%2F2014%2F01%2F051.jpg&amp;q=90&amp;w=160&amp;h=106&amp;zc=1\" alt=\"Cruzada contra el Hambre proporciona alimentos a personas en pobreza extrema\" \/><\/a><\/p>\n<p>eloriente.net\/Ayuntamiento de Oaxaca de Ju\u00e1rez 22 de enero de 2014 En coordinaci\u00f3n con funcionarios de la delegaci\u00f3n federal de SEDESOL, el Ayuntamiento de Oaxaca de Ju\u00e1rez, a trav\u00e9s de la Secretar\u00eda de Desarrollo Humano inici\u00f3 la planeaci\u00f3n para la conformaci\u00f3n de comit\u00e9s comunitarios de la Cruzada Nacional Contra el Hambre. Al respecto, el Secretario de [&#8230;]<\/p>\n<p>January 22, 2014<\/p>\n<p><a title=\"Permalink to \u00bfC\u00f3mo votaron los diputados federales de Oaxaca ante Reformas Estructurales?\" href=\"http:\/\/www.eloriente.net\/home\/2014\/01\/21\/como-votaron-los-diputados-federales-de-oaxaca-ante-reformas-estructurales\/\" rel=\"bookmark\">\u00bfC\u00f3mo votaron los diputados federales de Oaxaca ante Reformas Estructurales?<\/a><\/p>\n<p><a href=\"http:\/\/www.eloriente.net\/home\/2014\/01\/21\/como-votaron-los-diputados-federales-de-oaxaca-ante-reformas-estructurales\/\" rel=\"bookmark\"><img decoding=\"async\" title=\"\u00bfC\u00f3mo votaron los diputados federales de Oaxaca ante Reformas Estructurales?\" src=\"http:\/\/www.eloriente.net\/home\/wp-content\/themes\/city-desk\/timthumb.php?src=http%3A%2F%2Fwww.eloriente.net%2Fhome%2Fwp-content%2Fuploads%2F2013%2F03%2Fsan-lazaro.jpg&amp;q=90&amp;w=160&amp;h=106&amp;zc=1\" alt=\"\u00bfC\u00f3mo votaron los diputados federales de Oaxaca ante Reformas Estructurales?\" \/><\/a><\/p>\n<p>eloriente.net 21 de enero de 2014 Durante el a\u00f10 2013, el Gobierno de la Rep\u00fablica, logr\u00f3 la aprobaci\u00f3n de las Reformas Estructurales en materia de educaci\u00f3n, telecomunicaciones, hacendaria y energ\u00e9tica, a pesar de la fuerte discrepancia entre diversos miembros y fracciones de las c\u00e1maras de Diputados y de Senadores. Por esta raz\u00f3n, el portal de [&#8230;]<\/p>\n<p>January 21, 2014<\/p>\n\n\t\t\t  <div \n\t\t\t  \tclass = \"fb-comments\" \n\t\t\t  \tdata-href = \"https:\/\/www.eloriente.net\/home\/2014\/01\/25\/municipio-de-oaxaca-busca-solucion-a-crisis-entre-mototaxistas\/\"\n\t\t\t  \tdata-numposts = \"10\"\n\t\t\t\tdata-colorscheme = \"dark\"\n\t\t\t\tdata-order-by = \"social\"\n\t\t\t\tdata-mobile=true>\n\t\t\t  <\/div>\n\t\t  <style>\n\t\t\t.fb_iframe_widget_fluid_desktop iframe {\n\t\t\t    width: 100% !important;\n\t\t\t}\n\t\t  <\/style>\n\t\t  ","protected":false},"excerpt":{"rendered":"<p>eloriente.net\/Ayuntamiento de Oaxaca de Ju\u00e1rez 25 de enero de 2014 A fin de coadyuvar en la b\u00fasqueda de una soluci\u00f3n a la crisis que mantiene enfrentados a diferentes organizaciones de mototaxis que operan en la capital oaxaque\u00f1a, el Presidente Municipal de Oaxaca de Ju\u00e1rez, Javier Villaca\u00f1a Jim\u00e9nez, solicitar\u00e1 a las autoridades correspondientes del gobierno estatal [&hellip;]<\/p>\n","protected":false},"author":26,"featured_media":20139,"comment_status":"open","ping_status":"open","sticky":false,"template":"","format":"standard","meta":{"_jetpack_memberships_contains_paid_content":false,"footnotes":""},"categories":[10,23,21],"tags":[128,132,133,129,73,130,131],"class_list":["post-20138","post","type-post","status-publish","format-standard","has-post-thumbnail","hentry","category-lo-mas-reciente","category-municipios","category-politica-y-gobierno","tag-ayuntamiento","tag-capital-2","tag-ciudadanos","tag-mototaxis","tag-oaxaca","tag-regulacion","tag-transporte"],"jetpack_featured_media_url":"https:\/\/www.eloriente.net\/home\/wp-content\/uploads\/2014\/01\/mototaxis.jpg","jetpack_sharing_enabled":true,"_links":{"self":[{"href":"https:\/\/www.eloriente.net\/home\/wp-json\/wp\/v2\/posts\/20138"}],"collection":[{"href":"https:\/\/www.eloriente.net\/home\/wp-json\/wp\/v2\/posts"}],"about":[{"href":"https:\/\/www.eloriente.net\/home\/wp-json\/wp\/v2\/types\/post"}],"author":[{"embeddable":true,"href":"https:\/\/www.eloriente.net\/home\/wp-json\/wp\/v2\/users\/26"}],"replies":[{"embeddable":true,"href":"https:\/\/www.eloriente.net\/home\/wp-json\/wp\/v2\/comments?post=20138"}],"version-history":[{"count":2,"href":"https:\/\/www.eloriente.net\/home\/wp-json\/wp\/v2\/posts\/20138\/revisions"}],"predecessor-version":[{"id":20141,"href":"https:\/\/www.eloriente.net\/home\/wp-json\/wp\/v2\/posts\/20138\/revisions\/20141"}],"wp:featuredmedia":[{"embeddable":true,"href":"https:\/\/www.eloriente.net\/home\/wp-json\/wp\/v2\/media\/20139"}],"wp:attachment":[{"href":"https:\/\/www.eloriente.net\/home\/wp-json\/wp\/v2\/media?parent=20138"}],"wp:term":[{"taxonomy":"category","embeddable":true,"href":"https:\/\/www.eloriente.net\/home\/wp-json\/wp\/v2\/categories?post=20138"},{"taxonomy":"post_tag","embeddable":true,"href":"https:\/\/www.eloriente.net\/home\/wp-json\/wp\/v2\/tags?post=20138"}],"curies":[{"name":"wp","href":"https:\/\/api.w.org\/{rel}","templated":true}]}}