{"id":22091,"date":"2014-03-05T08:59:23","date_gmt":"2014-03-05T14:59:23","guid":{"rendered":"http:\/\/www.eloriente.net\/home\/?p=22091"},"modified":"2014-03-05T11:01:10","modified_gmt":"2014-03-05T17:01:10","slug":"imparten-cursos-y-talleres-sobre-metodos-en-ensenanza-de-idiomas","status":"publish","type":"post","link":"https:\/\/www.eloriente.net\/home\/2014\/03\/05\/imparten-cursos-y-talleres-sobre-metodos-en-ensenanza-de-idiomas\/","title":{"rendered":"UABJO imparten cursos sobre m\u00e9todos en ense\u00f1anza de idiomas"},"content":{"rendered":"<p>eloriente.net\/<a href=\"http:\/\/www.uabjo.mx\" target=\"_blank\">UABJO<\/a><\/p>\n<p>5 de marzo de 2014<\/p>\n<p>La Facultad de Idiomas de la Universidad Aut\u00f3noma Benito Ju\u00e1rez de Oaxaca (UABJO) contin\u00faa impulsando la atenci\u00f3n integral de sus estudiantes mediante novedosas ofertas educativas, muestra de ello, fueron los cursos intersemestrales y talleres que docentes y colaboradores de la instituci\u00f3n han impartido durante enero y febrero de este a\u00f1o en su sede de Ciudad Universitaria y en las extensiones de Tehuantepec y Puerto Escondido.<\/p>\n<p>Estos cursos y talleres se dirigen a quienes cursan las modalidades escolarizada y semiescolarizada de la Licenciatura en Ense\u00f1anza de Idiomas, a fin de cumplir con los ejes integrales del Plan de Desarrollo Institucional 2012-2016 (PID) de la Administraci\u00f3n Universitaria.<\/p>\n<p>Incluyendo sus extensiones de Tehuantepec y Puerto Escondido, las capacitaciones brindadas abordaron los temas \u201cDise\u00f1o curricular\u201d, \u201cLos mitos m\u00e1s comunes en la ense\u00f1anza de espa\u00f1ol para extranjeros\u201d, \u201cEnsayo interpretativo de obras literarias\u201d e \u201cIntroducci\u00f3n a la poes\u00eda contempor\u00e1nea\u201d y fueron impartidos por los maestros Guadalupe \u00c1ngela Ram\u00edrez, Edwin Le\u00f3n y Jes\u00fas Rito.<\/p>\n<p>Asimismo, el programa de cursos y talleres intersemestrales ofrecido por la Facultad de Idiomas incluy\u00f3 los de \u201cAtelier de introducci\u00f3n al franc\u00e9s\u201d, \u201cLas ventajas de ense\u00f1ar la fon\u00e9tica y \u2018phonics\u2019 a estudiantes de ingl\u00e9s como L2\u201d, \u201cActividades l\u00fadicas en el aula\u201d, \u201cTaller de regularizaci\u00f3n de ingl\u00e9s Nivel B\u00e1sico\u201d, \u201cIntroducci\u00f3n al Dise\u00f1o Curricular\u201d y \u201cBuilding Bridges for New Learning\u201d (Construyendo puentes para el nuevo aprendizaje).<\/p>\n<p>De acuerdo con la directora del plantel, Guadalupe \u00c1ngela Ram\u00edrez Victoria, la iniciativa busca inculcar en los estudiantes de idiomas los valores que sustentan el Plan Institucional de Desarrollo de la UABJO, como son la Asertividad, el compromiso, la cooperaci\u00f3n, la democracia, el di\u00e1logo, la honestidad, la legalidad, la solidaridad y la uni\u00f3n de los universitarios.<\/p>\n<p>&nbsp;<\/p>\n<p><a href=\"http:\/\/www.eloriente.net\/home\/wp-content\/uploads\/2014\/03\/Idiomas-Por-UABJO.jpg\"><img loading=\"lazy\" decoding=\"async\" class=\"alignnone size-medium wp-image-22092\" title=\"Idiomas-Por UABJO\" src=\"http:\/\/www.eloriente.net\/home\/wp-content\/uploads\/2014\/03\/Idiomas-Por-UABJO-300x200.jpg\" alt=\"\" width=\"300\" height=\"200\" srcset=\"https:\/\/www.eloriente.net\/home\/wp-content\/uploads\/2014\/03\/Idiomas-Por-UABJO-300x200.jpg 300w, https:\/\/www.eloriente.net\/home\/wp-content\/uploads\/2014\/03\/Idiomas-Por-UABJO-1024x682.jpg 1024w, https:\/\/www.eloriente.net\/home\/wp-content\/uploads\/2014\/03\/Idiomas-Por-UABJO.jpg 1126w\" sizes=\"(max-width: 300px) 100vw, 300px\" \/><\/a><\/p>\n<p>Foto: UABJO<\/p>\n<p>&nbsp;<\/p>\n<p><strong>Entradas relacionadas:<\/strong><\/p>\n<p><a title=\"Permalink to Rector y legisladores federales llaman a unidad en torno de la UABJO\" href=\"http:\/\/www.eloriente.net\/home\/2014\/03\/03\/llaman-a-unidad-entre-niveles-de-gobierno-y-sociedad-oaxaquena-en-beneficio-de-la-uabjo\/\" rel=\"bookmark\">Rector y legisladores federales llaman a unidad en torno de la UABJO<\/a><\/p>\n<p><a href=\"http:\/\/www.eloriente.net\/home\/2014\/03\/03\/llaman-a-unidad-entre-niveles-de-gobierno-y-sociedad-oaxaquena-en-beneficio-de-la-uabjo\/\" rel=\"bookmark\"><img decoding=\"async\" title=\"Rector y legisladores federales llaman a unidad en torno de la UABJO\" src=\"http:\/\/www.eloriente.net\/home\/wp-content\/themes\/city-desk\/timthumb.php?src=http%3A%2F%2Fwww.eloriente.net%2Fhome%2Fwp-content%2Fuploads%2F2013%2F02%2FBiblioteca_UABJO_Oaxaca_Mexico.jpg&amp;q=90&amp;w=160&amp;h=106&amp;zc=1\" alt=\"Rector y legisladores federales llaman a unidad en torno de la UABJO\" \/><\/a><\/p>\n<p>eloriente.net 3 de marzo de 2014 Este d\u00eda la Universidad Aut\u00f3noma Benito Ju\u00e1rez de Oaxaca (UABJO) por medio de la rector\u00eda, as\u00ed como de tres sindicatos, junto con diputados y senadores oaxaque\u00f1os de la LXII Legislatura Federal, refrendaron su compromiso por una mejor educaci\u00f3n media superior y superior en el Estado de Oaxaca, a trav\u00e9s [&#8230;]<\/p>\n<p>March 3, 2014<\/p>\n<p><a title=\"Permalink to 16% de j\u00f3venes entre 18-22 a\u00f1os tienen acceso a la universidad en Oaxaca\" href=\"http:\/\/www.eloriente.net\/home\/2014\/02\/28\/ciencia-y-tecnologia-rieles-sobre-los-que-oaxaca-debe-transitar-en-materia-educativa\/\" rel=\"bookmark\">16% de j\u00f3venes entre 18-22 a\u00f1os tienen acceso a la universidad en Oaxaca<\/a><\/p>\n<p><a href=\"http:\/\/www.eloriente.net\/home\/2014\/02\/28\/ciencia-y-tecnologia-rieles-sobre-los-que-oaxaca-debe-transitar-en-materia-educativa\/\" rel=\"bookmark\"><img decoding=\"async\" title=\"16% de j\u00f3venes entre 18-22 a\u00f1os tienen acceso a la universidad en Oaxaca\" src=\"http:\/\/www.eloriente.net\/home\/wp-content\/themes\/city-desk\/timthumb.php?src=http%3A%2F%2Fwww.eloriente.net%2Fhome%2Fwp-content%2Fuploads%2F2014%2F02%2Fumar.jpg&amp;q=90&amp;w=160&amp;h=106&amp;zc=1\" alt=\"16% de j\u00f3venes entre 18-22 a\u00f1os tienen acceso a la universidad en Oaxaca\" \/><\/a><\/p>\n<p>eloriente.net 28 de febrero de 2014 La educaci\u00f3n debe considerarse como un factor de progreso, debe responder a las necesidades y al contexto cultural de Oaxaca, as\u00ed lo dictamin\u00f3 el Plan Estatal de Desarrollo 2011-2016 en materia de educaci\u00f3n superior, gestionado por el Gobierno del Estado de Oaxaca, a trav\u00e9s de la Coordinaci\u00f3n General de [&#8230;]<\/p>\n<p>February 28, 2014<\/p>\n<div id=\"post-21692\">\n<p><a title=\"Permalink to Inauguran nuevas aulas para Facultad de Contadur\u00eda y Administraci\u00f3n\" href=\"http:\/\/www.eloriente.net\/home\/2014\/02\/27\/inauguran-nuevas-aulas-para-facultad-de-contaduria-y-administracion\/\" rel=\"bookmark\">Inauguran nuevas aulas para Facultad de Contadur\u00eda y Administraci\u00f3n<\/a><\/p>\n<p><a href=\"http:\/\/www.eloriente.net\/home\/2014\/02\/27\/inauguran-nuevas-aulas-para-facultad-de-contaduria-y-administracion\/\" rel=\"bookmark\"><img decoding=\"async\" title=\"Inauguran nuevas aulas para Facultad de Contadur\u00eda y Administraci\u00f3n\" src=\"http:\/\/www.eloriente.net\/home\/wp-content\/themes\/city-desk\/timthumb.php?src=http%3A%2F%2Fwww.eloriente.net%2Fhome%2Fwp-content%2Fuploads%2F2014%2F02%2Fedificio.jpg&amp;q=90&amp;w=160&amp;h=106&amp;zc=1\" alt=\"Inauguran nuevas aulas para Facultad de Contadur\u00eda y Administraci\u00f3n\" \/><\/a><\/p>\n<p>eloriente.net\/UABJO 27 de febrero de 2014 En el marco de la ceremonia de inicio del ciclo escolar febrero\u2013julio 2014, de la Facultad de Contadur\u00eda y Administraci\u00f3n (FCA) de la Universidad Aut\u00f3noma Benito Ju\u00e1rez de Oaxaca (UABJO), el rector de la M\u00e1xima Casa de Estudios en el estado, Eduardo Mart\u00ednez Helmes, acompa\u00f1ado por Abel Antonio Morales [&#8230;]<\/p>\n<p>February 27, 2014<\/p>\n<\/div>\n\n\t\t\t  <div \n\t\t\t  \tclass = \"fb-comments\" \n\t\t\t  \tdata-href = \"https:\/\/www.eloriente.net\/home\/2014\/03\/05\/imparten-cursos-y-talleres-sobre-metodos-en-ensenanza-de-idiomas\/\"\n\t\t\t  \tdata-numposts = \"10\"\n\t\t\t\tdata-colorscheme = \"dark\"\n\t\t\t\tdata-order-by = \"social\"\n\t\t\t\tdata-mobile=true>\n\t\t\t  <\/div>\n\t\t  <style>\n\t\t\t.fb_iframe_widget_fluid_desktop iframe {\n\t\t\t    width: 100% !important;\n\t\t\t}\n\t\t  <\/style>\n\t\t  ","protected":false},"excerpt":{"rendered":"<p>eloriente.net\/UABJO 5 de marzo de 2014 La Facultad de Idiomas de la Universidad Aut\u00f3noma Benito Ju\u00e1rez de Oaxaca (UABJO) contin\u00faa impulsando la atenci\u00f3n integral de sus estudiantes mediante novedosas ofertas educativas, muestra de ello, fueron los cursos intersemestrales y talleres que docentes y colaboradores de la instituci\u00f3n han impartido durante enero y febrero de este [&hellip;]<\/p>\n","protected":false},"author":26,"featured_media":22092,"comment_status":"open","ping_status":"open","sticky":false,"template":"","format":"standard","meta":{"_jetpack_memberships_contains_paid_content":false,"footnotes":""},"categories":[18,32,10,84],"tags":[511,363,490,514,512,513,182],"class_list":{"0":"post-22091","1":"post","2":"type-post","3":"status-publish","4":"format-standard","5":"has-post-thumbnail","6":"hentry","7":"category-educacion-y-cultura","8":"category-entradas","9":"category-lo-mas-reciente","10":"category-universidades","11":"tag-cursos","12":"tag-ensenanza","14":"tag-frances","15":"tag-idiomas","16":"tag-ingles","17":"tag-uabjo"},"jetpack_featured_media_url":"https:\/\/www.eloriente.net\/home\/wp-content\/uploads\/2014\/03\/Idiomas-Por-UABJO.jpg","jetpack_sharing_enabled":true,"_links":{"self":[{"href":"https:\/\/www.eloriente.net\/home\/wp-json\/wp\/v2\/posts\/22091"}],"collection":[{"href":"https:\/\/www.eloriente.net\/home\/wp-json\/wp\/v2\/posts"}],"about":[{"href":"https:\/\/www.eloriente.net\/home\/wp-json\/wp\/v2\/types\/post"}],"author":[{"embeddable":true,"href":"https:\/\/www.eloriente.net\/home\/wp-json\/wp\/v2\/users\/26"}],"replies":[{"embeddable":true,"href":"https:\/\/www.eloriente.net\/home\/wp-json\/wp\/v2\/comments?post=22091"}],"version-history":[{"count":4,"href":"https:\/\/www.eloriente.net\/home\/wp-json\/wp\/v2\/posts\/22091\/revisions"}],"predecessor-version":[{"id":22095,"href":"https:\/\/www.eloriente.net\/home\/wp-json\/wp\/v2\/posts\/22091\/revisions\/22095"}],"wp:featuredmedia":[{"embeddable":true,"href":"https:\/\/www.eloriente.net\/home\/wp-json\/wp\/v2\/media\/22092"}],"wp:attachment":[{"href":"https:\/\/www.eloriente.net\/home\/wp-json\/wp\/v2\/media?parent=22091"}],"wp:term":[{"taxonomy":"category","embeddable":true,"href":"https:\/\/www.eloriente.net\/home\/wp-json\/wp\/v2\/categories?post=22091"},{"taxonomy":"post_tag","embeddable":true,"href":"https:\/\/www.eloriente.net\/home\/wp-json\/wp\/v2\/tags?post=22091"}],"curies":[{"name":"wp","href":"https:\/\/api.w.org\/{rel}","templated":true}]}}