{"id":23933,"date":"2014-04-08T13:31:25","date_gmt":"2014-04-08T19:31:25","guid":{"rendered":"http:\/\/www.eloriente.net\/home\/?p=23933"},"modified":"2014-04-08T13:31:25","modified_gmt":"2014-04-08T19:31:25","slug":"anuncia-seccion-22-movilizaciones-contra-las-reformas-al-sector-campesino","status":"publish","type":"post","link":"https:\/\/www.eloriente.net\/home\/2014\/04\/08\/anuncia-seccion-22-movilizaciones-contra-las-reformas-al-sector-campesino\/","title":{"rendered":"Anuncia secci\u00f3n 22 movilizaciones contra las reformas al sector campesino"},"content":{"rendered":"<p>eloriente.net<\/p>\n<p>8 de abril de 2014<\/p>\n<p>Miembros de la regi\u00f3n de Valles Centrales de la secci\u00f3n 22 del Sindicato Nacional de Trabajadores de la Educaci\u00f3n (SNTE) se dar\u00e1n cita el pr\u00f3ximo 10 de abril en las inmediaciones del z\u00f3calo de la ciudad de Oaxaca, para realizar una movilizaci\u00f3n contra las reformas impuestas al sector campesino y por la devoluci\u00f3n de las escuelas tomadas.<\/p>\n<p>En la reuni\u00f3n celebrada el pasado 5 de abril de 2014, los profesores oaxaque\u00f1os exigieron al gobierno federal y estatal se concrete el castigo a Ulises Ernesto Ruiz Ortiz y dem\u00e1s responsables por sus agresiones al pueblo de Oaxaca.<\/p>\n<p>Adem\u00e1s, demandan al Poder Ejecutivo y Congreso Local fijen posici\u00f3n pol\u00edtica y declaren en Oaxaca no existen condiciones para aplicar al Reforma Educativa; comprometi\u00e9ndose a incluir en la agenda legislativa una iniciativa de reforma de ley para incluir al\u00a0Plan para la Transformaci\u00f3n de la Educaci\u00f3n de Oaxaca (PTEO) en las legislaciones educativas local y nacional.<\/p>\n<p>Tambi\u00e9n, los maestros se pronunciaron en contra del presidente municipal de Oaxaca de Ju\u00e1rez, Javier Villaca\u00f1a, por utilizar la fuerza p\u00fablica para reprimir a los integrantes del Movimiento Democr\u00e1tico de los Trabajadores de la Educaci\u00f3n de Oaxaca (MDTEO) en la Plaza de la Danza.<\/p>\n<p>Por otra parte, manifestaron su rechazo por la implementaci\u00f3n del horario de verano, que imponen organismos internacionales y el gobierno de la Rep\u00fablica, al asegurar que en nada beneficia a la sociedad mexicana.<\/p>\n<p>Por lo anterior, el profesor Rub\u00e9n N\u00fa\u00f1ez Gin\u00e9z hizo un llamado a los agremiados a ser part\u00edcipes de las asambleas, encuentros y reuniones; y a reforzar el plant\u00f3n nacional en Ciudad de M\u00e9xico a favor del pliego de demandas de la secci\u00f3n.<\/p>\n<p>Consulta el documento completo de sus m\u00e1s recientes acuerdos, tareas, pronunciamientos y plan de acci\u00f3n, dando click a la siguiente <a href=\"http:\/\/www.seccion22.org.mx\/wp-content\/uploads\/2014\/04\/Acuerdos-tareas-pronunciamientos-y-plan-de-accio%CC%81n-emanados-de-la-asamblea-estatal-del-05-de-abril-de-2014.pdf\" target=\"_blank\">liga de enlace<\/a>.<\/p>\n<p>&nbsp;<\/p>\n<p><a href=\"http:\/\/www.eloriente.net\/home\/wp-content\/uploads\/2014\/04\/Asamblea-Por-Secci\u00f3n-22.jpg\"><img loading=\"lazy\" decoding=\"async\" class=\"alignnone size-medium wp-image-23943\" title=\"Asamblea-Por Secci\u00f3n 22\" src=\"http:\/\/www.eloriente.net\/home\/wp-content\/uploads\/2014\/04\/Asamblea-Por-Secci\u00f3n-22-300x179.jpg\" alt=\"\" width=\"300\" height=\"179\" srcset=\"https:\/\/www.eloriente.net\/home\/wp-content\/uploads\/2014\/04\/Asamblea-Por-Secci\u00f3n-22-300x179.jpg 300w, https:\/\/www.eloriente.net\/home\/wp-content\/uploads\/2014\/04\/Asamblea-Por-Secci\u00f3n-22-1024x612.jpg 1024w\" sizes=\"(max-width: 300px) 100vw, 300px\" \/><\/a><\/p>\n<p>Foto: Secci\u00f3n 22<\/p>\n<p>&nbsp;<\/p>\n<p><strong>Entradas relacionadas:<\/strong><\/p>\n<p><a title=\"Permalink to Censo en Oaxaca: distensi\u00f3n gradual \u00bfva?\" href=\"http:\/\/www.eloriente.net\/home\/2014\/04\/08\/censo-en-oaxaca-distension-gradual-va\/\" rel=\"bookmark\">Censo en Oaxaca: distensi\u00f3n gradual \u00bfva?<\/a><\/p>\n<p><a href=\"http:\/\/www.eloriente.net\/home\/2014\/04\/08\/censo-en-oaxaca-distension-gradual-va\/\" rel=\"bookmark\"><img decoding=\"async\" title=\"Censo en Oaxaca: distensi\u00f3n gradual \u00bfva?\" src=\"http:\/\/www.eloriente.net\/home\/wp-content\/themes\/city-desk\/timthumb.php?src=http%3A%2F%2Fwww.eloriente.net%2Fhome%2Fwp-content%2Fuploads%2F2013%2F09%2FZocalo-Seccion-22-Algunos-derechos-reservados-por-Marysol.jpg&amp;q=90&amp;w=160&amp;h=106&amp;zc=1\" alt=\"Censo en Oaxaca: distensi\u00f3n gradual \u00bfva?\" \/><\/a><\/p>\n<p>eloriente.net 8 de abril de 2014 Por: Adri\u00e1n Ortiz Romero + Censo en Oaxaca: distensi\u00f3n gradual \u00bfva? + De las inc\u00f3gnitas, todos son responsables\u00a0 \u00bfQu\u00e9 significa el apoyo que anunci\u00f3 el gobierno estatal a la Secci\u00f3n 22 del SNTE para la realizaci\u00f3n de su propio censo de profesores, alumnos y escuelas en la entidad? Esto [&#8230;]<\/p>\n<p>April 8, 2014<\/p>\n<p><a title=\"Permalink to Videos: Foros de consulta de educaci\u00f3n normal en M\u00e9xico\" href=\"http:\/\/www.eloriente.net\/home\/2014\/03\/13\/videos-foros-de-consulta-de-educacion-normal-en-mexico\/\" rel=\"bookmark\">Videos: Foros de consulta de educaci\u00f3n normal en M\u00e9xico<\/a><\/p>\n<p><a href=\"http:\/\/www.eloriente.net\/home\/2014\/03\/13\/videos-foros-de-consulta-de-educacion-normal-en-mexico\/\" rel=\"bookmark\"><img decoding=\"async\" title=\"Videos: Foros de consulta de educaci\u00f3n normal en M\u00e9xico\" src=\"http:\/\/www.eloriente.net\/home\/wp-content\/themes\/city-desk\/timthumb.php?src=http%3A%2F%2Fwww.eloriente.net%2Fhome%2Fwp-content%2Fuploads%2F2014%2F03%2Fconsulta-educaci%C3%B3n-normal.jpg&amp;q=90&amp;w=160&amp;h=106&amp;zc=1\" alt=\"Videos: Foros de consulta de educaci\u00f3n normal en M\u00e9xico\" \/><\/a><\/p>\n<p>eloriente.net 13 de marzo de 2014 Dentro del marco de actividades \u201cForos de Consulta Nacional\u00a0para la revisi\u00f3n del Modelo Educativo\u201d, convocado por la Secretar\u00eda de Educaci\u00f3n P\u00fablica (SEP), se llevaron a cabo las mesas de an\u00e1lisis y evaluaci\u00f3n de la actual educaci\u00f3n normal en el pa\u00eds. Como te lo dimos a conocer semanas pasadas, los [&#8230;]<\/p>\n<p>March 13, 2014<\/p>\n<p><a title=\"Permalink to Secci\u00f3n 22 del SNTE en la toma de Ciudad de M\u00e9xico, un ensayo de Samael Hern\u00e1ndez\" href=\"http:\/\/www.eloriente.net\/home\/2014\/03\/11\/protesta-y-conflicto-la-seccion-22-del-snte-en-la-toma-de-la-ciudad-de-mexico\/\" rel=\"bookmark\">Secci\u00f3n 22 del SNTE en la toma de Ciudad de M\u00e9xico, un ensayo de Samael Hern\u00e1ndez<\/a><\/p>\n<p><a href=\"http:\/\/www.eloriente.net\/home\/2014\/03\/11\/protesta-y-conflicto-la-seccion-22-del-snte-en-la-toma-de-la-ciudad-de-mexico\/\" rel=\"bookmark\"><img decoding=\"async\" title=\"Secci\u00f3n 22 del SNTE en la toma de Ciudad de M\u00e9xico, un ensayo de Samael Hern\u00e1ndez\" src=\"http:\/\/www.eloriente.net\/home\/wp-content\/themes\/city-desk\/timthumb.php?src=http%3A%2F%2Fwww.eloriente.net%2Fhome%2Fwp-content%2Fuploads%2F2013%2F09%2FZocalo-Seccion-22-Algunos-derechos-reservados-por-Marysol.jpg&amp;q=90&amp;w=160&amp;h=106&amp;zc=1\" alt=\"Secci\u00f3n 22 del SNTE en la toma de Ciudad de M\u00e9xico, un ensayo de Samael Hern\u00e1ndez\" \/><\/a><\/p>\n<p>eloriente.net 11 de marzo de 2014 Publicamos este d\u00eda el ensayo \u201cProtesta y conflicto, la Secci\u00f3n 22 del SNTE en la toma de la Ciudad de M\u00e9xico\u201d, enviado a ELORIENTE.NET por Samael Hern\u00e1ndez Ruiz, experto en temas educativos. Este art\u00edculo expone un estudio sobre la Secci\u00f3n 22 del Sindicato Nacional de Trabajadores de la Educaci\u00f3n, [&#8230;]<\/p>\n<p>March 11, 2014<\/p>\n\n\t\t\t  <div \n\t\t\t  \tclass = \"fb-comments\" \n\t\t\t  \tdata-href = \"https:\/\/www.eloriente.net\/home\/2014\/04\/08\/anuncia-seccion-22-movilizaciones-contra-las-reformas-al-sector-campesino\/\"\n\t\t\t  \tdata-numposts = \"10\"\n\t\t\t\tdata-colorscheme = \"dark\"\n\t\t\t\tdata-order-by = \"social\"\n\t\t\t\tdata-mobile=true>\n\t\t\t  <\/div>\n\t\t  <style>\n\t\t\t.fb_iframe_widget_fluid_desktop iframe {\n\t\t\t    width: 100% !important;\n\t\t\t}\n\t\t  <\/style>\n\t\t  ","protected":false},"excerpt":{"rendered":"<p>eloriente.net 8 de abril de 2014 Miembros de la regi\u00f3n de Valles Centrales de la secci\u00f3n 22 del Sindicato Nacional de Trabajadores de la Educaci\u00f3n (SNTE) se dar\u00e1n cita el pr\u00f3ximo 10 de abril en las inmediaciones del z\u00f3calo de la ciudad de Oaxaca, para realizar una movilizaci\u00f3n contra las reformas impuestas al sector campesino [&hellip;]<\/p>\n","protected":false},"author":26,"featured_media":23943,"comment_status":"open","ping_status":"open","sticky":false,"template":"","format":"standard","meta":{"_jetpack_memberships_contains_paid_content":false,"footnotes":""},"categories":[32,63,10,23,464,21],"tags":[848,184,277,371,372,374,373],"class_list":["post-23933","post","type-post","status-publish","format-standard","has-post-thumbnail","hentry","category-entradas","category-estados","category-lo-mas-reciente","category-municipios","category-oaxaca-estados","category-politica-y-gobierno","tag-demandas","tag-educacion","tag-gobierno","tag-maestros","tag-reforma-educativa","tag-seccion-22","tag-snte"],"jetpack_featured_media_url":"https:\/\/www.eloriente.net\/home\/wp-content\/uploads\/2014\/04\/Asamblea-Por-Secci\u00f3n-22.jpg","jetpack_sharing_enabled":true,"_links":{"self":[{"href":"https:\/\/www.eloriente.net\/home\/wp-json\/wp\/v2\/posts\/23933"}],"collection":[{"href":"https:\/\/www.eloriente.net\/home\/wp-json\/wp\/v2\/posts"}],"about":[{"href":"https:\/\/www.eloriente.net\/home\/wp-json\/wp\/v2\/types\/post"}],"author":[{"embeddable":true,"href":"https:\/\/www.eloriente.net\/home\/wp-json\/wp\/v2\/users\/26"}],"replies":[{"embeddable":true,"href":"https:\/\/www.eloriente.net\/home\/wp-json\/wp\/v2\/comments?post=23933"}],"version-history":[{"count":4,"href":"https:\/\/www.eloriente.net\/home\/wp-json\/wp\/v2\/posts\/23933\/revisions"}],"predecessor-version":[{"id":23946,"href":"https:\/\/www.eloriente.net\/home\/wp-json\/wp\/v2\/posts\/23933\/revisions\/23946"}],"wp:featuredmedia":[{"embeddable":true,"href":"https:\/\/www.eloriente.net\/home\/wp-json\/wp\/v2\/media\/23943"}],"wp:attachment":[{"href":"https:\/\/www.eloriente.net\/home\/wp-json\/wp\/v2\/media?parent=23933"}],"wp:term":[{"taxonomy":"category","embeddable":true,"href":"https:\/\/www.eloriente.net\/home\/wp-json\/wp\/v2\/categories?post=23933"},{"taxonomy":"post_tag","embeddable":true,"href":"https:\/\/www.eloriente.net\/home\/wp-json\/wp\/v2\/tags?post=23933"}],"curies":[{"name":"wp","href":"https:\/\/api.w.org\/{rel}","templated":true}]}}