{"id":24132,"date":"2014-04-10T19:54:54","date_gmt":"2014-04-11T01:54:54","guid":{"rendered":"http:\/\/www.eloriente.net\/home\/?p=24132"},"modified":"2014-04-11T10:11:15","modified_gmt":"2014-04-11T16:11:15","slug":"11abr14-1100-sesion-extraordinaria-ine-respondera-a-consulta-ieepco-oaxaca","status":"publish","type":"post","link":"https:\/\/www.eloriente.net\/home\/2014\/04\/10\/11abr14-1100-sesion-extraordinaria-ine-respondera-a-consulta-ieepco-oaxaca\/","title":{"rendered":"11\/Abr\/14 11:00 Sesi\u00f3n Extraordinaria INE; responder\u00e1 a consulta IEEPCO-Oaxaca"},"content":{"rendered":"<p>eloriente.net\/INE<\/p>\n<p>11 de abril de 2014<\/p>\n<p><iframe loading=\"lazy\" src=\"\/\/www.youtube.com\/embed\/7hIjjDqkjHY\" frameborder=\"0\" width=\"560\" height=\"315\"><\/iframe><\/p>\n<p>eloriente.net\/INE<\/p>\n<p>10 de abril de 2014<\/p>\n<p>El Consejo General del Instituto Nacional Electoral (INE) llevar\u00e1 a cabo su primera sesi\u00f3n extraordinaria ma\u00f1ana, viernes 11 de abril, durante la cual las Consejeras y Consejeros Electorales establecer\u00e1n la integraci\u00f3n provisional de las Comisiones Permanentes y Temporales, y del \u00d3rgano Garante de la Transparencia y el Acceso a la Informaci\u00f3n del Instituto.<\/p>\n<p>El pleno conocer\u00e1 y, en su caso, aprobar\u00e1 un proyecto de acuerdo que ordena la creaci\u00f3n e integraci\u00f3n del grupo de trabajo para dar seguimiento a los procedimientos de revisi\u00f3n y resoluci\u00f3n de los Informes Anuales presentados por los partidos pol\u00edticos nacionales correspondientes al ejercicio 2013, relacionados con la fiscalizaci\u00f3n de los recursos.<\/p>\n<p>El m\u00e1ximo \u00f3rgano de direcci\u00f3n del Instituto aprobar\u00e1 los cat\u00e1logos de emisoras y las pautas que asignan los espacios en tiempos oficiales a partidos pol\u00edticos y autoridades durante los procesos electorales extraordinarios en los municipios de Tepetzintla, Chumatl\u00e1n y las Choapas, en el estado de Veracruz, y San Miguel Tlacamama, en Oaxaca, en acatamiento a dos sentencias de la Sala Superior del Tribunal Electoral del Poder Judicial de la Federaci\u00f3n.<\/p>\n<p>Asimismo, dar\u00e1 respuesta a la consulta planteada por el ciudadano Alberto Alonso Criollo, del estado de Oaxaca, sobre la permanencia de los consejeros de los institutos electorales locales, en tanto no se apruebe la legislaci\u00f3n secundaria en la materia y el INE designe a los integrantes de los Consejos Locales.<\/p>\n<p>Por \u00faltimo, el Consejero Presidente del Consejo General del INE, Lorenzo C\u00f3rdova Vianello, someter\u00e1 a consideraci\u00f3n del pleno la designaci\u00f3n de algunos funcionarios de la Junta General Ejecutiva del Instituto.<\/p>\n<p><a href=\"http:\/\/www.eloriente.net\/home\/wp-content\/uploads\/2014\/04\/8.jpg\"><img loading=\"lazy\" decoding=\"async\" class=\"alignnone size-medium wp-image-24133\" title=\"INE\" src=\"http:\/\/www.eloriente.net\/home\/wp-content\/uploads\/2014\/04\/8-300x193.jpg\" alt=\"\" width=\"300\" height=\"193\" srcset=\"https:\/\/www.eloriente.net\/home\/wp-content\/uploads\/2014\/04\/8-300x193.jpg 300w, https:\/\/www.eloriente.net\/home\/wp-content\/uploads\/2014\/04\/8-1024x661.jpg 1024w\" sizes=\"(max-width: 300px) 100vw, 300px\" \/><\/a><\/p>\n<address><strong>Otras Entradas:<\/strong><\/address>\n<address>\u00a0<\/address>\n<address id=\"post-24065\"><a title=\"Permalink to \u00bfQui\u00e9n es Dayani Cristal? Busca darle indentidad a un migrante an\u00f3nimo\" href=\"http:\/\/www.eloriente.net\/home\/2014\/04\/10\/quien-es-dayani-cristal-busca-darle-indentidad-a-un-migrante-anonimo\/\" rel=\"bookmark\">\u00bfQui\u00e9n es Dayani Cristal? Busca darle indentidad a un migrante an\u00f3nimo<\/a><a href=\"http:\/\/www.eloriente.net\/home\/2014\/04\/10\/quien-es-dayani-cristal-busca-darle-indentidad-a-un-migrante-anonimo\/\" rel=\"bookmark\"><img decoding=\"async\" title=\"\u00bfQui\u00e9n es Dayani Cristal? Busca darle indentidad a un migrante an\u00f3nimo\" src=\"http:\/\/www.eloriente.net\/home\/wp-content\/themes\/city-desk\/timthumb.php?src=http%3A%2F%2Fwww.eloriente.net%2Fhome%2Fwp-content%2Fuploads%2F2014%2F04%2FGael-Garc%C3%ADa.png&amp;q=90&amp;w=160&amp;h=106&amp;zc=1\" alt=\"\u00bfQui\u00e9n es Dayani Cristal? Busca darle indentidad a un migrante an\u00f3nimo\" \/><\/a>eloriente.net\/AgenciaN22 10 de abril de 2014 \u00a0 \u201cC\u00f3mo podemos contar una historia que ninguno de los dos conoce, y entonces decidimos ponernos en manos de los verdaderos migrantes\u201d, cont\u00f3 el director del filme, Marc Silver, al recordar el viaje por M\u00e9xico al lado de Gael Garc\u00eda Bernal. Por: Karen Rivera CIUDAD DE M\u00c9XICO, M\u00e9xico, (N22).-\u00a0Los [&#8230;]April 10, 2014<\/address>\n<p><a title=\"Permalink to Ya era hora que me dieran el Premio Xavier Villaurrutia: Jos\u00e9 de la Colina\" href=\"http:\/\/www.eloriente.net\/home\/2014\/04\/10\/ya-era-hora-que-me-dieran-el-premio-xavier-villaurrutia-jose-de-la-colina\/\" rel=\"bookmark\">Ya era hora que me dieran el Premio Xavier Villaurrutia: Jos\u00e9 de la Colina<\/a><\/p>\n<p><a href=\"http:\/\/www.eloriente.net\/home\/2014\/04\/10\/ya-era-hora-que-me-dieran-el-premio-xavier-villaurrutia-jose-de-la-colina\/\" rel=\"bookmark\"><img decoding=\"async\" title=\"Ya era hora que me dieran el Premio Xavier Villaurrutia: Jos\u00e9 de la Colina\" src=\"http:\/\/www.eloriente.net\/home\/wp-content\/themes\/city-desk\/timthumb.php?src=http%3A%2F%2Fwww.eloriente.net%2Fhome%2Fwp-content%2Fuploads%2F2014%2F04%2FJOSE%CC%81DELACOLINA-n22.jpg&amp;q=90&amp;w=160&amp;h=106&amp;zc=1\" alt=\"Ya era hora que me dieran el Premio Xavier Villaurrutia: Jos\u00e9 de la Colina\" \/><\/a><\/p>\n<p>eloriente.net\/Agencia N22 10 de abril de 2014 Por: Alizbeth Mercado CIUDAD DE M\u00c9XICO, M\u00e9xico, (N22).- Agradezco mucho al autor de una frase tan extraordinario a\u00fan como \u201cla nocturna rosa que no ocupa lugar en el espacio y su movimiento es una forma misteriosa de la quietud\u201d que era Xavier Villaurrutia, gran poeta, gran ensayista, no [&#8230;]<\/p>\n<p>April 10, 2014<\/p>\n<p><a title=\"Permalink to Habr\u00e1n 30 centros municipales para el desarrollo de las mujeres en 2014: IMO\" href=\"http:\/\/www.eloriente.net\/home\/2014\/04\/09\/habran-30-centros-municipales-para-el-desarrollo-de-las-mujeres-en-2014-imo\/\" rel=\"bookmark\">Habr\u00e1n 30 centros municipales para el desarrollo de las mujeres en 2014: IMO<\/a><\/p>\n<p><a href=\"http:\/\/www.eloriente.net\/home\/2014\/04\/09\/habran-30-centros-municipales-para-el-desarrollo-de-las-mujeres-en-2014-imo\/\" rel=\"bookmark\"><img decoding=\"async\" title=\"Habr\u00e1n 30 centros municipales para el desarrollo de las mujeres en 2014: IMO\" src=\"http:\/\/www.eloriente.net\/home\/wp-content\/themes\/city-desk\/timthumb.php?src=http%3A%2F%2Fwww.eloriente.net%2Fhome%2Fwp-content%2Fuploads%2F2014%2F04%2FIMO-Por-Gobierno-del-Estado.jpg&amp;q=90&amp;w=160&amp;h=106&amp;zc=1\" alt=\"Habr\u00e1n 30 centros municipales para el desarrollo de las mujeres en 2014: IMO\" \/><\/a><\/p>\n<p>eloriente.net\/Gobierno del Estado 9 de abril de 2014 Antes que concluya este a\u00f1o, el Instituto de la Mujer Oaxaque\u00f1a (IMO) tendr\u00e1 instalados 30 centros para el Desarrollo de las Mujeres con Perspectiva de G\u00e9nero en igual n\u00famero de municipios en el estado; as\u00ed lo dio a conocer la directora general, Anabel L\u00f3pez S\u00e1nchez, durante la [&#8230;]<\/p>\n<p>April 9, 2014<\/p>\n\n\t\t\t  <div \n\t\t\t  \tclass = \"fb-comments\" \n\t\t\t  \tdata-href = \"https:\/\/www.eloriente.net\/home\/2014\/04\/10\/11abr14-1100-sesion-extraordinaria-ine-respondera-a-consulta-ieepco-oaxaca\/\"\n\t\t\t  \tdata-numposts = \"10\"\n\t\t\t\tdata-colorscheme = \"dark\"\n\t\t\t\tdata-order-by = \"social\"\n\t\t\t\tdata-mobile=true>\n\t\t\t  <\/div>\n\t\t  <style>\n\t\t\t.fb_iframe_widget_fluid_desktop iframe {\n\t\t\t    width: 100% !important;\n\t\t\t}\n\t\t  <\/style>\n\t\t  ","protected":false},"excerpt":{"rendered":"<p>eloriente.net\/INE 11 de abril de 2014 eloriente.net\/INE 10 de abril de 2014 El Consejo General del Instituto Nacional Electoral (INE) llevar\u00e1 a cabo su primera sesi\u00f3n extraordinaria ma\u00f1ana, viernes 11 de abril, durante la cual las Consejeras y Consejeros Electorales establecer\u00e1n la integraci\u00f3n provisional de las Comisiones Permanentes y Temporales, y del \u00d3rgano Garante de [&hellip;]<\/p>\n","protected":false},"author":1,"featured_media":24133,"comment_status":"open","ping_status":"open","sticky":false,"template":"","format":"standard","meta":{"_jetpack_memberships_contains_paid_content":false,"footnotes":""},"categories":[4,71,32,10,24,21],"tags":[],"class_list":["post-24132","post","type-post","status-publish","format-standard","has-post-thumbnail","hentry","category-canal-2-en-vivo","category-elecciones","category-entradas","category-lo-mas-reciente","category-mexico-y-el-mundo","category-politica-y-gobierno"],"jetpack_featured_media_url":"https:\/\/www.eloriente.net\/home\/wp-content\/uploads\/2014\/04\/8.jpg","jetpack_sharing_enabled":true,"_links":{"self":[{"href":"https:\/\/www.eloriente.net\/home\/wp-json\/wp\/v2\/posts\/24132"}],"collection":[{"href":"https:\/\/www.eloriente.net\/home\/wp-json\/wp\/v2\/posts"}],"about":[{"href":"https:\/\/www.eloriente.net\/home\/wp-json\/wp\/v2\/types\/post"}],"author":[{"embeddable":true,"href":"https:\/\/www.eloriente.net\/home\/wp-json\/wp\/v2\/users\/1"}],"replies":[{"embeddable":true,"href":"https:\/\/www.eloriente.net\/home\/wp-json\/wp\/v2\/comments?post=24132"}],"version-history":[{"count":3,"href":"https:\/\/www.eloriente.net\/home\/wp-json\/wp\/v2\/posts\/24132\/revisions"}],"predecessor-version":[{"id":24135,"href":"https:\/\/www.eloriente.net\/home\/wp-json\/wp\/v2\/posts\/24132\/revisions\/24135"}],"wp:featuredmedia":[{"embeddable":true,"href":"https:\/\/www.eloriente.net\/home\/wp-json\/wp\/v2\/media\/24133"}],"wp:attachment":[{"href":"https:\/\/www.eloriente.net\/home\/wp-json\/wp\/v2\/media?parent=24132"}],"wp:term":[{"taxonomy":"category","embeddable":true,"href":"https:\/\/www.eloriente.net\/home\/wp-json\/wp\/v2\/categories?post=24132"},{"taxonomy":"post_tag","embeddable":true,"href":"https:\/\/www.eloriente.net\/home\/wp-json\/wp\/v2\/tags?post=24132"}],"curies":[{"name":"wp","href":"https:\/\/api.w.org\/{rel}","templated":true}]}}