{"id":24176,"date":"2014-04-11T15:13:57","date_gmt":"2014-04-11T21:13:57","guid":{"rendered":"http:\/\/www.eloriente.net\/home\/?p=24176"},"modified":"2014-04-11T15:13:57","modified_gmt":"2014-04-11T21:13:57","slug":"viernes-11abr14-1900-inauguracion-de-la-exposicion-molly-rausch-stamp-artist","status":"publish","type":"post","link":"https:\/\/www.eloriente.net\/home\/2014\/04\/11\/viernes-11abr14-1900-inauguracion-de-la-exposicion-molly-rausch-stamp-artist\/","title":{"rendered":"Viernes 11\/Abr\/14 19:00 Inauguraci\u00f3n de la exposici\u00f3n Molly Rausch: stamp artist"},"content":{"rendered":"<p>eloriente.net\/<a href=\"http:\/\/www.mufi.org.mx\" target=\"_blank\">MUFI<\/a><\/p>\n<p>11 de abril de 2014<\/p>\n<p>El Museo de Filatelia, en colaboraci\u00f3n con la artista neoyorquina Molly Rausch, inaugurar\u00e1n hoy 11 de abril a las 19:00 horas la exposici\u00f3n titulada <em>Molly Rausch: stamp artist<\/em>. Esta exhibici\u00f3n estar\u00e1 compuesta por 26 obras en acuarela que parten en su mayor\u00eda del dise\u00f1o de timbres postales mexicanos.<\/p>\n<p>Escenarios o motivos de estampillas de pa\u00edses como Australia, Francia, Italia, Jap\u00f3n o el antiguo Checoslovaquia, han sido el punto de partida para Rausch de reinterpretar la arquitectura, obras art\u00edsticas y paisajes de otros pa\u00edses, pintando m\u00e1s all\u00e1 de los bordes de la piezas filat\u00e9licas sin tener la referencia gr\u00e1fica de complemento real.<\/p>\n<p>A trav\u00e9s de esta exposici\u00f3n que presenta el MUFI, la filatelia mexicana, as\u00ed como su arquitectura, historia, arte e \u00eddolos populares que promueve, tendr\u00e1n una singular reinterpretaci\u00f3n a trav\u00e9s de las pinturas de Molly.<\/p>\n<p>De familia de filatelistas, su relaci\u00f3n con la pintura y lo filat\u00e9lico nace en 1998 en New Paltz, Nueva York, \u00e9poca en la que Molly contaba un viejo encuadernado cosido a mano, sin ning\u00fan contenido en sus p\u00e1ginas. Su padre, coleccionista exclusivo de timbres norteamericanos, comenz\u00f3 a regalarle timbres de otros pa\u00edses, que resultaron de mucho inter\u00e9s para ella, no s\u00f3lo por su est\u00e9tica, sino por el tama\u00f1o de \u00e9stos: se acoplaban a la perfecci\u00f3n de aquel peque\u00f1o y artesanal encuadernado. Fue as\u00ed como el \u00abmini libro\u00bb comenz\u00f3 a recibir los timbres postales y pinturas Rausch.<\/p>\n<p>Sus primeras obras reflejan una est\u00e9tica sobria, sin muchas decoraciones e intervenciones, algunas de ellas incluso, toman de manera informal textos surrealistas que hacen referencia al primer manifiesto de este movimiento art\u00edstico. Los bordes en esta \u00e9poca los respetaba hasta que sinti\u00f3 la necesidad de ir m\u00e1s all\u00e1 del dentado del timbre postal y hacer sus propias interpretaciones.<\/p>\n<p>Durante la inauguraci\u00f3n de esta exposici\u00f3n se presentar\u00e1 el ejemplar que divulga la totalidad de las obras a exhibirse, as\u00ed como los bocetos que la conformaron y correspondencia en la que llegaron los timbres originales.<\/p>\n<p>Asimismo, del 8 al 11 de abril se llevaron a cabo dos talleres de pintura en el MUFI a cargo de Molly Rausch: uno dirigido a estudiantes de dise\u00f1o y arte y otro para ni\u00f1os. Previo a la inauguraci\u00f3n de la exposici\u00f3n se har\u00e1n entrega de las constancias a los participantes de ambos talleres.<\/p>\n<p>&nbsp;<\/p>\n<p><a href=\"http:\/\/www.eloriente.net\/home\/wp-content\/uploads\/2014\/04\/Taller-Por-MUFI.jpg\"><img loading=\"lazy\" decoding=\"async\" class=\"alignnone size-medium wp-image-24177\" title=\"Taller-Por MUFI\" src=\"http:\/\/www.eloriente.net\/home\/wp-content\/uploads\/2014\/04\/Taller-Por-MUFI-300x205.jpg\" alt=\"\" width=\"300\" height=\"205\" srcset=\"https:\/\/www.eloriente.net\/home\/wp-content\/uploads\/2014\/04\/Taller-Por-MUFI-300x205.jpg 300w, https:\/\/www.eloriente.net\/home\/wp-content\/uploads\/2014\/04\/Taller-Por-MUFI-1024x699.jpg 1024w, https:\/\/www.eloriente.net\/home\/wp-content\/uploads\/2014\/04\/Taller-Por-MUFI.jpg 1071w\" sizes=\"(max-width: 300px) 100vw, 300px\" \/><\/a><\/p>\n<p>&nbsp;<\/p>\n<p><strong>Molly Rausch<\/strong><br \/>\nwww.mollyrausch.com<br \/>\nwww.postagestamppaintings.com<br \/>\nTwitter: @StampPaintings<\/p>\n<p>&nbsp;<\/p>\n<p><strong>Entradas relacionadas:<\/strong><\/p>\n<p><a title=\"Permalink to Viernes 25\/Abr\/14 09:00 VII Festival de cuentos para ni\u00f1os\" href=\"http:\/\/www.eloriente.net\/home\/2014\/04\/11\/viernes-25abr14-0900-vii-festival-de-cuentos-para-ninos\/\" rel=\"bookmark\">Viernes 25\/Abr\/14 09:00 VII Festival de cuentos para ni\u00f1os<\/a><\/p>\n<p><a href=\"http:\/\/www.eloriente.net\/home\/2014\/04\/11\/viernes-25abr14-0900-vii-festival-de-cuentos-para-ninos\/\" rel=\"bookmark\"><img decoding=\"async\" title=\"Viernes 25\/Abr\/14 09:00 VII Festival de cuentos para ni\u00f1os\" src=\"http:\/\/www.eloriente.net\/home\/wp-content\/themes\/city-desk\/timthumb.php?src=http%3A%2F%2Fwww.eloriente.net%2Fhome%2Fwp-content%2Fuploads%2F2014%2F04%2FFestival-2013-Por-Cuentos-Grandes.jpg&amp;q=90&amp;w=160&amp;h=106&amp;zc=1\" alt=\"Viernes 25\/Abr\/14 09:00 VII Festival de cuentos para ni\u00f1os\" \/><\/a><\/p>\n<p>eloriente.net 11 de abril de 2014 \u00c9sta es la primera llamada, primera \u00a1Ya viene el VII Festival de cuentos para ni\u00f1os! La asociaci\u00f3n civil \u2018Cuentos grandes para calcetines peque\u00f1os\u2019 invita a la ni\u00f1ez oaxaque\u00f1a a participar en el VII Festival de cuentos para ni\u00f1os, Oaxaca 2014, el cual se llevar\u00e1 a cabo del 25 al [&#8230;]<\/p>\n<p>April 11, 2014<\/p>\n<p><a title=\"Permalink to Presentan el libro \u201cFiesta del ma\u00edz y la gente que toca la concha de Zaachila, Oaxaca\u201d\" href=\"http:\/\/www.eloriente.net\/home\/2014\/04\/11\/presentan-el-libro-fiesta-del-maiz-y-la-gente-que-toca-la-concha-de-zaachila-oaxaca\/\" rel=\"bookmark\">Presentan el libro \u201cFiesta del ma\u00edz y la gente que toca la concha de Zaachila, Oaxaca\u201d<\/a><\/p>\n<p><a href=\"http:\/\/www.eloriente.net\/home\/2014\/04\/11\/presentan-el-libro-fiesta-del-maiz-y-la-gente-que-toca-la-concha-de-zaachila-oaxaca\/\" rel=\"bookmark\"><img decoding=\"async\" title=\"Presentan el libro \u201cFiesta del ma\u00edz y la gente que toca la concha de Zaachila, Oaxaca\u201d\" src=\"http:\/\/www.eloriente.net\/home\/wp-content\/themes\/city-desk\/timthumb.php?src=http%3A%2F%2Fwww.eloriente.net%2Fhome%2Fwp-content%2Fuploads%2F2014%2F04%2FPresentaci%C3%B3n-libro-Por-UABJO.jpg&amp;q=90&amp;w=160&amp;h=106&amp;zc=1\" alt=\"Presentan el libro \u201cFiesta del ma\u00edz y la gente que toca la concha de Zaachila, Oaxaca\u201d\" \/><\/a><\/p>\n<p>eloriente.net\/UABJO 11 de abril de 2o14 El patio central del Instituto de Investigaciones en Humanidades de la Universidad Aut\u00f3noma Benito Ju\u00e1rez de Oaxaca (UABJO) fue el escenario para la presentaci\u00f3n del libro \u201cFiesta del ma\u00edz y la gente que toca la concha de Zaachila, Oaxaca\u201d editado por el Instituto Estatal de Educaci\u00f3n P\u00fablica de Oaxaca [&#8230;]<\/p>\n<p>April 11, 2014<\/p>\n<p><a title=\"Permalink to Abril en Centro Acad\u00e9mico y Cultural San Pablo\" href=\"http:\/\/www.eloriente.net\/home\/2014\/04\/04\/abril-en-centro-academico-y-cultural-san-pablo\/\" rel=\"bookmark\">Abril en Centro Acad\u00e9mico y Cultural San Pablo<\/a><\/p>\n<p><a href=\"http:\/\/www.eloriente.net\/home\/2014\/04\/04\/abril-en-centro-academico-y-cultural-san-pablo\/\" rel=\"bookmark\"><img decoding=\"async\" title=\"Abril en Centro Acad\u00e9mico y Cultural San Pablo\" src=\"http:\/\/www.eloriente.net\/home\/wp-content\/themes\/city-desk\/timthumb.php?src=http%3A%2F%2Fwww.eloriente.net%2Fhome%2Fwp-content%2Fuploads%2F2014%2F04%2FSan-Pablo-Por-Evelyn.jpg&amp;q=90&amp;w=160&amp;h=106&amp;zc=1\" alt=\"Abril en Centro Acad\u00e9mico y Cultural San Pablo\" \/><\/a><\/p>\n<p>eloriente.net 4 de abril de 2014 El Centro Acad\u00e9mico y Cultural San Pablo dio a conocer recientemente su agenda de actividades del mes de abril de 2014, por lo que invitan al p\u00fablico en general a participar en alguno de los conciertos, proyecciones, presentaciones y actividades al aire referente a temas culturales de Oaxaca y [&#8230;]<\/p>\n<p>April 4, 2014<\/p>\n\n\t\t\t  <div \n\t\t\t  \tclass = \"fb-comments\" \n\t\t\t  \tdata-href = \"https:\/\/www.eloriente.net\/home\/2014\/04\/11\/viernes-11abr14-1900-inauguracion-de-la-exposicion-molly-rausch-stamp-artist\/\"\n\t\t\t  \tdata-numposts = \"10\"\n\t\t\t\tdata-colorscheme = \"dark\"\n\t\t\t\tdata-order-by = \"social\"\n\t\t\t\tdata-mobile=true>\n\t\t\t  <\/div>\n\t\t  <style>\n\t\t\t.fb_iframe_widget_fluid_desktop iframe {\n\t\t\t    width: 100% !important;\n\t\t\t}\n\t\t  <\/style>\n\t\t  ","protected":false},"excerpt":{"rendered":"<p>eloriente.net\/MUFI 11 de abril de 2014 El Museo de Filatelia, en colaboraci\u00f3n con la artista neoyorquina Molly Rausch, inaugurar\u00e1n hoy 11 de abril a las 19:00 horas la exposici\u00f3n titulada Molly Rausch: stamp artist. Esta exhibici\u00f3n estar\u00e1 compuesta por 26 obras en acuarela que parten en su mayor\u00eda del dise\u00f1o de timbres postales mexicanos. Escenarios [&hellip;]<\/p>\n","protected":false},"author":26,"featured_media":24177,"comment_status":"open","ping_status":"open","sticky":false,"template":"","format":"standard","meta":{"_jetpack_memberships_contains_paid_content":false,"footnotes":""},"categories":[18,32,63,10,464],"tags":[239,240,896,898,242,897,643],"class_list":["post-24176","post","type-post","status-publish","format-standard","has-post-thumbnail","hentry","category-educacion-y-cultura","category-entradas","category-estados","category-lo-mas-reciente","category-oaxaca-estados","tag-arte","tag-exposicion","tag-inauguracion","tag-molly-rausch","tag-pintura","tag-postales","tag-timbres"],"jetpack_featured_media_url":"https:\/\/www.eloriente.net\/home\/wp-content\/uploads\/2014\/04\/Taller-Por-MUFI.jpg","jetpack_sharing_enabled":true,"_links":{"self":[{"href":"https:\/\/www.eloriente.net\/home\/wp-json\/wp\/v2\/posts\/24176"}],"collection":[{"href":"https:\/\/www.eloriente.net\/home\/wp-json\/wp\/v2\/posts"}],"about":[{"href":"https:\/\/www.eloriente.net\/home\/wp-json\/wp\/v2\/types\/post"}],"author":[{"embeddable":true,"href":"https:\/\/www.eloriente.net\/home\/wp-json\/wp\/v2\/users\/26"}],"replies":[{"embeddable":true,"href":"https:\/\/www.eloriente.net\/home\/wp-json\/wp\/v2\/comments?post=24176"}],"version-history":[{"count":2,"href":"https:\/\/www.eloriente.net\/home\/wp-json\/wp\/v2\/posts\/24176\/revisions"}],"predecessor-version":[{"id":24179,"href":"https:\/\/www.eloriente.net\/home\/wp-json\/wp\/v2\/posts\/24176\/revisions\/24179"}],"wp:featuredmedia":[{"embeddable":true,"href":"https:\/\/www.eloriente.net\/home\/wp-json\/wp\/v2\/media\/24177"}],"wp:attachment":[{"href":"https:\/\/www.eloriente.net\/home\/wp-json\/wp\/v2\/media?parent=24176"}],"wp:term":[{"taxonomy":"category","embeddable":true,"href":"https:\/\/www.eloriente.net\/home\/wp-json\/wp\/v2\/categories?post=24176"},{"taxonomy":"post_tag","embeddable":true,"href":"https:\/\/www.eloriente.net\/home\/wp-json\/wp\/v2\/tags?post=24176"}],"curies":[{"name":"wp","href":"https:\/\/api.w.org\/{rel}","templated":true}]}}