{"id":24744,"date":"2014-04-23T16:26:39","date_gmt":"2014-04-23T22:26:39","guid":{"rendered":"http:\/\/www.eloriente.net\/home\/?p=24744"},"modified":"2014-04-23T16:39:16","modified_gmt":"2014-04-23T22:39:16","slug":"la-historia-de-la-palabra-escrita-es-la-historia-de-la-humanidad-irina-bokova","status":"publish","type":"post","link":"https:\/\/www.eloriente.net\/home\/2014\/04\/23\/la-historia-de-la-palabra-escrita-es-la-historia-de-la-humanidad-irina-bokova\/","title":{"rendered":"La historia de la palabra escrita es la historia de la humanidad: Irina Bokova"},"content":{"rendered":"<p>eloriente.net\/<a href=\"http:\/\/es.unesco.org\" target=\"_blank\">UNESCO<\/a><\/p>\n<p>23 de abril de 2014<\/p>\n<p>ELORIENTE.NET pone a tu alcance el mensaje \u00edntegro de Irina Bokova, directora general de la\u00a0Organizaci\u00f3n de las Naciones Unidas para la Educaci\u00f3n, la Ciencia y la Cultura (UNESCO, por sus siglas en ingl\u00e9s), con motivo\u00a0del D\u00eda Mundial del Libro y del Derecho de Autor. Deseamos lo disfrutes:<\/p>\n<p><strong>\u00abLa historia de la palabra escrita es la historia de la humanidad\u00bb, por Irina Bokova.\u00a0<\/strong><\/p>\n<p>El poder de los libros para fomentar la realizaci\u00f3n personal y generar cambios sociales no tiene parang\u00f3n. \u00cdntimos y a la vez profundamente sociales, los libros abren amplios caminos de di\u00e1logo entre las personas, dentro de las comunidades y a trav\u00e9s del tiempo.<\/p>\n<p>Como dijo en su discurso en las Naciones Unidas Malala Yousafzai, la escolar pakistan\u00ed a la que dispararon los talibanes por asistir a clase:<\/p>\n<p>\u201cTomemos nuestros libros y nuestros bol\u00edgrafos, que son nuestras armas m\u00e1s poderosas\u201d.<\/p>\n<p>En el D\u00eda Mundial del Libro y del Derecho de Autor, la UNESCO invita a todas las mujeres y a todos los hombres a mostrar su apoyo al libro y a todos aquellos que escriben y producen libros. Este es un d\u00eda para celebrar el libro como la materializaci\u00f3n de la creatividad humana y del deseo de compartir ideas y conocimientos, de inspirar entendimiento y tolerancia.<\/p>\n<p>El libro no es inmune a un mundo cambiante, caracterizado por la llegada de los formatos digitales y la transici\u00f3n hacia las licencias abiertas para el intercambio de conocimientos. Esto supone mayor incertidumbre, pero tambi\u00e9n nuevas oportunidades, en particular para los modelos empresariales innovadores en el mundo editorial. Este cambio est\u00e1 planteando profundos interrogantes sobre la definici\u00f3n del libro y el significado de la autor\u00eda en la era digital. La UNESCO ha asumido un liderazgo activo en los nuevos debates sobre la desmaterializaci\u00f3n del libro y los derechos de los autores.<\/p>\n<p>Al abogar por el derecho de autor y el libre acceso, la UNESCO defiende la creatividad, la diversidad y la igualdad de acceso al conocimiento. Trabajamos en todos los frentes, desde las Ciudades de la Literatura de la Red de Ciudades Creativas hasta la promoci\u00f3n de la alfabetizaci\u00f3n y el aprendizaje m\u00f3vil, pasando por el fomento del libre acceso al conocimiento cient\u00edfico y a los recursos educativos. Por ejemplo, en colaboraci\u00f3n con Nokia y Worldreader, la UNESCO se est\u00e1 esforzando por utilizar la tecnolog\u00eda m\u00f3vil para promover la alfabetizaci\u00f3n. Con este fin, el 23 de abril lanzaremos una nueva publicaci\u00f3n: Reading in the Mobile Era.<\/p>\n<p>En ese mismo esp\u00edritu, Port Harcourt (Nigeria) ha sido nombrada Capital Mundial del Libro 2014 debido a la calidad de su programa, especialmente por centrarse en los j\u00f3venes y por su contribuci\u00f3n a la mejora de la cultura del libro, la lectura, la escritura y la edici\u00f3n en Nigeria con vistas a incrementar los \u00edndices de alfabetizaci\u00f3n. Esta iniciativa, que dar\u00e1 comienzo el\u00a0D\u00eda Mundial del Libro y del Derecho de Autor, est\u00e1 respaldada por la UNESCO, la Uni\u00f3n Internacional de Editores, la Federaci\u00f3n Internacional de Libreros y la Federaci\u00f3n Internacional de Asociaciones de Bibliotecarios y Bibliotecas.<\/p>\n<p>En todos los casos, nuestra finalidad est\u00e1 clara: alentar a los autores y artistas y velar por que la alfabetizaci\u00f3n y los formatos accesibles lleguen a m\u00e1s mujeres y hombres, porque los libros son nuestras herramientas m\u00e1s poderosas para erradicar la pobreza y construir la paz.<\/p>\n<p>&nbsp;<\/p>\n<p><a href=\"http:\/\/www.eloriente.net\/home\/wp-content\/uploads\/2014\/04\/Libros-Por-jorgemejia.jpg\"><img loading=\"lazy\" decoding=\"async\" class=\"alignnone size-medium wp-image-24745\" title=\"Libros-Por jorgemejia\" src=\"http:\/\/www.eloriente.net\/home\/wp-content\/uploads\/2014\/04\/Libros-Por-jorgemejia-300x200.jpg\" alt=\"\" width=\"300\" height=\"200\" srcset=\"https:\/\/www.eloriente.net\/home\/wp-content\/uploads\/2014\/04\/Libros-Por-jorgemejia-300x200.jpg 300w, https:\/\/www.eloriente.net\/home\/wp-content\/uploads\/2014\/04\/Libros-Por-jorgemejia.jpg 1024w\" sizes=\"(max-width: 300px) 100vw, 300px\" \/><\/a><\/p>\n<p>Foto:\u00a0<a href=\"https:\/\/www.flickr.com\/photos\/mejiaperalta\/\">jorgemejia<\/a><\/p>\n<p>&nbsp;<\/p>\n<p><strong>Entradas relacionadas:\u00a0<\/strong><\/p>\n<p><a title=\"Permalink to Gastan mexicanos m\u00e1s de 8 mil mdp en libros en 2012: INEGI\" href=\"http:\/\/www.eloriente.net\/home\/2014\/04\/23\/gastan-mexicanos-mas-de-8-mil-mdp-en-libros-en-2012-inegi\/\" rel=\"bookmark\">Gastan mexicanos m\u00e1s de 8 mil mdp en libros en 2012: INEGI<\/a><\/p>\n<p><a href=\"http:\/\/www.eloriente.net\/home\/2014\/04\/23\/gastan-mexicanos-mas-de-8-mil-mdp-en-libros-en-2012-inegi\/\" rel=\"bookmark\"><img decoding=\"async\" title=\"Gastan mexicanos m\u00e1s de 8 mil mdp en libros en 2012: INEGI\" src=\"http:\/\/www.eloriente.net\/home\/wp-content\/themes\/city-desk\/timthumb.php?src=http%3A%2F%2Fwww.eloriente.net%2Fhome%2Fwp-content%2Fuploads%2F2014%2F04%2FLibrer%C3%ADa-Por-Iglesia-de-Valladolid.jpg&amp;q=90&amp;w=160&amp;h=106&amp;zc=1\" alt=\"Gastan mexicanos m\u00e1s de 8 mil mdp en libros en 2012: INEGI\" \/><\/a><\/p>\n<p>eloriente.net 23 de abril de 2014 De acuerdo a cifras del Instituto de Estad\u00edstica y Geograf\u00eda (INEGI) a prop\u00f3sito del D\u00eda Mundial del Libro y el Derecho de Autor, obtenidas a partir de la Encuesta Nacional de Lectura, los mexicanos gastaron en 2012 un total de 8,391 millones de pesos en la compra de textos [&#8230;]<\/p>\n<p>April 23, 2014<\/p>\n<div id=\"post-24530\">\n<p><a title=\"Permalink to Adi\u00f3s a Gabriel Garc\u00eda M\u00e1rquez; aqu\u00ed su vida en M\u00e9xico\" href=\"http:\/\/www.eloriente.net\/home\/2014\/04\/17\/adios-a-gabriel-garcia-marquez-aqui-su-vida-en-mexico\/\" rel=\"bookmark\">Adi\u00f3s a Gabriel Garc\u00eda M\u00e1rquez; aqu\u00ed su vida en M\u00e9xico<\/a><\/p>\n<p><a href=\"http:\/\/www.eloriente.net\/home\/2014\/04\/17\/adios-a-gabriel-garcia-marquez-aqui-su-vida-en-mexico\/\" rel=\"bookmark\"><img decoding=\"async\" title=\"Adi\u00f3s a Gabriel Garc\u00eda M\u00e1rquez; aqu\u00ed su vida en M\u00e9xico\" src=\"http:\/\/www.eloriente.net\/home\/wp-content\/themes\/city-desk\/timthumb.php?src=http%3A%2F%2Fwww.eloriente.net%2Fhome%2Fwp-content%2Fuploads%2F2014%2F04%2Flgunos-derechos-reservados-por-MULADAR-NEWS-garcia-marquez.jpg&amp;q=90&amp;w=160&amp;h=106&amp;zc=1\" alt=\"Adi\u00f3s a Gabriel Garc\u00eda M\u00e1rquez; aqu\u00ed su vida en M\u00e9xico\" \/><\/a><\/p>\n<p>eloriente.net\/Agencias 17 de abril de 2014 Videos sobre el nobel en colecci\u00f3n de Agencia N22 \u00a0 Informaci\u00f3n:** El deceso ocurri\u00f3 a las 14 horas de este jueves en\u00a0su casa de la \u00a0Ciudad de M\u00e9xico. El presidente\u00a0\u00a0del Conaculta, Rafal Tovar y de Teresa, dio las condolencias a la familia del Premio Nobel de Literatura.\u00a0 El escritor [&#8230;]<\/p>\n<p>April 17, 2014<\/p>\n<p><a title=\"Permalink to 20 instituciones realizan producciones editoriales en Oaxaca #Infograf\u00eda\" href=\"http:\/\/www.eloriente.net\/home\/2014\/03\/22\/20-instituciones-realizan-producciones-editoriales-en-oaxaca\/\" rel=\"bookmark\">20 instituciones realizan producciones editoriales en Oaxaca #Infograf\u00eda<\/a><\/p>\n<p><a href=\"http:\/\/www.eloriente.net\/home\/2014\/03\/22\/20-instituciones-realizan-producciones-editoriales-en-oaxaca\/\" rel=\"bookmark\"><img decoding=\"async\" title=\"20 instituciones realizan producciones editoriales en Oaxaca #Infograf\u00eda\" src=\"http:\/\/www.eloriente.net\/home\/wp-content\/themes\/city-desk\/timthumb.php?src=http%3A%2F%2Fwww.eloriente.net%2Fhome%2Fwp-content%2Fuploads%2F2014%2F03%2FInfograf%C3%ADa-Editoriales-en-Oaxaca.jpg&amp;q=90&amp;w=160&amp;h=106&amp;zc=1\" alt=\"20 instituciones realizan producciones editoriales en Oaxaca #Infograf\u00eda\" \/><\/a><\/p>\n<p>eloriente.net 22 de marzo de 2014 En la entidad hay un total de 3.8 millones de habitantes, lo cual representa una casa editorial por cada 190 mil oaxaque\u00f1os. De acuerdo a cifras del departamento de Informaci\u00f3n Cultural de la Secretar\u00eda de las Culturas y las Artes, la producci\u00f3n editorial registrada al d\u00eda de hoy asciende [&#8230;]<\/p>\n<p>March 22, 2014<\/p>\n<\/div>\n\n\t\t\t  <div \n\t\t\t  \tclass = \"fb-comments\" \n\t\t\t  \tdata-href = \"https:\/\/www.eloriente.net\/home\/2014\/04\/23\/la-historia-de-la-palabra-escrita-es-la-historia-de-la-humanidad-irina-bokova\/\"\n\t\t\t  \tdata-numposts = \"10\"\n\t\t\t\tdata-colorscheme = \"dark\"\n\t\t\t\tdata-order-by = \"social\"\n\t\t\t\tdata-mobile=true>\n\t\t\t  <\/div>\n\t\t  <style>\n\t\t\t.fb_iframe_widget_fluid_desktop iframe {\n\t\t\t    width: 100% !important;\n\t\t\t}\n\t\t  <\/style>\n\t\t  ","protected":false},"excerpt":{"rendered":"<p>eloriente.net\/UNESCO 23 de abril de 2014 ELORIENTE.NET pone a tu alcance el mensaje \u00edntegro de Irina Bokova, directora general de la\u00a0Organizaci\u00f3n de las Naciones Unidas para la Educaci\u00f3n, la Ciencia y la Cultura (UNESCO, por sus siglas en ingl\u00e9s), con motivo\u00a0del D\u00eda Mundial del Libro y del Derecho de Autor. Deseamos lo disfrutes: \u00abLa historia [&hellip;]<\/p>\n","protected":false},"author":26,"featured_media":24745,"comment_status":"open","ping_status":"open","sticky":false,"template":"","format":"standard","meta":{"_jetpack_memberships_contains_paid_content":false,"footnotes":""},"categories":[49,18,32,10,24],"tags":[1051,180,1050,350,297,1049,419],"class_list":["post-24744","post","type-post","status-publish","format-standard","has-post-thumbnail","hentry","category-destacadas","category-educacion-y-cultura","category-entradas","category-lo-mas-reciente","category-mexico-y-el-mundo","tag-autores","tag-historia","tag-humanidad","tag-libros","tag-literatura","tag-palabras","tag-unesco"],"jetpack_featured_media_url":"https:\/\/www.eloriente.net\/home\/wp-content\/uploads\/2014\/04\/Libros-Por-jorgemejia.jpg","jetpack_sharing_enabled":true,"_links":{"self":[{"href":"https:\/\/www.eloriente.net\/home\/wp-json\/wp\/v2\/posts\/24744"}],"collection":[{"href":"https:\/\/www.eloriente.net\/home\/wp-json\/wp\/v2\/posts"}],"about":[{"href":"https:\/\/www.eloriente.net\/home\/wp-json\/wp\/v2\/types\/post"}],"author":[{"embeddable":true,"href":"https:\/\/www.eloriente.net\/home\/wp-json\/wp\/v2\/users\/26"}],"replies":[{"embeddable":true,"href":"https:\/\/www.eloriente.net\/home\/wp-json\/wp\/v2\/comments?post=24744"}],"version-history":[{"count":4,"href":"https:\/\/www.eloriente.net\/home\/wp-json\/wp\/v2\/posts\/24744\/revisions"}],"predecessor-version":[{"id":24747,"href":"https:\/\/www.eloriente.net\/home\/wp-json\/wp\/v2\/posts\/24744\/revisions\/24747"}],"wp:featuredmedia":[{"embeddable":true,"href":"https:\/\/www.eloriente.net\/home\/wp-json\/wp\/v2\/media\/24745"}],"wp:attachment":[{"href":"https:\/\/www.eloriente.net\/home\/wp-json\/wp\/v2\/media?parent=24744"}],"wp:term":[{"taxonomy":"category","embeddable":true,"href":"https:\/\/www.eloriente.net\/home\/wp-json\/wp\/v2\/categories?post=24744"},{"taxonomy":"post_tag","embeddable":true,"href":"https:\/\/www.eloriente.net\/home\/wp-json\/wp\/v2\/tags?post=24744"}],"curies":[{"name":"wp","href":"https:\/\/api.w.org\/{rel}","templated":true}]}}