{"id":24759,"date":"2014-04-23T18:36:09","date_gmt":"2014-04-24T00:36:09","guid":{"rendered":"http:\/\/www.eloriente.net\/home\/?p=24759"},"modified":"2014-04-24T11:32:41","modified_gmt":"2014-04-24T17:32:41","slug":"carta-exigen-detener-la-destruccion-de-la-sierra-de-san-felipe-en-oaxaca","status":"publish","type":"post","link":"https:\/\/www.eloriente.net\/home\/2014\/04\/23\/carta-exigen-detener-la-destruccion-de-la-sierra-de-san-felipe-en-oaxaca\/","title":{"rendered":"Carta: Exigen detener la destrucci\u00f3n de la Sierra de San Felipe en Oaxaca"},"content":{"rendered":"<p>eloriente.net<\/p>\n<p>23 de abril de 2014<\/p>\n<p>El Foro Oaxaque\u00f1o del Agua (FOA) y el Instituto de la Naturaleza y la Sociedad de Oaxaca (INSO) exigen detener el proyecto inmobiliario Diamante Verde y por lo tanto, la destrucci\u00f3n de la cordillera norte de Oaxaca, mejor conocida como la Sierra de San Felipe.<\/p>\n<p>A trav\u00e9s de una carta publicada en la <a href=\"http:\/\/forooaxaquenodelagua.wordpress.com\/\" target=\"_blank\">p\u00e1gina web del FOA<\/a>, las organizaciones ecologistas buscan informar y generar conciencia en la ciudadan\u00eda sobre el tema. Tambi\u00e9n, est\u00e1n solicitando el apoyo para recabar firmas, con la finalidad de presionar a las autoridades del ayuntamiento de Oaxaca de Ju\u00e1rez la interrupci\u00f3n del proyecto.<\/p>\n<p>ELORIENTE.NET pone a tu disposici\u00f3n la carta completa:<\/p>\n<p><strong>Amigas(os):<\/strong><\/p>\n<p>El 22 de abril se conmemor\u00f3 en todo el mundo el D\u00eda de la Madre\u00a0Tierra, este a\u00f1o con el tema Ciudades Verdes. El D\u00eda de la Tierra es\u00a0para reflexionar y actuar. Una de las m\u00faltiples maneras de hacerlo es\u00a0suscribir y difundir la carta que anexamos. El objetivo es contribuir a\u00a0movilizar a la gente para lograr que Oaxaca sea una ciudad saludable y\u00a0sustentable.<\/p>\n<p>\u00a1ALTO A LA DESTRUCCI\u00d3N DE LA CORDILLERA NORTE DE OAXACA!\u00a0A LAS AUTORIDADES FEDERALES ESTATALES Y MUNICIPALES\u00a0A LA OPINION P\u00daBLICA<\/p>\n<p>En diciembre de 2013, a unos d\u00edas de que finalizara su periodo, el\u00a0cabildo municipal de Oaxaca de Ju\u00e1rez aprob\u00f3 la subdivisi\u00f3n de\u00a0predios en San Felipe del Agua, para dar entrada a un proyecto\u00a0inmobiliario llamado Diamante Verde, como punta de lanza del crecimiento\u00a0urbano en la zona. Esto es muy preocupante: la Cordillera Norte o Sierra\u00a0de San Felipe alberga todav\u00eda una invaluable riqueza ecol\u00f3gica y\u00a0cultural; desde siglos atr\u00e1s sus comunidades, la ciudad de Oaxaca y la\u00a0regi\u00f3n de los Valles Centrales se han beneficiado de su agua, la\u00a0estabilidad clim\u00e1tica que asegura y los muchos productos del campo y\u00a0del bosque que proporciona. A las s\u00f3lidas razones biol\u00f3gicas,\u00a0productivas y de regulaci\u00f3n clim\u00e1tica, podemos a\u00f1adir las\u00a0hist\u00f3ricas, culturales, est\u00e9ticas y espirituales.<\/p>\n<p>Hoy nuestra fuente de bienestar est\u00e1 amenazada por el voraz crecimiento\u00a0urbano, la deforestaci\u00f3n, las plagas, la desintegraci\u00f3n social y\u00a0productiva de los pueblos. Hoy, sociedad y gobierno tenemos que\u00a0preguntarnos si es socialmente viable y ecol\u00f3gicamente sensato que la\u00a0ciudad crezca sobre la sierra.\u00a0Hoy, los ciudadanos y organizaciones que firmamos al calce compartimos\u00a0el pronunciamiento de la 38\u00aa asamblea del Foro Oaxaque\u00f1o del Agua:<\/p>\n<p>1. Exigimos a los gobiernos federal, estatal y municipales que cumplan\u00a0el esp\u00edritu y la letra de las disposiciones legales vigentes que\u00a0limitan el crecimiento urbano hacia la Sierra y establecen que la\u00a0conservaci\u00f3n natural es prioritaria. En particular es urgente detener\u00a0el saqueo de plantas y animales, las construcciones irregulares, el\u00a0desmonte y la contaminaci\u00f3n de r\u00edos y arroyos.<\/p>\n<p>2. Dado que la Sierra es un lugar especialmente delicado y a la vez\u00a0fundamental para la captaci\u00f3n de agua de la que dependemos todos, nos\u00a0oponemos a cualquier proyecto p\u00fablico o privado que no cumpla\u00a0escrupulosamente con la legislaci\u00f3n ambiental y no cuente con el\u00a0consentimiento informado de las comunidades aleda\u00f1as y la ciudadan\u00eda\u00a0en general, luego de discusiones p\u00fablicas y abiertas, En cambio, deben\u00a0impulsarse obras peque\u00f1as de retenci\u00f3n y filtraci\u00f3n de agua,\u00a0reforestaci\u00f3n, conservaci\u00f3n de suelos y producci\u00f3n sustentable en\u00a0toda el \u00e1rea.<\/p>\n<p>3. Es urgente y prioritario dise\u00f1ar, de manera participativa, una\u00a0estrategia integral con una perspectiva de cuenca para la regi\u00f3n, de\u00a0modo que logremos conservar sus procesos naturales y al mismo tiempo dar\u00a0opciones de mejoramiento social a sus habitantes.<\/p>\n<p><strong>Petici\u00f3n<\/strong><\/p>\n<p><strong><\/strong>Los interesados en apoyar esta demanda deber\u00e1n firmar la petici\u00f3n a trav\u00e9s del sitio <a href=\"http:\/\/www.change.org\/es-LA\/peticiones\/alto-a-la-destruccion-de-la-cordillera-norte\" target=\"_blank\">change.org<\/a>, dando click a la liga de enlace.<\/p>\n<p><strong>Minuta<\/strong><\/p>\n<p>Consulta la minuta de la \u00faltima Asamblea del FOA, realizada el pasado 7 de marzo, en la que discutieron el tema y tomaron resoluciones al respecto:<\/p>\n<p>&nbsp;<\/p>\n<div data-configid=\"5422719\/7585262\" style=\"width: 525px; height: 340px;\" class=\"issuuembed\"><\/div>\n<p><script type=\"text\/javascript\" src=\"\/\/e.issuu.com\/embed.js\" async=\"true\"><\/script><\/p>\n<p>&nbsp;<\/p>\n<p><a href=\"http:\/\/www.eloriente.net\/home\/wp-content\/uploads\/2014\/04\/Cerro-San-Felipe-Por-Wikimedia.jpg\"><img loading=\"lazy\" decoding=\"async\" class=\"alignnone size-medium wp-image-24793\" title=\"Cerro San Felipe-Por Wikimedia\" src=\"http:\/\/www.eloriente.net\/home\/wp-content\/uploads\/2014\/04\/Cerro-San-Felipe-Por-Wikimedia-300x199.jpg\" alt=\"\" width=\"300\" height=\"199\" srcset=\"https:\/\/www.eloriente.net\/home\/wp-content\/uploads\/2014\/04\/Cerro-San-Felipe-Por-Wikimedia-300x199.jpg 300w, https:\/\/www.eloriente.net\/home\/wp-content\/uploads\/2014\/04\/Cerro-San-Felipe-Por-Wikimedia-1024x680.jpg 1024w, https:\/\/www.eloriente.net\/home\/wp-content\/uploads\/2014\/04\/Cerro-San-Felipe-Por-Wikimedia.jpg 2048w\" sizes=\"(max-width: 300px) 100vw, 300px\" \/><\/a><\/p>\n<p>Foto: Wikimedia<\/p>\n<p>&nbsp;<\/p>\n<p><strong>Entradas relacionadas:<\/strong><\/p>\n<p><a title=\"Permalink to Bioarquitectando: Los talleres\" href=\"http:\/\/www.eloriente.net\/home\/2014\/04\/15\/bioarquitectando-los-talleres\/\" rel=\"bookmark\">Bioarquitectando: Los talleres<\/a><\/p>\n<p><a href=\"http:\/\/www.eloriente.net\/home\/2014\/04\/15\/bioarquitectando-los-talleres\/\" rel=\"bookmark\"><img decoding=\"async\" title=\"Bioarquitectando: Los talleres\" src=\"http:\/\/www.eloriente.net\/home\/wp-content\/themes\/city-desk\/timthumb.php?src=http%3A%2F%2Fwww.eloriente.net%2Fhome%2Fwp-content%2Fuploads%2F2014%2F04%2FEdificio-ecol%C3%B3gico-Por-G2M.jpg&amp;q=90&amp;w=160&amp;h=106&amp;zc=1\" alt=\"Bioarquitectando: Los talleres\" \/><\/a><\/p>\n<p>eloriente.net\/HUB Oaxaca 15 de abril de 2014 Por: Salvatore D\u2019Auria* Hoy en d\u00eda se ha vuelto un imperativo pensar y construir edificios m\u00e1s integrados con el medio ambiente y destinados a personas con diferentes capacidades econ\u00f3micas. Esto se debe principalmente al creciente cambio que el muy heterog\u00e9neo mundo de la construcci\u00f3n est\u00e1 experimentando en estas [&#8230;]<\/p>\n<p>April 15, 2014<\/p>\n<p><a title=\"Permalink to Fracking \u00bfuna amenaza para la salud y el medio ambiente?\" href=\"http:\/\/www.eloriente.net\/home\/2014\/03\/25\/fracking-una-amenaza-para-la-salud-y-el-medio-ambiente\/\" rel=\"bookmark\">Fracking \u00bfuna amenaza para la salud y el medio ambiente?<\/a><\/p>\n<h2><a href=\"http:\/\/www.eloriente.net\/home\/2014\/03\/25\/fracking-una-amenaza-para-la-salud-y-el-medio-ambiente\/\" rel=\"bookmark\"><img decoding=\"async\" title=\"Fracking \u00bfuna amenaza para la salud y el medio ambiente?\" src=\"http:\/\/www.eloriente.net\/home\/wp-content\/themes\/city-desk\/timthumb.php?src=http%3A%2F%2Fwww.eloriente.net%2Fhome%2Fwp-content%2Fuploads%2F2014%2F03%2Fshale-gas-in-usa.jpg&amp;q=90&amp;w=160&amp;h=106&amp;zc=1\" alt=\"Fracking \u00bfuna amenaza para la salud y el medio ambiente?\" \/><\/a><\/h2>\n<p>eloriente.net 24 de marzo de 2014 El fracking\u00a0conlleva una serie de impactos ambientales, entre ellos contaminaci\u00f3n de las aguas subterr\u00e1neas, contaminaci\u00f3n atmosf\u00e9rica, emisi\u00f3n de gases de efecto invernadero, terremotos, contaminaci\u00f3n ac\u00fastica e impactos paisaj\u00edsticos, as\u00ed lo dio a conocer la organizaci\u00f3n Green Peace. La fracturaci\u00f3n hidr\u00e1ulica (fracking) es una t\u00e9cnica\u00a0de exploraci\u00f3n, extracci\u00f3n y producci\u00f3n de [&#8230;]<\/p>\n<p>March 25, 2014<\/p>\n<div id=\"post-23001\">\n<p><a title=\"Permalink to Realizan proyecto de recuperaci\u00f3n de la cuenca del r\u00edo Verde-Atoyac\" href=\"http:\/\/www.eloriente.net\/home\/2014\/03\/22\/realizan-proyecto-de-recuperacion-de-la-cuenca-del-rio-verde-atoyac\/\" rel=\"bookmark\">Realizan proyecto de recuperaci\u00f3n de la cuenca del r\u00edo Verde-Atoyac<\/a><\/p>\n<p><a href=\"http:\/\/www.eloriente.net\/home\/2014\/03\/22\/realizan-proyecto-de-recuperacion-de-la-cuenca-del-rio-verde-atoyac\/\" rel=\"bookmark\"><img decoding=\"async\" title=\"Realizan proyecto de recuperaci\u00f3n de la cuenca del r\u00edo Verde-Atoyac\" src=\"http:\/\/www.eloriente.net\/home\/wp-content\/themes\/city-desk\/timthumb.php?src=http%3A%2F%2Fwww.eloriente.net%2Fhome%2Fwp-content%2Fuploads%2F2014%2F03%2FInfograf%C3%ADa-Cuenca-R%C3%ADo-Verde-Atoyac.jpg&amp;q=90&amp;w=160&amp;h=106&amp;zc=1\" alt=\"Realizan proyecto de recuperaci\u00f3n de la cuenca del r\u00edo Verde-Atoyac\" \/><\/a><\/p>\n<p>eloriente.net 22 de marzo de 2014 Con la finalidad de generar un cambio en la actitud social hacia el agua,\u00a0El Instituto de la Naturaleza y la Sociedad de Oaxaca, en coordinaci\u00f3n con\u00a0el Foro Oaxaque\u00f1o del Agua (FOA) y la sede Oaxaca del Fondo Mundial para la Vida Silvestre (WWF), estableci\u00f3 el proyecto \u2018Un plan com\u00fan [&#8230;]<\/p>\n<p>March 22, 2014<\/p>\n<\/div>\n\n\t\t\t  <div \n\t\t\t  \tclass = \"fb-comments\" \n\t\t\t  \tdata-href = \"https:\/\/www.eloriente.net\/home\/2014\/04\/23\/carta-exigen-detener-la-destruccion-de-la-sierra-de-san-felipe-en-oaxaca\/\"\n\t\t\t  \tdata-numposts = \"10\"\n\t\t\t\tdata-colorscheme = \"dark\"\n\t\t\t\tdata-order-by = \"social\"\n\t\t\t\tdata-mobile=true>\n\t\t\t  <\/div>\n\t\t  <style>\n\t\t\t.fb_iframe_widget_fluid_desktop iframe {\n\t\t\t    width: 100% !important;\n\t\t\t}\n\t\t  <\/style>\n\t\t  ","protected":false},"excerpt":{"rendered":"<p>eloriente.net 23 de abril de 2014 El Foro Oaxaque\u00f1o del Agua (FOA) y el Instituto de la Naturaleza y la Sociedad de Oaxaca (INSO) exigen detener el proyecto inmobiliario Diamante Verde y por lo tanto, la destrucci\u00f3n de la cordillera norte de Oaxaca, mejor conocida como la Sierra de San Felipe. A trav\u00e9s de una [&hellip;]<\/p>\n","protected":false},"author":26,"featured_media":24793,"comment_status":"open","ping_status":"open","sticky":false,"template":"","format":"standard","meta":{"_jetpack_memberships_contains_paid_content":false,"footnotes":""},"categories":[32,63,10,20,23,464,31],"tags":[606,221,1057,710,73,1058,825],"class_list":["post-24759","post","type-post","status-publish","format-standard","has-post-thumbnail","hentry","category-entradas","category-estados","category-lo-mas-reciente","category-medio-ambiente","category-municipios","category-oaxaca-estados","category-principal","tag-ambiente","tag-carta","tag-destruccion","tag-ecologia","tag-oaxaca","tag-san-felipe","tag-sierra"],"jetpack_featured_media_url":"https:\/\/www.eloriente.net\/home\/wp-content\/uploads\/2014\/04\/Cerro-San-Felipe-Por-Wikimedia.jpg","jetpack_sharing_enabled":true,"_links":{"self":[{"href":"https:\/\/www.eloriente.net\/home\/wp-json\/wp\/v2\/posts\/24759"}],"collection":[{"href":"https:\/\/www.eloriente.net\/home\/wp-json\/wp\/v2\/posts"}],"about":[{"href":"https:\/\/www.eloriente.net\/home\/wp-json\/wp\/v2\/types\/post"}],"author":[{"embeddable":true,"href":"https:\/\/www.eloriente.net\/home\/wp-json\/wp\/v2\/users\/26"}],"replies":[{"embeddable":true,"href":"https:\/\/www.eloriente.net\/home\/wp-json\/wp\/v2\/comments?post=24759"}],"version-history":[{"count":10,"href":"https:\/\/www.eloriente.net\/home\/wp-json\/wp\/v2\/posts\/24759\/revisions"}],"predecessor-version":[{"id":24765,"href":"https:\/\/www.eloriente.net\/home\/wp-json\/wp\/v2\/posts\/24759\/revisions\/24765"}],"wp:featuredmedia":[{"embeddable":true,"href":"https:\/\/www.eloriente.net\/home\/wp-json\/wp\/v2\/media\/24793"}],"wp:attachment":[{"href":"https:\/\/www.eloriente.net\/home\/wp-json\/wp\/v2\/media?parent=24759"}],"wp:term":[{"taxonomy":"category","embeddable":true,"href":"https:\/\/www.eloriente.net\/home\/wp-json\/wp\/v2\/categories?post=24759"},{"taxonomy":"post_tag","embeddable":true,"href":"https:\/\/www.eloriente.net\/home\/wp-json\/wp\/v2\/tags?post=24759"}],"curies":[{"name":"wp","href":"https:\/\/api.w.org\/{rel}","templated":true}]}}