{"id":25448,"date":"2014-05-07T10:50:52","date_gmt":"2014-05-07T16:50:52","guid":{"rendered":"http:\/\/www.eloriente.net\/home\/?p=25448"},"modified":"2014-05-07T10:50:52","modified_gmt":"2014-05-07T16:50:52","slug":"7may14-en-vivo-sesion-del-senado-de-la-republica","status":"publish","type":"post","link":"https:\/\/www.eloriente.net\/home\/2014\/05\/07\/7may14-en-vivo-sesion-del-senado-de-la-republica\/","title":{"rendered":"7\/May\/14 En vivo: Sesi\u00f3n del Senado de la Rep\u00fablica"},"content":{"rendered":"<p>eloriente.net\/<a href=\"http:\/\/www.senado.gob.mx\/\" target=\"_blank\">Senado de la Rep\u00fablica<\/a><\/p>\n<p>7 de mayo de 2014<\/p>\n<p>Conscientes de su importancia para la vida de la comunidad, nos enlazamos con la se\u00f1al del Senado de la Rep\u00fablica para la sesi\u00f3n ordinaria de este d\u00eda.<\/p>\n<p>Para verificar el orden del d\u00eda de la sesi\u00f3n de hoy, da click a la siguiente\u00a0<a href=\"http:\/\/www.senado.gob.mx\/?ver=sp&amp;mn=2&amp;sm=2&amp;id=47381\" target=\"_blank\">liga<\/a>.<\/p>\n<p>&nbsp;<\/p>\n<p><iframe loading=\"lazy\" src=\"\/\/www.youtube.com\/embed\/_ISUd8hB42c\" frameborder=\"0\" width=\"560\" height=\"315\"><\/iframe><\/p>\n<p>Video:\u00a0<a dir=\"ltr\" href=\"https:\/\/www.youtube.com\/user\/SenadoLXILegislatura\" data-sessionlink=\"feature=watch&amp;ei=L2JqU__pD5OY-gPczIHIBg\" data-ytid=\"UCoeJxDc717MNVJtUsQW20Qg\" data-name=\"watch\">Senado de M\u00e9xico.<\/a><\/p>\n<p>&nbsp;<\/p>\n<p><a href=\"http:\/\/www.eloriente.net\/home\/wp-content\/uploads\/2013\/12\/senado1.jpg\"><img loading=\"lazy\" decoding=\"async\" class=\"alignnone size-medium wp-image-18543\" title=\"senado\" src=\"http:\/\/www.eloriente.net\/home\/wp-content\/uploads\/2013\/12\/senado1-300x174.jpg\" alt=\"\" width=\"300\" height=\"174\" srcset=\"https:\/\/www.eloriente.net\/home\/wp-content\/uploads\/2013\/12\/senado1-300x174.jpg 300w, https:\/\/www.eloriente.net\/home\/wp-content\/uploads\/2013\/12\/senado1.jpg 944w\" sizes=\"(max-width: 300px) 100vw, 300px\" \/><\/a><\/p>\n<p>&nbsp;<\/p>\n<p><strong>Entradas relacionadas:<\/strong><\/p>\n<p><a title=\"Permalink to Congreso: el cheque en blanco debe terminarse\" href=\"http:\/\/www.eloriente.net\/home\/2014\/05\/07\/congreso-el-cheque-en-blanco-debe-terminarse\/\" rel=\"bookmark\">Congreso: el cheque en blanco debe terminarse<\/a><\/p>\n<p><a href=\"http:\/\/www.eloriente.net\/home\/2014\/05\/07\/congreso-el-cheque-en-blanco-debe-terminarse\/\" rel=\"bookmark\"><img decoding=\"async\" title=\"Congreso: el cheque en blanco debe terminarse\" src=\"http:\/\/www.eloriente.net\/home\/wp-content\/themes\/city-desk\/timthumb.php?src=http%3A%2F%2Fwww.eloriente.net%2Fhome%2Fwp-content%2Fuploads%2F2014%2F03%2FCongreso.jpg&amp;q=90&amp;w=160&amp;h=106&amp;zc=1\" alt=\"Congreso: el cheque en blanco debe terminarse\" \/><\/a><\/p>\n<p>eloriente.net 7 de mayo de 2014 Por: Adri\u00e1n Ortiz Romero Congreso: el cheque en blanco debe terminarse\u00a0\u00a0 Coordinadores: el descaro junto a la opacidad Una de las razones por las que se reform\u00f3 recientemente el art\u00edculo 116 constitucional, para establecer la reelecci\u00f3n legislativa hasta por cuatro periodos de los legisladores de las entidades federativas, es [&#8230;]<\/p>\n<p>May 7, 2014<\/p>\n<p><a title=\"Permalink to La letra peque\u00f1a de las reformas\" href=\"http:\/\/www.eloriente.net\/home\/2014\/05\/06\/la-letra-pequena-de-las-reformas\/\" rel=\"bookmark\">La letra peque\u00f1a de las reformas<\/a><\/p>\n<p><a href=\"http:\/\/www.eloriente.net\/home\/2014\/05\/06\/la-letra-pequena-de-las-reformas\/\" rel=\"bookmark\"><img decoding=\"async\" title=\"La letra peque\u00f1a de las reformas\" src=\"http:\/\/www.eloriente.net\/home\/wp-content\/themes\/city-desk\/timthumb.php?src=http%3A%2F%2Fwww.eloriente.net%2Fhome%2Fwp-content%2Fuploads%2F2013%2F12%2Fcamara-de-diputados-sesion-ordinaria1.jpg&amp;q=90&amp;w=160&amp;h=106&amp;zc=1\" alt=\"La letra peque\u00f1a de las reformas\" \/><\/a><\/p>\n<p>eloriente.net 6 de mayo de 2014 Por: Miguel Carbonell A nuestros pol\u00edticos les encanta hacer grandes reformas, de esas que se llaman estructurales. Se complacen en tomar la Constituci\u00f3n e irle a\u00f1adiendo p\u00e1ginas y p\u00e1ginas, como si fueran los primeros a los que se les ocurri\u00f3 una idea o como si se tratara de reescribir [&#8230;]<\/p>\n<p>May 6, 2014<\/p>\n<p><a title=\"Permalink to \u201cY tuvimos refiner\u00eda de Pemex\u201d, un art\u00edculo de Oswaldo Garc\u00eda Criollo\" href=\"http:\/\/www.eloriente.net\/home\/2014\/05\/05\/y-tuvimos-refineria-de-pemex-un-articulo-de-oswaldo-garcia-criollo\/\" rel=\"bookmark\">\u201cY tuvimos refiner\u00eda de Pemex\u201d, un art\u00edculo de Oswaldo Garc\u00eda Criollo<\/a><\/p>\n<p><a href=\"http:\/\/www.eloriente.net\/home\/2014\/05\/05\/y-tuvimos-refineria-de-pemex-un-articulo-de-oswaldo-garcia-criollo\/\" rel=\"bookmark\"><img decoding=\"async\" title=\"\u201cY tuvimos refiner\u00eda de Pemex\u201d, un art\u00edculo de Oswaldo Garc\u00eda Criollo\" src=\"http:\/\/www.eloriente.net\/home\/wp-content\/themes\/city-desk\/timthumb.php?src=http%3A%2F%2Fwww.eloriente.net%2Fhome%2Fwp-content%2Fuploads%2F2014%2F05%2FRefiner%C3%ADa-Por-Petr%C3%B3leos-Mexicanos.jpg&amp;q=90&amp;w=160&amp;h=106&amp;zc=1\" alt=\"\u201cY tuvimos refiner\u00eda de Pemex\u201d, un art\u00edculo de Oswaldo Garc\u00eda Criollo\" \/><\/a><\/p>\n<p>eloriente.net 5 de mayo de 2014 Mar de fondo \u201cEl conocimiento es solo una de las representaciones\u00a0 de la existencia\u201d:\u00a0Jos\u00e9 Vasconcelos Por: Oswaldo Garc\u00eda Criollo En abril de este a\u00f1o se cumplieron 35 a\u00f1os de haberse puesto en servicio la refiner\u00eda de Salina Cruz propiedad de Pemex y se supone de todos los mexicanos. En [&#8230;]<\/p>\n<p>May 5, 2014<\/p>\n\n\t\t\t  <div \n\t\t\t  \tclass = \"fb-comments\" \n\t\t\t  \tdata-href = \"https:\/\/www.eloriente.net\/home\/2014\/05\/07\/7may14-en-vivo-sesion-del-senado-de-la-republica\/\"\n\t\t\t  \tdata-numposts = \"10\"\n\t\t\t\tdata-colorscheme = \"dark\"\n\t\t\t\tdata-order-by = \"social\"\n\t\t\t\tdata-mobile=true>\n\t\t\t  <\/div>\n\t\t  <style>\n\t\t\t.fb_iframe_widget_fluid_desktop iframe {\n\t\t\t    width: 100% !important;\n\t\t\t}\n\t\t  <\/style>\n\t\t  ","protected":false},"excerpt":{"rendered":"<p>eloriente.net\/Senado de la Rep\u00fablica 7 de mayo de 2014 Conscientes de su importancia para la vida de la comunidad, nos enlazamos con la se\u00f1al del Senado de la Rep\u00fablica para la sesi\u00f3n ordinaria de este d\u00eda. Para verificar el orden del d\u00eda de la sesi\u00f3n de hoy, da click a la siguiente\u00a0liga. &nbsp; Video:\u00a0Senado de [&hellip;]<\/p>\n","protected":false},"author":26,"featured_media":18543,"comment_status":"open","ping_status":"open","sticky":false,"template":"","format":"standard","meta":{"_jetpack_memberships_contains_paid_content":false,"footnotes":""},"categories":[4,32,10,21],"tags":[312,246,265,484,502,261,259],"class_list":["post-25448","post","type-post","status-publish","format-standard","has-post-thumbnail","hentry","category-canal-2-en-vivo","category-entradas","category-lo-mas-reciente","category-politica-y-gobierno","tag-ciudadania","tag-congreso","tag-legislacion","tag-poder","tag-republica","tag-senado","tag-sesion"],"jetpack_featured_media_url":"https:\/\/www.eloriente.net\/home\/wp-content\/uploads\/2013\/12\/senado1.jpg","jetpack_sharing_enabled":true,"_links":{"self":[{"href":"https:\/\/www.eloriente.net\/home\/wp-json\/wp\/v2\/posts\/25448"}],"collection":[{"href":"https:\/\/www.eloriente.net\/home\/wp-json\/wp\/v2\/posts"}],"about":[{"href":"https:\/\/www.eloriente.net\/home\/wp-json\/wp\/v2\/types\/post"}],"author":[{"embeddable":true,"href":"https:\/\/www.eloriente.net\/home\/wp-json\/wp\/v2\/users\/26"}],"replies":[{"embeddable":true,"href":"https:\/\/www.eloriente.net\/home\/wp-json\/wp\/v2\/comments?post=25448"}],"version-history":[{"count":2,"href":"https:\/\/www.eloriente.net\/home\/wp-json\/wp\/v2\/posts\/25448\/revisions"}],"predecessor-version":[{"id":25452,"href":"https:\/\/www.eloriente.net\/home\/wp-json\/wp\/v2\/posts\/25448\/revisions\/25452"}],"wp:featuredmedia":[{"embeddable":true,"href":"https:\/\/www.eloriente.net\/home\/wp-json\/wp\/v2\/media\/18543"}],"wp:attachment":[{"href":"https:\/\/www.eloriente.net\/home\/wp-json\/wp\/v2\/media?parent=25448"}],"wp:term":[{"taxonomy":"category","embeddable":true,"href":"https:\/\/www.eloriente.net\/home\/wp-json\/wp\/v2\/categories?post=25448"},{"taxonomy":"post_tag","embeddable":true,"href":"https:\/\/www.eloriente.net\/home\/wp-json\/wp\/v2\/tags?post=25448"}],"curies":[{"name":"wp","href":"https:\/\/api.w.org\/{rel}","templated":true}]}}