{"id":25460,"date":"2014-05-07T13:11:58","date_gmt":"2014-05-07T19:11:58","guid":{"rendered":"http:\/\/www.eloriente.net\/home\/?p=25460"},"modified":"2014-05-08T17:32:48","modified_gmt":"2014-05-08T23:32:48","slug":"escucha-a-jorge-machorro-gladiola-orozco-e-ivet-toledo-en-todo-oaxaca-radio-6may14","status":"publish","type":"post","link":"https:\/\/www.eloriente.net\/home\/2014\/05\/07\/escucha-a-jorge-machorro-gladiola-orozco-e-ivet-toledo-en-todo-oaxaca-radio-6may14\/","title":{"rendered":"Escucha a Jorge Machorro, Gladiola Orozco e Ivet Toledo en Todo Oaxaca Radio 6\/May\/14"},"content":{"rendered":"<p>todooaxacaradio.com<\/p>\n<p>7 de mayo de 2014<\/p>\n<p>Como cada martes, en punto de las 17:00 horas se transmiti\u00f3 el programa Todo Oaxaca Radio completamente en vivo desde la Ciudad de Oaxaca de Ju\u00e1rez, a trav\u00e9s de las frecuencias abiertas 570 AM, 94.9 FM y para todo el mundo a trav\u00e9s de www.todooaxacaradio.com.<\/p>\n<p>El programa es conducido por Rub\u00e9n Vasconcelos Beltr\u00e1n, cronista de la Ciudad de Oaxaca, as\u00ed como Guadalupe Zarza Brise\u00f1o, reconocida empresaria y representante de la sociedad civil.<\/p>\n<p><strong>Nuestros temas e invitados del 6 de mayo de 2014<\/strong><\/p>\n<p>En esta primera emisi\u00f3n de mayo de 2014, charlamos con tres personalidades para abordar temas de inter\u00e9s de car\u00e1cter cultural y salud que concierne a nuestra entidad oaxaque\u00f1a \u00bfquieres saber m\u00e1s? Escucha el programa dando click en el reproductor localizado al final de la redacci\u00f3n.<\/p>\n<p><strong>Minuto 15<strong>\u201925<strong>\u2019<\/strong><strong>\u2019<\/strong><\/strong><\/strong><\/p>\n<p>Jorge Machorro Flores, Director de Cultura del ayuntamiento de Oaxaca de Ju\u00e1rez.<\/p>\n<p><em>\u201cHe visto a acudir y participar a personas de todas las edades en las actividades del Festival Oaxaca, 482 aniversario de la ciudad\u201d<\/em><\/p>\n<p><em>\u201cLa programaci\u00f3n del Festival Oaxaca destac\u00f3 fundamentalmente a ciudadanos creadores de artes\u201d<\/em><\/p>\n<p><em>\u201cLas tradiciones y costumbres de los oaxaque\u00f1os han estado presentes, aunado en las actividades de vanguardia y los temas del momento\u201d<\/em><\/p>\n<p><em>\u201cPasado ma\u00f1ana concluyen las festividades con una conferencia de Carlos Aguilar Jim\u00e9nez del observatorio astron\u00f3mico municipal y un concierto de la familia de m\u00fasicos los Urbieta\u201d<\/em><\/p>\n<p><em>\u201cCuando hay amor por las cosas, a pesar de las adversidades, se saca la casta y el suceso esc\u00e9nico\u201d<\/em><\/p>\n<p>&nbsp;<\/p>\n<p><a href=\"http:\/\/www.eloriente.net\/home\/wp-content\/uploads\/2014\/05\/Jorge-Machorro.jpg\"><img loading=\"lazy\" decoding=\"async\" class=\"aligncenter\" style=\"-webkit-user-select: none; cursor: -webkit-zoom-in;\" src=\"http:\/\/www.eloriente.net\/home\/wp-content\/uploads\/2014\/05\/Jorge-Machorro.jpg\" alt=\"\" width=\"307\" height=\"209\" \/><\/a><\/p>\n<p>&nbsp;<\/p>\n<p><strong>Minuto 32<strong>\u201942<strong>\u2019<\/strong><strong>\u2019<\/strong><\/strong><\/strong><\/p>\n<p>Mtra. Gladiola Orozco, coordinadora del evento \u00abHomenaje a Rodolfo Morales en las artes\u00bb<\/p>\n<p><em>\u201cEl jueves 8 de mayo se realizar\u00e1 a las 19:00 horas en el Teatro Macedonio Alcal\u00e1 se llevar\u00e1 a cabo un homenaje p\u00f3stumo a Rodolfo Morales\u201d<\/em><\/p>\n<p><em>\u201cEl Mtro. Rodolfo Morales no solo fue un gran ciudadano de Oaxaca, sino de M\u00e9xico y universal. Su calidad como ser humano y pintor, junto con su generosidad, trascendi\u00f3 en todo el mundo\u201d<\/em><\/p>\n<p><em>\u201cSu mayor preocupaci\u00f3n era la educaci\u00f3n y al desarrollo cultural, nunca escatim\u00f3 con su dinero y trabajo para dar y ayudar\u201d<\/em><\/p>\n<p><em>\u201cRodolfo Morales fue una persona que adem\u00e1s apoy\u00f3 a danza, m\u00fasica, arquitectura, etc\u00e9tera\u201d<\/em><\/p>\n<p><em>\u201cYo voy a donar a la fundaci\u00f3n 15 collages que Rodolfo Morales me regal\u00f3 con mucho amor\u201d<\/em><\/p>\n<p>&nbsp;<\/p>\n<p><a href=\"http:\/\/www.eloriente.net\/home\/wp-content\/uploads\/2014\/05\/Gladiola-Orozco.jpg\"><img loading=\"lazy\" decoding=\"async\" class=\"size-medium wp-image-25465 aligncenter\" title=\"Gladiola-Orozco\" src=\"http:\/\/www.eloriente.net\/home\/wp-content\/uploads\/2014\/05\/Gladiola-Orozco-300x197.jpg\" alt=\"\" width=\"300\" height=\"197\" srcset=\"https:\/\/www.eloriente.net\/home\/wp-content\/uploads\/2014\/05\/Gladiola-Orozco-300x197.jpg 300w, https:\/\/www.eloriente.net\/home\/wp-content\/uploads\/2014\/05\/Gladiola-Orozco-1024x675.jpg 1024w\" sizes=\"(max-width: 300px) 100vw, 300px\" \/><\/a><\/p>\n<p>&nbsp;<\/p>\n<p><strong>Minuto 48<strong>\u201908<strong>\u2019<\/strong><strong>\u2019<\/strong><\/strong><\/strong><\/p>\n<p>Lic. Ivet Toledo Ramos, directora de la AMANC Oaxaca, Asociaci\u00f3n Mexicana de Ayuda a Ni\u00f1os con C\u00e1ncer.<\/p>\n<p><em>\u201cHablar de AMANC, es hablar de un sistema de acompa\u00f1amiento para el ni\u00f1o con c\u00e1ncer y su familia\u201d<\/em><\/p>\n<p><em>\u201cAMANC brinda apoyo a ni\u00f1os desde los cero a\u00f1os hasta j\u00f3venes de 19 a\u00f1os. El c\u00e1ncer es m\u00e1s frecuente en peque\u00f1os entre los 5 y los 9 a\u00f1os\u201d<\/em><\/p>\n<p><em>\u201cLos primeros s\u00edntomas de c\u00e1ncer en los ni\u00f1os son sangrados de la nariz, dolores constantes de cabeza, v\u00f3mito y mareas, los cuales f\u00e1cilmente se pueden confundir con alguna enfermedad menos grave\u201d<\/em><\/p>\n<p><em>\u201cAMANC est\u00e1 trabajando en conjunto con el Hospital de la Ni\u00f1ez Oaxaque\u00f1a; de hecho la asociaci\u00f3n est\u00e1 ubicado dentro de las instalaciones del mismo, estamos en un anexo\u00bb<\/em><\/p>\n<p><em>\u201cNosotros realizamos estudios socioecon\u00f3micos a las familias con un ni\u00f1o con c\u00e1ncer para ofrecerles hospedaje, alimentaci\u00f3n, medicaci\u00f3n, apoyo psicol\u00f3gico y transporte\u201d<\/em><\/p>\n<p>&nbsp;<\/p>\n<p><a href=\"http:\/\/www.eloriente.net\/home\/wp-content\/uploads\/2014\/05\/Ivet-Toledo.jpg\" target=\"_blank\"><img loading=\"lazy\" decoding=\"async\" class=\"aligncenter\" style=\"-webkit-user-select: none; cursor: -webkit-zoom-in;\" src=\"http:\/\/www.eloriente.net\/home\/wp-content\/uploads\/2014\/05\/Ivet-Toledo.jpg\" alt=\"\" width=\"314\" height=\"209\" \/><\/a><\/p>\n<p>&nbsp;<\/p>\n<p><iframe loading=\"lazy\" src=\"http:\/\/www.ivoox.com\/player_ek_3093987_2_1.html?data=lJWmlZ6ce46ZmKial5mJd6Kkk5KSmaiRdo6ZmKiakpKJe6ShkZKSmaiRmNDY0JC8w93Fp8Kfs8bRy9SPeoamp7LO29SJdqellZCah5yncbXjxdSYscbcpcTVjLfOxs7TcYarpJKh&amp;\" frameborder=\"0\" scrolling=\"no\" width=\"238\" height=\"48\"><\/iframe><\/p>\n<p>&nbsp;<\/p>\n<p><strong>Entradas relacionadas:<\/strong><\/p>\n<p><a title=\"Permalink to Escucha a Galileo Robles, X\u00f3chitl Cruz, Fernando Mino y Jos\u00e9 Laz en Todo Oaxaca Radio 29\/Abr\/14\" href=\"http:\/\/www.eloriente.net\/home\/2014\/04\/30\/escucha-a-galileo-robles-xochitl-cruz-fernando-mino-y-jose-laz-en-todo-oaxaca-radio-29abr14\/\" rel=\"bookmark\">Escucha a Galileo Robles, X\u00f3chitl Cruz, Fernando Mino y Jos\u00e9 Laz en Todo Oaxaca Radio 29\/Abr\/14<\/a><\/p>\n<p><a href=\"http:\/\/www.eloriente.net\/home\/2014\/04\/30\/escucha-a-galileo-robles-xochitl-cruz-fernando-mino-y-jose-laz-en-todo-oaxaca-radio-29abr14\/\" rel=\"bookmark\"><img decoding=\"async\" title=\"Escucha a Galileo Robles, X\u00f3chitl Cruz, Fernando Mino y Jos\u00e9 Laz en Todo Oaxaca Radio 29\/Abr\/14\" src=\"http:\/\/www.eloriente.net\/home\/wp-content\/themes\/city-desk\/timthumb.php?src=http%3A%2F%2Fwww.eloriente.net%2Fhome%2Fwp-content%2Fuploads%2F2014%2F04%2FRobles-y-Cruz.jpg&amp;q=90&amp;w=160&amp;h=106&amp;zc=1\" alt=\"Escucha a Galileo Robles, X\u00f3chitl Cruz, Fernando Mino y Jos\u00e9 Laz en Todo Oaxaca Radio 29\/Abr\/14\" \/><\/a><\/p>\n<p>todooaxacaradio.com 30 de abril de 2014 Como cada martes, en punto de las 17:00 horas se transmiti\u00f3 el programa Todo Oaxaca Radio completamente en vivo desde la Ciudad de Oaxaca de Ju\u00e1rez, a trav\u00e9s de las frecuencias abiertas 570 AM, 94.9 FM y para todo el mundo a trav\u00e9s de www.todooaxacaradio.com. El programa es conducido [&#8230;]<\/p>\n<p>April 30, 2014<\/p>\n<div id=\"post-24738\">\n<p><a title=\"Permalink to Escucha a Jorge Machorro y Jaime Katz en Todo Oaxaca Radio 22\/Abr\/14\" href=\"http:\/\/www.eloriente.net\/home\/2014\/04\/23\/escucha-a-jorge-machorro-y-jaime-katz-en-todo-oaxaca-radio-22abr14\/\" rel=\"bookmark\">Escucha a Jorge Machorro y Jaime Katz en Todo Oaxaca Radio 22\/Abr\/14<\/a><\/p>\n<p><a href=\"http:\/\/www.eloriente.net\/home\/2014\/04\/23\/escucha-a-jorge-machorro-y-jaime-katz-en-todo-oaxaca-radio-22abr14\/\" rel=\"bookmark\"><img decoding=\"async\" title=\"Escucha a Jorge Machorro y Jaime Katz en Todo Oaxaca Radio 22\/Abr\/14\" src=\"http:\/\/www.eloriente.net\/home\/wp-content\/themes\/city-desk\/timthumb.php?src=http%3A%2F%2Fwww.eloriente.net%2Fhome%2Fwp-content%2Fuploads%2F2014%2F04%2FKatz-Machorro.jpg&amp;q=90&amp;w=160&amp;h=106&amp;zc=1\" alt=\"Escucha a Jorge Machorro y Jaime Katz en Todo Oaxaca Radio 22\/Abr\/14\" \/><\/a><\/p>\n<p>todooaxacaradio.com 23 de abril de 2014 Como cada martes, en punto de las 17:00 horas se transmiti\u00f3 el programa Todo Oaxaca Radio completamente en vivo desde la Ciudad de Oaxaca de Ju\u00e1rez, a trav\u00e9s de las frecuencias abiertas 570 AM, 94.9 FM y para todo el mundo a trav\u00e9s de www.todooaxacaradio.com. El programa es conducido [&#8230;]<\/p>\n<p>April 23, 2014<\/p>\n<\/div>\n<div id=\"post-24522\">\n<p><a title=\"Permalink to Escucha a Yannik Gonz\u00e1lez, Oscar Morales y Enrique Guajiro en Todo Oaxaca Radio 15\/Abr\/14\" href=\"http:\/\/www.eloriente.net\/home\/2014\/04\/17\/escucha-a-yannik-gonzalez-oscar-morales-y-enrique-guajiro-en-todo-oaxaca-radio-15abr14\/\" rel=\"bookmark\">Escucha a Yannik Gonz\u00e1lez, Oscar Morales y Enrique Guajiro en Todo Oaxaca Radio 15\/Abr\/14<\/a><\/p>\n<p><a href=\"http:\/\/www.eloriente.net\/home\/2014\/04\/17\/escucha-a-yannik-gonzalez-oscar-morales-y-enrique-guajiro-en-todo-oaxaca-radio-15abr14\/\" rel=\"bookmark\"><img decoding=\"async\" title=\"Escucha a Yannik Gonz\u00e1lez, Oscar Morales y Enrique Guajiro en Todo Oaxaca Radio 15\/Abr\/14\" src=\"http:\/\/www.eloriente.net\/home\/wp-content\/themes\/city-desk\/timthumb.php?src=http%3A%2F%2Fwww.eloriente.net%2Fhome%2Fwp-content%2Fuploads%2F2014%2F04%2FYannik-y-Oscar.jpg&amp;q=90&amp;w=160&amp;h=106&amp;zc=1\" alt=\"Escucha a Yannik Gonz\u00e1lez, Oscar Morales y Enrique Guajiro en Todo Oaxaca Radio 15\/Abr\/14\" \/><\/a><\/p>\n<p>todooaxacaradio.com 17 de abril de 2014 Como cada martes, en punto de las 17:00 horas se transmiti\u00f3 el programa Todo Oaxaca Radio completamente en vivo desde la Ciudad de Oaxaca de Ju\u00e1rez, a trav\u00e9s de las frecuencias abiertas 570 AM, 94.9 FM y para todo el mundo a trav\u00e9s de www.todooaxacaradio.com. El programa es conducido [&#8230;]<\/p>\n<p>April 17, 2014<\/p>\n<\/div>\n\n\t\t\t  <div \n\t\t\t  \tclass = \"fb-comments\" \n\t\t\t  \tdata-href = \"https:\/\/www.eloriente.net\/home\/2014\/05\/07\/escucha-a-jorge-machorro-gladiola-orozco-e-ivet-toledo-en-todo-oaxaca-radio-6may14\/\"\n\t\t\t  \tdata-numposts = \"10\"\n\t\t\t\tdata-colorscheme = \"dark\"\n\t\t\t\tdata-order-by = \"social\"\n\t\t\t\tdata-mobile=true>\n\t\t\t  <\/div>\n\t\t  <style>\n\t\t\t.fb_iframe_widget_fluid_desktop iframe {\n\t\t\t    width: 100% !important;\n\t\t\t}\n\t\t  <\/style>\n\t\t  ","protected":false},"excerpt":{"rendered":"<p>todooaxacaradio.com 7 de mayo de 2014 Como cada martes, en punto de las 17:00 horas se transmiti\u00f3 el programa Todo Oaxaca Radio completamente en vivo desde la Ciudad de Oaxaca de Ju\u00e1rez, a trav\u00e9s de las frecuencias abiertas 570 AM, 94.9 FM y para todo el mundo a trav\u00e9s de www.todooaxacaradio.com. El programa es conducido [&hellip;]<\/p>\n","protected":false},"author":26,"featured_media":25465,"comment_status":"open","ping_status":"open","sticky":false,"template":"","format":"standard","meta":{"_jetpack_memberships_contains_paid_content":false,"footnotes":""},"categories":[29,32,63,23,464,12],"tags":[],"class_list":["post-25460","post","type-post","status-publish","format-standard","has-post-thumbnail","hentry","category-capital","category-entradas","category-estados","category-municipios","category-oaxaca-estados","category-todo-oaxaca-radio"],"jetpack_featured_media_url":"https:\/\/www.eloriente.net\/home\/wp-content\/uploads\/2014\/05\/Gladiola-Orozco.jpg","jetpack_sharing_enabled":true,"_links":{"self":[{"href":"https:\/\/www.eloriente.net\/home\/wp-json\/wp\/v2\/posts\/25460"}],"collection":[{"href":"https:\/\/www.eloriente.net\/home\/wp-json\/wp\/v2\/posts"}],"about":[{"href":"https:\/\/www.eloriente.net\/home\/wp-json\/wp\/v2\/types\/post"}],"author":[{"embeddable":true,"href":"https:\/\/www.eloriente.net\/home\/wp-json\/wp\/v2\/users\/26"}],"replies":[{"embeddable":true,"href":"https:\/\/www.eloriente.net\/home\/wp-json\/wp\/v2\/comments?post=25460"}],"version-history":[{"count":12,"href":"https:\/\/www.eloriente.net\/home\/wp-json\/wp\/v2\/posts\/25460\/revisions"}],"predecessor-version":[{"id":25561,"href":"https:\/\/www.eloriente.net\/home\/wp-json\/wp\/v2\/posts\/25460\/revisions\/25561"}],"wp:featuredmedia":[{"embeddable":true,"href":"https:\/\/www.eloriente.net\/home\/wp-json\/wp\/v2\/media\/25465"}],"wp:attachment":[{"href":"https:\/\/www.eloriente.net\/home\/wp-json\/wp\/v2\/media?parent=25460"}],"wp:term":[{"taxonomy":"category","embeddable":true,"href":"https:\/\/www.eloriente.net\/home\/wp-json\/wp\/v2\/categories?post=25460"},{"taxonomy":"post_tag","embeddable":true,"href":"https:\/\/www.eloriente.net\/home\/wp-json\/wp\/v2\/tags?post=25460"}],"curies":[{"name":"wp","href":"https:\/\/api.w.org\/{rel}","templated":true}]}}