{"id":25461,"date":"2014-05-07T11:59:08","date_gmt":"2014-05-07T17:59:08","guid":{"rendered":"http:\/\/www.eloriente.net\/home\/?p=25461"},"modified":"2014-05-07T15:45:22","modified_gmt":"2014-05-07T21:45:22","slug":"lang-lang-glorioso-pianista-chino-brindara-clase-magistral-en-mexico","status":"publish","type":"post","link":"https:\/\/www.eloriente.net\/home\/2014\/05\/07\/lang-lang-glorioso-pianista-chino-brindara-clase-magistral-en-mexico\/","title":{"rendered":"Lang Lang, glorioso pianista chino, brindar\u00e1 Clase Magistral en M\u00e9xico"},"content":{"rendered":"<p>eloriente.net\/Agencia N22<\/p>\n<p>7 de mayo de 2014<\/p>\n<p><strong>CIUDAD DE M\u00c9XICO, M\u00e9xico, (N22\/Redacci\u00f3n).-<\/strong> En una iniciativa por la compa\u00f1\u00eda\u00a0<em>Telef\u00f3nica<\/em>, dedicada a\u00a0 la innovaci\u00f3n de productos y servicios de telecomunicaciones. El pianista chino\u00a0Lang Lang\u00a0brindar\u00e1 una clase magistral en la Sala Telef\u00f3nica delCentro Cultural Roberto Cantoral\u00a0y un concierto los d\u00edas 22 y 23 de junio en el\u00a0Palacio de Bellas Artes.<\/p>\n<p>El pianista chino se ha distinguido por enfocar sus esfuerzos para ayudar a los j\u00f3venes a trav\u00e9s de la m\u00fasica. \u00abLang Lang ha transformado el panorama musical, apoy\u00e1ndose en una serie de valores que comparte con\u00a0<em>Telef\u00f3nica<\/em>, como la transformaci\u00f3n del mundo a trav\u00e9s del talento, la innovaci\u00f3n y un profundo compromiso social, colaborando con j\u00f3venes en todo el mundo\u00bb, se\u00f1al\u00f3 Francisco Caballero, director de Comunicaci\u00f3n Corporativa de dicha empresa.<\/p>\n<p>Seg\u00fan la informaci\u00f3n publicada por la empresa, los interesados deber\u00e1n grabar un video interpretando una obra de\u00a0Johann Sebastian Bach\u00a0y un estudio o una pieza musical de car\u00e1cter virtuoso y subirla al enlace<em>www.telefonica.com.mx\/lang-lang<\/em>\u00a0antes del 3 de junio de este a\u00f1o.<\/p>\n<p>La primera fase del concurso se realizar\u00e1 en l\u00ednea y mediante las votaciones del p\u00fablico se elegir\u00e1n siete finalistas, que podr\u00e1n asistir al concierto que ofrecer\u00e1 Lang Lang en el Palacio de Bellas Artes el 23 de junio. Finalmente, un jurado integrado por m\u00fasicos de reconocido prestigio seleccionar\u00e1 a los tres ganadores que podr\u00e1n participar en la clase magistral.<\/p>\n<p>El artista chino ha sido considerado un s\u00edmbolo de la juventud en el mundo, inspirando a m\u00e1s de 40 millones de ni\u00f1os de su pa\u00eds a aprender a tocar m\u00fasica cl\u00e1sica en el piano. Lang Lang es el \u00abartista puntero en el panorama de la m\u00fasica cl\u00e1sica actual\u00bb, seg\u00fan el diario norteamericano\u00a0<em>The New York Times.<\/em><\/p>\n<p>Con informaci\u00f3n de\u00a0<em>eluniversal.com.mx<\/em><\/p>\n<p>&nbsp;<\/p>\n<p><a href=\"http:\/\/www.eloriente.net\/home\/wp-content\/uploads\/2014\/05\/@LangLang-Photocredit-AOF-Tibor-Florestan-Pluto-.jpg\"><img loading=\"lazy\" decoding=\"async\" class=\"alignnone size-medium wp-image-25462\" title=\"@LangLang Photocredit- AOF : Tibor-Florestan Pluto\" src=\"http:\/\/www.eloriente.net\/home\/wp-content\/uploads\/2014\/05\/@LangLang-Photocredit-AOF-Tibor-Florestan-Pluto--300x199.jpg\" alt=\"\" width=\"300\" height=\"199\" srcset=\"https:\/\/www.eloriente.net\/home\/wp-content\/uploads\/2014\/05\/@LangLang-Photocredit-AOF-Tibor-Florestan-Pluto--300x199.jpg 300w, https:\/\/www.eloriente.net\/home\/wp-content\/uploads\/2014\/05\/@LangLang-Photocredit-AOF-Tibor-Florestan-Pluto-.jpg 960w\" sizes=\"(max-width: 300px) 100vw, 300px\" \/><\/a><\/p>\n<p>Foto:\u00a0@LangLang-Photocredit-AOF-Tibor-Florestan-Pluto<\/p>\n<p>&nbsp;<\/p>\n<p><strong>Entradas relacionadas:<\/strong><\/p>\n<p><a title=\"Permalink to Ya era hora que me dieran el Premio Xavier Villaurrutia: Jos\u00e9 de la Colina\" href=\"http:\/\/www.eloriente.net\/home\/2014\/04\/10\/ya-era-hora-que-me-dieran-el-premio-xavier-villaurrutia-jose-de-la-colina\/\" rel=\"bookmark\">Ya era hora que me dieran el Premio Xavier Villaurrutia: Jos\u00e9 de la Colina<\/a><\/p>\n<p><a href=\"http:\/\/www.eloriente.net\/home\/2014\/04\/10\/ya-era-hora-que-me-dieran-el-premio-xavier-villaurrutia-jose-de-la-colina\/\" rel=\"bookmark\"><img decoding=\"async\" title=\"Ya era hora que me dieran el Premio Xavier Villaurrutia: Jos\u00e9 de la Colina\" src=\"http:\/\/www.eloriente.net\/home\/wp-content\/themes\/city-desk\/timthumb.php?src=http%3A%2F%2Fwww.eloriente.net%2Fhome%2Fwp-content%2Fuploads%2F2014%2F04%2FJOSE%CC%81DELACOLINA-n22.jpg&amp;q=90&amp;w=160&amp;h=106&amp;zc=1\" alt=\"Ya era hora que me dieran el Premio Xavier Villaurrutia: Jos\u00e9 de la Colina\" \/><\/a><\/p>\n<p>eloriente.net\/Agencia N22 10 de abril de 2014 Por: Alizbeth Mercado CIUDAD DE M\u00c9XICO, M\u00e9xico, (N22).- Agradezco mucho al autor de una frase tan extraordinario a\u00fan como \u201cla nocturna rosa que no ocupa lugar en el espacio y su movimiento es una forma misteriosa de la quietud\u201d que era Xavier Villaurrutia, gran poeta, gran ensayista, no [&#8230;]<\/p>\n<p>April 10, 2014<\/p>\n<p><a title=\"Permalink to Abril en Centro Acad\u00e9mico y Cultural San Pablo\" href=\"http:\/\/www.eloriente.net\/home\/2014\/04\/04\/abril-en-centro-academico-y-cultural-san-pablo\/\" rel=\"bookmark\">Abril en Centro Acad\u00e9mico y Cultural San Pablo<\/a><\/p>\n<p><a href=\"http:\/\/www.eloriente.net\/home\/2014\/04\/04\/abril-en-centro-academico-y-cultural-san-pablo\/\" rel=\"bookmark\"><img decoding=\"async\" title=\"Abril en Centro Acad\u00e9mico y Cultural San Pablo\" src=\"http:\/\/www.eloriente.net\/home\/wp-content\/themes\/city-desk\/timthumb.php?src=http%3A%2F%2Fwww.eloriente.net%2Fhome%2Fwp-content%2Fuploads%2F2014%2F04%2FSan-Pablo-Por-Evelyn.jpg&amp;q=90&amp;w=160&amp;h=106&amp;zc=1\" alt=\"Abril en Centro Acad\u00e9mico y Cultural San Pablo\" \/><\/a><\/p>\n<p>eloriente.net 4 de abril de 2014 El Centro Acad\u00e9mico y Cultural San Pablo dio a conocer recientemente su agenda de actividades del mes de abril de 2014, por lo que invitan al p\u00fablico en general a participar en alguno de los conciertos, proyecciones, presentaciones y actividades al aire referente a temas culturales de Oaxaca y [&#8230;]<\/p>\n<p id=\"post-23709\">April 4, 2014<\/p>\n<div id=\"post-23433\">\n<p><a title=\"Permalink to \u201cPiedra de sol\u201d a trav\u00e9s de la m\u00fasica de Dimitri Dudin\" href=\"http:\/\/www.eloriente.net\/home\/2014\/04\/01\/piedra-de-sol-a-traves-de-la-musica-de-dimitri-dudin\/\" rel=\"bookmark\">\u201cPiedra de sol\u201d a trav\u00e9s de la m\u00fasica de Dimitri Dudin<\/a><\/p>\n<p><a href=\"http:\/\/www.eloriente.net\/home\/2014\/04\/01\/piedra-de-sol-a-traves-de-la-musica-de-dimitri-dudin\/\" rel=\"bookmark\"><img decoding=\"async\" title=\"\u201cPiedra de sol\u201d a trav\u00e9s de la m\u00fasica de Dimitri Dudin\" src=\"http:\/\/www.eloriente.net\/home\/wp-content\/themes\/city-desk\/timthumb.php?src=http%3A%2F%2Fwww.eloriente.net%2Fhome%2Fwp-content%2Fuploads%2F2014%2F04%2FDimitri-Dudin1-N22.png&amp;q=90&amp;w=160&amp;h=106&amp;zc=1\" alt=\"\u201cPiedra de sol\u201d a trav\u00e9s de la m\u00fasica de Dimitri Dudin\" \/><\/a><\/p>\n<p>eloriente.net\/Agencia N22 1 de abril de 2014 Por: V\u00edctor Gaspar Originalmente esta pieza era una cantata para cuarteto de cuerdas, piano y mezzosoprano CIUDAD DE M\u00c9XICO, M\u00e9xico, (N22).- Inspirado en el poema Piedra de sol, de Octavio Paz, el pianista y compositor ruso Dimitri Dudin escribi\u00f3 hace casi tres lustros una pieza que le tom\u00f3 [&#8230;]<\/p>\n<p>April 1, 2014<\/p>\n<\/div>\n\n\t\t\t  <div \n\t\t\t  \tclass = \"fb-comments\" \n\t\t\t  \tdata-href = \"https:\/\/www.eloriente.net\/home\/2014\/05\/07\/lang-lang-glorioso-pianista-chino-brindara-clase-magistral-en-mexico\/\"\n\t\t\t  \tdata-numposts = \"10\"\n\t\t\t\tdata-colorscheme = \"dark\"\n\t\t\t\tdata-order-by = \"social\"\n\t\t\t\tdata-mobile=true>\n\t\t\t  <\/div>\n\t\t  <style>\n\t\t\t.fb_iframe_widget_fluid_desktop iframe {\n\t\t\t    width: 100% !important;\n\t\t\t}\n\t\t  <\/style>\n\t\t  ","protected":false},"excerpt":{"rendered":"<p>eloriente.net\/Agencia N22 7 de mayo de 2014 CIUDAD DE M\u00c9XICO, M\u00e9xico, (N22\/Redacci\u00f3n).- En una iniciativa por la compa\u00f1\u00eda\u00a0Telef\u00f3nica, dedicada a\u00a0 la innovaci\u00f3n de productos y servicios de telecomunicaciones. El pianista chino\u00a0Lang Lang\u00a0brindar\u00e1 una clase magistral en la Sala Telef\u00f3nica delCentro Cultural Roberto Cantoral\u00a0y un concierto los d\u00edas 22 y 23 de junio en el\u00a0Palacio de [&hellip;]<\/p>\n","protected":false},"author":1,"featured_media":25462,"comment_status":"open","ping_status":"open","sticky":false,"template":"","format":"standard","meta":{"_jetpack_memberships_contains_paid_content":false,"footnotes":""},"categories":[49,18,32,10,24,31],"tags":[],"class_list":["post-25461","post","type-post","status-publish","format-standard","has-post-thumbnail","hentry","category-destacadas","category-educacion-y-cultura","category-entradas","category-lo-mas-reciente","category-mexico-y-el-mundo","category-principal"],"jetpack_featured_media_url":"https:\/\/www.eloriente.net\/home\/wp-content\/uploads\/2014\/05\/@LangLang-Photocredit-AOF-Tibor-Florestan-Pluto-.jpg","jetpack_sharing_enabled":true,"_links":{"self":[{"href":"https:\/\/www.eloriente.net\/home\/wp-json\/wp\/v2\/posts\/25461"}],"collection":[{"href":"https:\/\/www.eloriente.net\/home\/wp-json\/wp\/v2\/posts"}],"about":[{"href":"https:\/\/www.eloriente.net\/home\/wp-json\/wp\/v2\/types\/post"}],"author":[{"embeddable":true,"href":"https:\/\/www.eloriente.net\/home\/wp-json\/wp\/v2\/users\/1"}],"replies":[{"embeddable":true,"href":"https:\/\/www.eloriente.net\/home\/wp-json\/wp\/v2\/comments?post=25461"}],"version-history":[{"count":3,"href":"https:\/\/www.eloriente.net\/home\/wp-json\/wp\/v2\/posts\/25461\/revisions"}],"predecessor-version":[{"id":25466,"href":"https:\/\/www.eloriente.net\/home\/wp-json\/wp\/v2\/posts\/25461\/revisions\/25466"}],"wp:featuredmedia":[{"embeddable":true,"href":"https:\/\/www.eloriente.net\/home\/wp-json\/wp\/v2\/media\/25462"}],"wp:attachment":[{"href":"https:\/\/www.eloriente.net\/home\/wp-json\/wp\/v2\/media?parent=25461"}],"wp:term":[{"taxonomy":"category","embeddable":true,"href":"https:\/\/www.eloriente.net\/home\/wp-json\/wp\/v2\/categories?post=25461"},{"taxonomy":"post_tag","embeddable":true,"href":"https:\/\/www.eloriente.net\/home\/wp-json\/wp\/v2\/tags?post=25461"}],"curies":[{"name":"wp","href":"https:\/\/api.w.org\/{rel}","templated":true}]}}