{"id":26674,"date":"2014-05-28T00:44:50","date_gmt":"2014-05-28T06:44:50","guid":{"rendered":"http:\/\/www.eloriente.net\/home\/?p=26674"},"modified":"2014-05-28T00:44:50","modified_gmt":"2014-05-28T06:44:50","slug":"28may14-500-en-vivo-fallo-premio-principe-de-asturias-en-investigacion-cientifica-y-tecnica","status":"publish","type":"post","link":"https:\/\/www.eloriente.net\/home\/2014\/05\/28\/28may14-500-en-vivo-fallo-premio-principe-de-asturias-en-investigacion-cientifica-y-tecnica\/","title":{"rendered":"28\/May\/14 5:00 En vivo: Fallo Premio Pr\u00edncipe de Asturias en Investigaci\u00f3n Cient\u00edfica y T\u00e9cnica"},"content":{"rendered":"<p>eloriente.net\/<a href=\"http:\/\/www.fpa.es\/\" target=\"_blank\">FPA<\/a><\/p>\n<p>28 de mayo de 2014<\/p>\n<p>Esta madrugada (5am. tiempo de M\u00e9xico) estar\u00e1 comenzando la transmisi\u00f3n en vivo emitida por la Fundaci\u00f3n Pr\u00edncipe de Asturias, con el fallo a la edici\u00f3n 2014 del Premio en Investigaci\u00f3n Cient\u00edfica y T\u00e9cnica.<\/p>\n<p>El monitor a continuaci\u00f3n:<br \/>\n<iframe loading=\"lazy\" src=\"\/\/www.youtube.com\/embed\/1AYfmrjhUW4\" frameborder=\"0\" width=\"560\" height=\"315\"><\/iframe><\/p>\n<p>&nbsp;<\/p>\n<p><a href=\"http:\/\/www.eloriente.net\/home\/wp-content\/uploads\/2014\/05\/fpa2014-br-825.jpg\"><img loading=\"lazy\" decoding=\"async\" class=\"alignnone size-full wp-image-26675\" title=\"fpa2014-br-825\" src=\"http:\/\/www.eloriente.net\/home\/wp-content\/uploads\/2014\/05\/fpa2014-br-825.jpg\" alt=\"\" width=\"825\" height=\"390\" srcset=\"https:\/\/www.eloriente.net\/home\/wp-content\/uploads\/2014\/05\/fpa2014-br-825.jpg 825w, https:\/\/www.eloriente.net\/home\/wp-content\/uploads\/2014\/05\/fpa2014-br-825-300x141.jpg 300w\" sizes=\"(max-width: 825px) 100vw, 825px\" \/><\/a><\/p>\n<p>Los Premios Pr\u00edncipe de Asturias est\u00e1n destinados, seg\u00fan los Estatutos de la Fundaci\u00f3n, a galardonar \u201cla labor cient\u00edfica, t\u00e9cnica, cultural, social y humanitaria realizada por personas, instituciones, grupos de personas o de instituciones en el \u00e1mbito internacional\u201d. Conforme a estos principios, el Premio Pr\u00edncipe de Asturias de Investigaci\u00f3n Cient\u00edfica y T\u00e9cnica se conceder\u00e1 a aquellos \u201ccuyos descubrimientos y\/o inventos representen una contribuci\u00f3n relevante para el progreso y el bienestar de la humanidad en los campos de las matem\u00e1ticas, la astronom\u00eda y la astrof\u00edsica, la f\u00edsica, la qu\u00edmica, las ciencias de la vida, las ciencias m\u00e9dicas, las ciencias de la Tierra y del espacio y las ciencias tecnol\u00f3gicas, incluyendo las disciplinas correspondientes a cada uno de dichos \u00e1mbitos y las t\u00e9cnicas relacionadas con ellas\u201d.<\/p>\n<p>A este premio optan un total de 39 candidaturas procedentes de Alemania, Argentina, B\u00e9lgica, China, Estados Unidos, Francia, Hungr\u00eda, India, Italia, Jap\u00f3n, Jordania, M\u00e9xico, Paraguay, Portugal, Reino Unido, Suiza y Espa\u00f1a.<\/p>\n<p>El premio est\u00e1 dotado con una escultura de Joan Mir\u00f3 \u2013s\u00edmbolo representativo del galard\u00f3n\u2212, la cantidad en met\u00e1lico de 50.000 euros, un diploma y una insignia.<\/p>\n<p><strong>Otras Entradas:<\/strong><\/p>\n<p><a title=\"Permalink to Los mejores libros del 2013: El Pa\u00eds\" href=\"http:\/\/www.eloriente.net\/home\/2013\/12\/24\/los-mejores-libros-del-2013-el-pais\/\" rel=\"bookmark\">Los mejores libros del 2013: El Pa\u00eds<\/a><\/p>\n<p><strong><a href=\"http:\/\/www.eloriente.net\/home\/2013\/12\/24\/los-mejores-libros-del-2013-el-pais\/\" rel=\"bookmark\"><img decoding=\"async\" title=\"Los mejores libros del 2013: El Pa\u00eds\" src=\"http:\/\/www.eloriente.net\/home\/wp-content\/themes\/city-desk\/timthumb.php?src=http%3A%2F%2Fwww.eloriente.net%2Fhome%2Fwp-content%2Fuploads%2F2013%2F12%2FLa-verdad-sobre-el-caso-Harry-Quebert.jpg&amp;q=90&amp;w=160&amp;h=106&amp;zc=1\" alt=\"Los mejores libros del 2013: El Pa\u00eds\" \/><\/a><\/strong><\/p>\n<p>eloriente.net 24 de diciembre de 2013 El peri\u00f3dico espa\u00f1ol \u2018El Pa\u00eds\u2019 llev\u00f3 a cabo una encuesta para conocer la opini\u00f3n de sus lectores sobre cu\u00e1les consideran son los mejores t\u00edtulos literarios de 2013 publicados en Espa\u00f1a en diferentes g\u00e9neros literarios: novela, cuento, poes\u00eda, c\u00f3mic, ensayo y biograf\u00eda, autobiograf\u00eda, diario, testimonio y cartas. El p\u00fablico pudo [&#8230;]<\/p>\n<address>December 24, 2013<\/address>\n<div id=\"post-18755\">\n<p><a title=\"Permalink to La lectura rescata lo mejor del ser humano: Azela Robinson\" href=\"http:\/\/www.eloriente.net\/home\/2013\/12\/19\/la-lectura-rescata-lo-mejor-del-ser-humano-azela-robinson\/\" rel=\"bookmark\">La lectura rescata lo mejor del ser humano: Azela Robinson<\/a><\/p>\n<p><a href=\"http:\/\/www.eloriente.net\/home\/2013\/12\/19\/la-lectura-rescata-lo-mejor-del-ser-humano-azela-robinson\/\" rel=\"bookmark\"><img decoding=\"async\" title=\"La lectura rescata lo mejor del ser humano: Azela Robinson\" src=\"http:\/\/www.eloriente.net\/home\/wp-content\/themes\/city-desk\/timthumb.php?src=http%3A%2F%2Fwww.eloriente.net%2Fhome%2Fwp-content%2Fuploads%2F2013%2F12%2Factriz.jpg&amp;q=90&amp;w=160&amp;h=106&amp;zc=1\" alt=\"La lectura rescata lo mejor del ser humano: Azela Robinson\" \/><\/a>eloriente.net\/INBA 19 de diciembre de 2013 \u201cLa lectura une a la sociedad de una manera diferente y hay que mantener ese inter\u00e9s vivo entre todas las comunidades\u201d, asegur\u00f3 la actriz. Pretende crear una biblioteca en Puerto Escondido, Oaxaca. A la actriz Azela Robinson no solo le apasiona el programa \u201cLeo\u2026 Luego existo\u201d del Instituto Nacional [&#8230;]<\/p>\n<p>December 19, 2013Comments Off<a title=\"Permalink to La lectura rescata lo mejor del ser humano: Azela Robinson\" href=\"http:\/\/www.eloriente.net\/home\/2013\/12\/19\/la-lectura-rescata-lo-mejor-del-ser-humano-azela-robinson\/\" rel=\"bookmark\">Read More<\/a><a title=\"Edit Post\" href=\"http:\/\/www.eloriente.net\/home\/wp-admin\/post.php?post=18755&amp;action=edit\">#<\/a><\/p>\n<\/div>\n<div id=\"post-18547\">\n<h2><a title=\"Permalink to Stephen Hawking crea una app sobre el universo\" href=\"http:\/\/www.eloriente.net\/home\/2013\/12\/15\/stephen-hawking-crea-una-app-sobre-el-universo\/\" rel=\"bookmark\">Stephen Hawking crea una app sobre el universo<\/a><\/h2>\n<p><a href=\"http:\/\/www.eloriente.net\/home\/2013\/12\/15\/stephen-hawking-crea-una-app-sobre-el-universo\/\" rel=\"bookmark\"><img decoding=\"async\" title=\"Stephen Hawking crea una app sobre el universo\" src=\"http:\/\/www.eloriente.net\/home\/wp-content\/themes\/city-desk\/timthumb.php?src=http%3A%2F%2Fwww.eloriente.net%2Fhome%2Fwp-content%2Fuploads%2F2013%2F12%2FStephen-Hawking-snapshots-of-the-universe.png&amp;q=90&amp;w=160&amp;h=106&amp;zc=1\" alt=\"Stephen Hawking crea una app sobre el universo\" \/><\/a>eloriente.net 15 de diciembre de 2013 El cosm\u00f3logo brit\u00e1nico Stephen Hawking lanz\u00f3 recientemente al mercado de los medios digitales su aplicaci\u00f3n \u2018Stephen Hawking\u2019s snapshots of the universe\u2019, en la que explica los principios cient\u00edficos que controlan el universo a trav\u00e9s de simples y divertidos experimentos. Hawking, en su aplicaci\u00f3n, gu\u00eda a los usuarios por una [&#8230;]<\/p>\n<p>December 15, 2013<\/p>\n<\/div>\n<p>&nbsp;<\/p>\n\n\t\t\t  <div \n\t\t\t  \tclass = \"fb-comments\" \n\t\t\t  \tdata-href = \"https:\/\/www.eloriente.net\/home\/2014\/05\/28\/28may14-500-en-vivo-fallo-premio-principe-de-asturias-en-investigacion-cientifica-y-tecnica\/\"\n\t\t\t  \tdata-numposts = \"10\"\n\t\t\t\tdata-colorscheme = \"dark\"\n\t\t\t\tdata-order-by = \"social\"\n\t\t\t\tdata-mobile=true>\n\t\t\t  <\/div>\n\t\t  <style>\n\t\t\t.fb_iframe_widget_fluid_desktop iframe {\n\t\t\t    width: 100% !important;\n\t\t\t}\n\t\t  <\/style>\n\t\t  ","protected":false},"excerpt":{"rendered":"<p>eloriente.net\/FPA 28 de mayo de 2014 Esta madrugada (5am. tiempo de M\u00e9xico) estar\u00e1 comenzando la transmisi\u00f3n en vivo emitida por la Fundaci\u00f3n Pr\u00edncipe de Asturias, con el fallo a la edici\u00f3n 2014 del Premio en Investigaci\u00f3n Cient\u00edfica y T\u00e9cnica. El monitor a continuaci\u00f3n: &nbsp; Los Premios Pr\u00edncipe de Asturias est\u00e1n destinados, seg\u00fan los Estatutos de [&hellip;]<\/p>\n","protected":false},"author":1,"featured_media":26675,"comment_status":"open","ping_status":"open","sticky":false,"template":"","format":"standard","meta":{"_jetpack_memberships_contains_paid_content":false,"footnotes":""},"categories":[4,18,32,10,24,31],"tags":[],"class_list":["post-26674","post","type-post","status-publish","format-standard","has-post-thumbnail","hentry","category-canal-2-en-vivo","category-educacion-y-cultura","category-entradas","category-lo-mas-reciente","category-mexico-y-el-mundo","category-principal"],"jetpack_featured_media_url":"https:\/\/www.eloriente.net\/home\/wp-content\/uploads\/2014\/05\/fpa2014-br-825.jpg","jetpack_sharing_enabled":true,"_links":{"self":[{"href":"https:\/\/www.eloriente.net\/home\/wp-json\/wp\/v2\/posts\/26674"}],"collection":[{"href":"https:\/\/www.eloriente.net\/home\/wp-json\/wp\/v2\/posts"}],"about":[{"href":"https:\/\/www.eloriente.net\/home\/wp-json\/wp\/v2\/types\/post"}],"author":[{"embeddable":true,"href":"https:\/\/www.eloriente.net\/home\/wp-json\/wp\/v2\/users\/1"}],"replies":[{"embeddable":true,"href":"https:\/\/www.eloriente.net\/home\/wp-json\/wp\/v2\/comments?post=26674"}],"version-history":[{"count":1,"href":"https:\/\/www.eloriente.net\/home\/wp-json\/wp\/v2\/posts\/26674\/revisions"}],"predecessor-version":[{"id":26676,"href":"https:\/\/www.eloriente.net\/home\/wp-json\/wp\/v2\/posts\/26674\/revisions\/26676"}],"wp:featuredmedia":[{"embeddable":true,"href":"https:\/\/www.eloriente.net\/home\/wp-json\/wp\/v2\/media\/26675"}],"wp:attachment":[{"href":"https:\/\/www.eloriente.net\/home\/wp-json\/wp\/v2\/media?parent=26674"}],"wp:term":[{"taxonomy":"category","embeddable":true,"href":"https:\/\/www.eloriente.net\/home\/wp-json\/wp\/v2\/categories?post=26674"},{"taxonomy":"post_tag","embeddable":true,"href":"https:\/\/www.eloriente.net\/home\/wp-json\/wp\/v2\/tags?post=26674"}],"curies":[{"name":"wp","href":"https:\/\/api.w.org\/{rel}","templated":true}]}}