{"id":26677,"date":"2014-05-28T08:02:17","date_gmt":"2014-05-28T14:02:17","guid":{"rendered":"http:\/\/www.eloriente.net\/home\/?p=26677"},"modified":"2014-05-28T08:20:17","modified_gmt":"2014-05-28T14:20:17","slug":"establecen-marco-normativo-y-conceptual-para-juicio-justo-en-el-poder-judicial","status":"publish","type":"post","link":"https:\/\/www.eloriente.net\/home\/2014\/05\/28\/establecen-marco-normativo-y-conceptual-para-juicio-justo-en-el-poder-judicial\/","title":{"rendered":"Establecen marco normativo y conceptual para Juicio Justo en Poder Judicial"},"content":{"rendered":"<p>eloriente.net\/<a href=\"http:\/\/www.tribunaloax.gob.mx\" target=\"_blank\">TSJ<\/a><\/p>\n<p>28 de mayo de 2014<\/p>\n<p>Para evaluar los avances y pendientes en la construcci\u00f3n de una estrategia integral en defensa de las garant\u00edas individuales de los oaxaque\u00f1os, el gobernador Gabino Cu\u00e9 Monteagudo encabez\u00f3 este martes una reuni\u00f3n de trabajo con los integrantes del Comit\u00e9 Coordinador del Diagn\u00f3stico y Programa de Derechos Humanos en el Estado de Oaxaca, acto en el que particip\u00f3 el titular del Poder Judicial, magistrado Alfredo Lagunas Rivera.<\/p>\n<p>Con la presencia de la Subsecretar\u00eda de Derechos Humanos de la Secretar\u00eda de Gobernaci\u00f3n, L\u00eda Lim\u00f3n Garc\u00eda y del representante en M\u00e9xico de la Oficina del Alto Comisionado de las Naciones Unidas para los Derechos Humanos, Javier Hern\u00e1ndez Valencia, el encuentro permiti\u00f3 a las instituciones estatales revisar las acciones que garanticen la puesta en marcha de dicho programa, que tiene como meta iniciar en diciembre pr\u00f3ximo.<\/p>\n<p>En su intervenci\u00f3n, al hacer referencia a los logros obtenidos desde la instalaci\u00f3n del Comit\u00e9 en diciembre de 2011, el gobernador Cu\u00e9 Monteagudo asegur\u00f3 que \u00abla participaci\u00f3n de los Tres Poderes del Estado reafirma el compromiso del gobierno de Oaxaca para garantizar que el respeto a los derechos humanos de todos, sea una acci\u00f3n de trabajo prioritaria\u00bb.<\/p>\n<p>Por su parte, el magistrado Lagunas Rivera present\u00f3 los avances en la elaboraci\u00f3n del \u201cPrograma de Indicadores sobre el Derecho a un Juicio Justo en el Poder Judicial del Estado de Oaxaca\u201d, el cual comprende un Marco Normativo y Conceptual sobre el Derecho a un Juicio Justo, as\u00ed como un Cat\u00e1logo \u00danico de Delitos, con fines estad\u00edsticos.<\/p>\n<p>Asimismo, habl\u00f3 sobre el arduo trabajo realizado desde la Direcci\u00f3n de Derechos Humanos del Consejo de la Judicatura, pues dijo, las deficiencias hist\u00f3ricas y la falta de presupuesto para dotar de tecnolog\u00eda a la totalidad de juzgados de la entidad, ha dificultado la recolecci\u00f3n de los datos necesarios para la elaboraci\u00f3n de dicho programa, que marcar\u00e1 una pauta en la creaci\u00f3n de pol\u00edticas p\u00fablicas enfocadas a derechos humanos en la entidad.<\/p>\n<p>\u201cQue los indicadores sean un factor de rendici\u00f3n de cuentas, al que todos puedan tener acceso para verificar que las instituciones, como el Poder Judicial, est\u00e1n cumpliendo con el debido proceso y el juicio justo\u201d, recalc\u00f3.<\/p>\n<p>Sin embargo, explic\u00f3 que es necesario contar con mayor recurso presupuestal, apegado a la realidad de Oaxaca, que sirva para agilizar la labor de las instituciones que se han comprometido a colaborar con las iniciativas del Gobierno federal y los organismos internacionales.<\/p>\n<p><strong>Difusi\u00f3n de la Reforma Constitucional en Derechos Humanos<\/strong><strong>\u00a0<\/strong><\/p>\n<p>Previamente, en el patio central del Palacio de Gobierno, el magistrado Alfredo Rodrigo Lagunas Rivera asisti\u00f3 a la Sesi\u00f3n Itinerante para la Difusi\u00f3n de la Reforma Constitucional de Derechos Humanos, tambi\u00e9n presidida por el gobernador Cu\u00e9 Monteagudo; la subsecretar\u00eda de Derechos Humanos de la Secretar\u00eda de Gobernaci\u00f3n y el representante en M\u00e9xico de la Oficina del Alto Comisionado de las Naciones Unidas para los Derechos Humanos.<\/p>\n<p>Con la presencia de magistrados de las diferentes Salas del H. Tribunal Superior de Justicia, del Tribunal Estatal Electoral y el Tribunal de lo Contencioso Administrativo, as\u00ed como consejeros de la Judicatura del Poder Judicial, los funcionarios federales destacaron la importancia de impulsar diferentes mecanismos de garant\u00eda y armonizar las iniciativas para garantizar el bienestar de los oaxaque\u00f1os.<\/p>\n<p>&nbsp;<\/p>\n<p><a href=\"http:\/\/www.eloriente.net\/home\/wp-content\/uploads\/2014\/05\/Representantes-de-los-Tres-Poderes-del-Estado-hablaron-sobre-DHT2.jpg\"><img loading=\"lazy\" decoding=\"async\" class=\"alignnone size-medium wp-image-26678\" title=\"Representantes de los Tres Poderes del Estado hablaron sobre DH(T2)\" src=\"http:\/\/www.eloriente.net\/home\/wp-content\/uploads\/2014\/05\/Representantes-de-los-Tres-Poderes-del-Estado-hablaron-sobre-DHT2-300x148.jpg\" alt=\"\" width=\"300\" height=\"148\" srcset=\"https:\/\/www.eloriente.net\/home\/wp-content\/uploads\/2014\/05\/Representantes-de-los-Tres-Poderes-del-Estado-hablaron-sobre-DHT2-300x148.jpg 300w, https:\/\/www.eloriente.net\/home\/wp-content\/uploads\/2014\/05\/Representantes-de-los-Tres-Poderes-del-Estado-hablaron-sobre-DHT2.jpg 1024w\" sizes=\"(max-width: 300px) 100vw, 300px\" \/><\/a><\/p>\n<p>Foto: TSJ<\/p>\n<p>&nbsp;<\/p>\n<p><strong>Entradas relacionadas:<\/strong><\/p>\n<p><a title=\"Permalink to Se revisa implementaci\u00f3n del Nuevo Sistema de Justicia Penal en Oaxaca\" href=\"http:\/\/www.eloriente.net\/home\/2014\/05\/21\/se-revisa-implementacion-del-nuevo-sistema-de-justicia-penal-en-oaxaca\/\" rel=\"bookmark\">Se revisa implementaci\u00f3n del Nuevo Sistema de Justicia Penal en Oaxaca<\/a><\/p>\n<p><a href=\"http:\/\/www.eloriente.net\/home\/2014\/05\/21\/se-revisa-implementacion-del-nuevo-sistema-de-justicia-penal-en-oaxaca\/\" rel=\"bookmark\"><img decoding=\"async\" title=\"Se revisa implementaci\u00f3n del Nuevo Sistema de Justicia Penal en Oaxaca\" src=\"http:\/\/www.eloriente.net\/home\/wp-content\/themes\/city-desk\/timthumb.php?src=http%3A%2F%2Fwww.eloriente.net%2Fhome%2Fwp-content%2Fuploads%2F2014%2F05%2FConago-Judicial-Por-TSJ.jpg&amp;q=90&amp;w=160&amp;h=106&amp;zc=1\" alt=\"Se revisa implementaci\u00f3n del Nuevo Sistema de Justicia Penal en Oaxaca\" \/><\/a><\/p>\n<p>eloriente.net\/TSJ 21 de mayo de 2014 Buscan \u00f3rganos que consoliden su\u00a0estructura jur\u00eddica, administrativa y pol\u00edtica para fortalecer al\u00a0sistema acusatorio en el pa\u00eds. La Secretar\u00eda Ejecutiva del Consejo de Coordinaci\u00f3n para la\u00a0Implementaci\u00f3n del Sistema Acusatorio en el Estado de Oaxaca,\u00a0particip\u00f3 en la jornada de trabajo de la Comisi\u00f3n de Seguridad y\u00a0Justicia de la Conferencia Nacional de [&#8230;]<\/p>\n<p>May 21, 2014<\/p>\n<p><a title=\"Permalink to Renueva Tribunal Superior de Justicia su imagen institucional\" href=\"http:\/\/www.eloriente.net\/home\/2014\/05\/19\/renueva-tribunal-superior-de-justicia-su-imagen-institucional\/\" rel=\"bookmark\">Renueva Tribunal Superior de Justicia su imagen institucional<\/a><\/p>\n<p><a href=\"http:\/\/www.eloriente.net\/home\/2014\/05\/19\/renueva-tribunal-superior-de-justicia-su-imagen-institucional\/\" rel=\"bookmark\"><img decoding=\"async\" title=\"Renueva Tribunal Superior de Justicia su imagen institucional\" src=\"http:\/\/www.eloriente.net\/home\/wp-content\/themes\/city-desk\/timthumb.php?src=http%3A%2F%2Fwww.eloriente.net%2Fhome%2Fwp-content%2Fuploads%2F2014%2F05%2FMagistrados-del-H.-Tribunal-Superior-de-Justicia-aprobaron-nuevo-imagotipo.jpg&amp;q=90&amp;w=160&amp;h=106&amp;zc=1\" alt=\"Renueva Tribunal Superior de Justicia su imagen institucional\" \/><\/a><\/p>\n<p>eloriente.net\/TSJ 19 de mayo de 2014 El nuevo gr\u00e1fico \u00a0se compone de conceptos como el\u00a0equilibrio, equidad, balance, eficiencia, vanguardia, modernidad y\u00a0transparencia, se\u00f1al\u00f3 el magistrado presidente Alfredo Lagunas. En concordancia con los cambios trascendentales que la justicia en el\u00a0pa\u00eds, en especial Oaxaca, ha experimentado en los \u00faltimos a\u00f1os, en\u00a0sesi\u00f3n ordinaria de Pleno del Honorable Tribunal Superior [&#8230;]<\/p>\n<p>May 19, 2014<\/p>\n<div id=\"post-25840\">\n<p><a title=\"Permalink to 20 aspirantes en etapa final de reclutamiento de jueces para Nuevo Sistema de Justicia Penal\" href=\"http:\/\/www.eloriente.net\/home\/2014\/05\/14\/20-aspirantes-en-etapa-final-de-reclutamiento-de-jueces-para-nuevo-sistema-de-justicia-penal\/\" rel=\"bookmark\">20 aspirantes en etapa final de reclutamiento de jueces para Nuevo Sistema de Justicia Penal<\/a><\/p>\n<p><a href=\"http:\/\/www.eloriente.net\/home\/2014\/05\/14\/20-aspirantes-en-etapa-final-de-reclutamiento-de-jueces-para-nuevo-sistema-de-justicia-penal\/\" rel=\"bookmark\"><img decoding=\"async\" title=\"20 aspirantes en etapa final de reclutamiento de jueces para Nuevo Sistema de Justicia Penal\" src=\"http:\/\/www.eloriente.net\/home\/wp-content\/themes\/city-desk\/timthumb.php?src=http%3A%2F%2Fwww.eloriente.net%2Fhome%2Fwp-content%2Fuploads%2F2014%2F05%2FAlfredo-Lagunas-Por-TSJ.jpg&amp;q=90&amp;w=160&amp;h=106&amp;zc=1\" alt=\"20 aspirantes en etapa final de reclutamiento de jueces para Nuevo Sistema de Justicia Penal\" \/><\/a><\/p>\n<p>eloriente.net\/TSJ 14 de mayo de 2014 El magistrado Alfredo Lagunas Rivera afirm\u00f3 que la\u00a0confianza social exige jueces con alto grado de profesionalismo.\u00a0 Frente al reto de la entrada en vigor en 2016 del nuevo sistema de\u00a0justicia penal en todo el pa\u00eds, en Oaxaca se fortalece el proceso de\u00a0capacitaci\u00f3n de los futuros jueces especializados en la [&#8230;]<\/p>\n<p>May 14, 2014<\/p>\n<\/div>\n\n\t\t\t  <div \n\t\t\t  \tclass = \"fb-comments\" \n\t\t\t  \tdata-href = \"https:\/\/www.eloriente.net\/home\/2014\/05\/28\/establecen-marco-normativo-y-conceptual-para-juicio-justo-en-el-poder-judicial\/\"\n\t\t\t  \tdata-numposts = \"10\"\n\t\t\t\tdata-colorscheme = \"dark\"\n\t\t\t\tdata-order-by = \"social\"\n\t\t\t\tdata-mobile=true>\n\t\t\t  <\/div>\n\t\t  <style>\n\t\t\t.fb_iframe_widget_fluid_desktop iframe {\n\t\t\t    width: 100% !important;\n\t\t\t}\n\t\t  <\/style>\n\t\t  ","protected":false},"excerpt":{"rendered":"<p>eloriente.net\/TSJ 28 de mayo de 2014 Para evaluar los avances y pendientes en la construcci\u00f3n de una estrategia integral en defensa de las garant\u00edas individuales de los oaxaque\u00f1os, el gobernador Gabino Cu\u00e9 Monteagudo encabez\u00f3 este martes una reuni\u00f3n de trabajo con los integrantes del Comit\u00e9 Coordinador del Diagn\u00f3stico y Programa de Derechos Humanos en el [&hellip;]<\/p>\n","protected":false},"author":26,"featured_media":26678,"comment_status":"open","ping_status":"open","sticky":false,"template":"","format":"standard","meta":{"_jetpack_memberships_contains_paid_content":false,"footnotes":""},"categories":[32,63,10,464,21],"tags":[],"class_list":["post-26677","post","type-post","status-publish","format-standard","has-post-thumbnail","hentry","category-entradas","category-estados","category-lo-mas-reciente","category-oaxaca-estados","category-politica-y-gobierno"],"jetpack_featured_media_url":"https:\/\/www.eloriente.net\/home\/wp-content\/uploads\/2014\/05\/Representantes-de-los-Tres-Poderes-del-Estado-hablaron-sobre-DHT2.jpg","jetpack_sharing_enabled":true,"_links":{"self":[{"href":"https:\/\/www.eloriente.net\/home\/wp-json\/wp\/v2\/posts\/26677"}],"collection":[{"href":"https:\/\/www.eloriente.net\/home\/wp-json\/wp\/v2\/posts"}],"about":[{"href":"https:\/\/www.eloriente.net\/home\/wp-json\/wp\/v2\/types\/post"}],"author":[{"embeddable":true,"href":"https:\/\/www.eloriente.net\/home\/wp-json\/wp\/v2\/users\/26"}],"replies":[{"embeddable":true,"href":"https:\/\/www.eloriente.net\/home\/wp-json\/wp\/v2\/comments?post=26677"}],"version-history":[{"count":4,"href":"https:\/\/www.eloriente.net\/home\/wp-json\/wp\/v2\/posts\/26677\/revisions"}],"predecessor-version":[{"id":26680,"href":"https:\/\/www.eloriente.net\/home\/wp-json\/wp\/v2\/posts\/26677\/revisions\/26680"}],"wp:featuredmedia":[{"embeddable":true,"href":"https:\/\/www.eloriente.net\/home\/wp-json\/wp\/v2\/media\/26678"}],"wp:attachment":[{"href":"https:\/\/www.eloriente.net\/home\/wp-json\/wp\/v2\/media?parent=26677"}],"wp:term":[{"taxonomy":"category","embeddable":true,"href":"https:\/\/www.eloriente.net\/home\/wp-json\/wp\/v2\/categories?post=26677"},{"taxonomy":"post_tag","embeddable":true,"href":"https:\/\/www.eloriente.net\/home\/wp-json\/wp\/v2\/tags?post=26677"}],"curies":[{"name":"wp","href":"https:\/\/api.w.org\/{rel}","templated":true}]}}