{"id":26705,"date":"2014-05-28T10:42:11","date_gmt":"2014-05-28T16:42:11","guid":{"rendered":"http:\/\/www.eloriente.net\/home\/?p=26705"},"modified":"2014-05-28T10:42:11","modified_gmt":"2014-05-28T16:42:11","slug":"se-inaugura-exposicion-el-espejo-de-las-causas-de-ivonne-kennedy","status":"publish","type":"post","link":"https:\/\/www.eloriente.net\/home\/2014\/05\/28\/se-inaugura-exposicion-el-espejo-de-las-causas-de-ivonne-kennedy\/","title":{"rendered":"Se inaugura exposici\u00f3n \u00abEl espejo de las causas\u00bb de Ivonne Kennedy"},"content":{"rendered":"<p>eloriente.net<\/p>\n<p>28 de mayo de 2014<\/p>\n<p>El senador por el PRI, Eviel P\u00e9rez Maga\u00f1a, inaugur\u00f3 el pasado 26 de mayo la exposici\u00f3n pict\u00f3rica pl\u00e1stica \u00abEl espejo de las causas\u00bb de la artista oaxaque\u00f1a Ivonne Kennedy.<\/p>\n<p>Con la finalidad de brindar apoyo para la difusi\u00f3n y promoci\u00f3n de productos art\u00edsticos y culturales de Oaxaca, \u00abEl espejo de las causas\u00bb estar\u00e1 disponible hasta el d\u00eda 30 de mayo en el recinto del Senado de la Rep\u00fablica en la Ciudad de M\u00e9xico.<\/p>\n<p>Las obras de Ivonne Kennedy se han presentado en exposiciones colectivas en Estados Unidos, Cuba, Holanda, Suiza, Alemania y del continente asi\u00e1tico, desde 1988.<\/p>\n<p>Individualmente, ha exhibido sus colecciones Tierra de Arcanos, Tiempos y Ausencias, La transparencia del silencio, Construcci\u00f3n de sue\u00f1os y deseos, Habitar los silencios y Destinos Elegidos.<\/p>\n<p>&nbsp;<\/p>\n<p>&nbsp;<\/p>\n<blockquote class=\"twitter-tweet\" lang=\"es\"><p>Los invitamos a la Exposici\u00f3n \u00abEl espejo de las causas\u00bb de Ivonne Kennedy en el <a href=\"https:\/\/twitter.com\/senadomexicano\">@senadomexicano<\/a>. <a href=\"http:\/\/t.co\/9QVl3R3zJG\">pic.twitter.com\/9QVl3R3zJG<\/a><\/p>\n<p>\u2014 Eviel P\u00e9rez Maga\u00f1a (@EvielPM) <a href=\"https:\/\/twitter.com\/EvielPM\/statuses\/470994451121205248\">Mayo 26, 2014<\/a><\/p><\/blockquote>\n<p>&nbsp;<\/p>\n<p>&nbsp;<\/p>\n<p><a href=\"http:\/\/www.eloriente.net\/home\/wp-content\/uploads\/2014\/05\/Ars-Combinatoria-Oleo-Tela-180x180-2013.jpg\"><img loading=\"lazy\" decoding=\"async\" class=\"alignnone size-medium wp-image-26711\" title=\"Ars-Combinatoria-Oleo-Tela-180x180-2013\" src=\"http:\/\/www.eloriente.net\/home\/wp-content\/uploads\/2014\/05\/Ars-Combinatoria-Oleo-Tela-180x180-2013-295x300.jpg\" alt=\"\" width=\"295\" height=\"300\" srcset=\"https:\/\/www.eloriente.net\/home\/wp-content\/uploads\/2014\/05\/Ars-Combinatoria-Oleo-Tela-180x180-2013-295x300.jpg 295w, https:\/\/www.eloriente.net\/home\/wp-content\/uploads\/2014\/05\/Ars-Combinatoria-Oleo-Tela-180x180-2013-1008x1024.jpg 1008w, https:\/\/www.eloriente.net\/home\/wp-content\/uploads\/2014\/05\/Ars-Combinatoria-Oleo-Tela-180x180-2013-50x50.jpg 50w, https:\/\/www.eloriente.net\/home\/wp-content\/uploads\/2014\/05\/Ars-Combinatoria-Oleo-Tela-180x180-2013-1024x1039.jpg 1024w\" sizes=\"(max-width: 295px) 100vw, 295px\" \/><\/a><\/p>\n<p>Obra de Ivonne Kennedy.<\/p>\n<p>&nbsp;<\/p>\n<p><strong>Entradas relacionadas:<\/strong><\/p>\n<p><a title=\"Permalink to Se destinan 656 mdp en tres proyectos en materia cultural en Oaxaca: Gabino Cu\u00e9\" href=\"http:\/\/www.eloriente.net\/home\/2014\/05\/26\/se-destinan-656-mdp-en-tres-proyectos-en-materia-cultural-en-oaxaca-gabino-cue\/\" rel=\"bookmark\">Se destinan 656 mdp en tres proyectos en materia cultural en Oaxaca: Gabino Cu\u00e9<\/a><\/p>\n<p><a href=\"http:\/\/www.eloriente.net\/home\/2014\/05\/26\/se-destinan-656-mdp-en-tres-proyectos-en-materia-cultural-en-oaxaca-gabino-cue\/\" rel=\"bookmark\"><img decoding=\"async\" title=\"Se destinan 656 mdp en tres proyectos en materia cultural en Oaxaca: Gabino Cu\u00e9\" src=\"http:\/\/www.eloriente.net\/home\/wp-content\/themes\/city-desk\/timthumb.php?src=http%3A%2F%2Fwww.eloriente.net%2Fhome%2Fwp-content%2Fuploads%2F2014%2F05%2FCultura-Por-GobOax.jpg&amp;q=90&amp;w=160&amp;h=106&amp;zc=1\" alt=\"Se destinan 656 mdp en tres proyectos en materia cultural en Oaxaca: Gabino Cu\u00e9\" \/><\/a><\/p>\n<p>eloriente.net 26 de mayo de 2014 Con la finalidad de impulsar la formaci\u00f3n profesional y participaci\u00f3n de la ciudadan\u00eda oaxaque\u00f1a en actividades culturales y art\u00edsticas, el Gobierno del Estado de Oaxaca destina una inversi\u00f3n total de 656 millones de pesos en tres proyectos estrat\u00e9gicos:\u00a0la construcci\u00f3n de las nuevas instalaciones del Centro de Iniciaci\u00f3n Musical de [&#8230;]<\/p>\n<p>May 26, 2014<\/p>\n<div id=\"post-26613\">\n<p><a title=\"Permalink to En Oaxaca, se realizar\u00e1 8o. Coloquio Nacional de Historia del Cine Regional\" href=\"http:\/\/www.eloriente.net\/home\/2014\/05\/26\/en-oaxaca-se-realizara-8o-coloquio-nacional-de-historia-del-cine-regional\/\" rel=\"bookmark\">En Oaxaca, se realizar\u00e1 8o. Coloquio Nacional de Historia del Cine Regional<\/a><\/p>\n<p><a href=\"http:\/\/www.eloriente.net\/home\/2014\/05\/26\/en-oaxaca-se-realizara-8o-coloquio-nacional-de-historia-del-cine-regional\/\" rel=\"bookmark\"><img decoding=\"async\" title=\"En Oaxaca, se realizar\u00e1 8o. Coloquio Nacional de Historia del Cine Regional\" src=\"http:\/\/www.eloriente.net\/home\/wp-content\/themes\/city-desk\/timthumb.php?src=http%3A%2F%2Fwww.eloriente.net%2Fhome%2Fwp-content%2Fuploads%2F2014%2F05%2FEspiral.jpg&amp;q=90&amp;w=160&amp;h=106&amp;zc=1\" alt=\"En Oaxaca, se realizar\u00e1 8o. Coloquio Nacional de Historia del Cine Regional\" \/><\/a><\/p>\n<p>eloriente.net 26 de mayo de 2014 eloriente.net (Oaxaca, M\u00e9xico, a 26 de mayo de 2014).- Con el tema, \u201cCine y Cultura en las Regiones del Sur-Sureste de M\u00e9xico\u201d, se efectuar\u00e1 en Oaxaca el viernes 13 y s\u00e1bado 14 de marzo de 2015 el 80. Coloquio Nacional de Historia del Cine Regional, en el cual se [&#8230;]<\/p>\n<p>May 26, 2014<\/p>\n<p><a title=\"Permalink to Video: Presenta Margo Glantz la charla \u201cSimple perversi\u00f3n oral\u201d\" href=\"http:\/\/www.eloriente.net\/home\/2014\/05\/25\/video-presenta-margo-glantz-la-charla-simple-perversion-oral\/\" rel=\"bookmark\">Video: Presenta Margo Glantz la charla \u201cSimple perversi\u00f3n oral\u201d<\/a><\/p>\n<p><a href=\"http:\/\/www.eloriente.net\/home\/2014\/05\/25\/video-presenta-margo-glantz-la-charla-simple-perversion-oral\/\" rel=\"bookmark\"><img decoding=\"async\" title=\"Video: Presenta Margo Glantz la charla \u201cSimple perversi\u00f3n oral\u201d\" src=\"http:\/\/www.eloriente.net\/home\/wp-content\/themes\/city-desk\/timthumb.php?src=http%3A%2F%2Fwww.eloriente.net%2Fhome%2Fwp-content%2Fuploads%2F2014%2F05%2FCartel-Margo-G1.jpg&amp;q=90&amp;w=160&amp;h=106&amp;zc=1\" alt=\"Video: Presenta Margo Glantz la charla \u201cSimple perversi\u00f3n oral\u201d\" \/><\/a><\/p>\n<p>eloriente.net 25 de mayo de 2014 Margo Glantz, escritora, catedr\u00e1tica de la UNAM, periodista, investigadora y miembro de La Academia Mexicana de la Lengua, present\u00f3 en Oaxaca de Ju\u00e1rez la charla titulada \u201cSimple perversi\u00f3n oral\u201d. El evento fue convocado por Editorial Almad\u00eda, el Centro de las Artes de San Agust\u00edn y la Fundaci\u00f3n Alfredo Harp [&#8230;]<\/p>\n<p>May 25, 2014<\/p>\n<\/div>\n\n\t\t\t  <div \n\t\t\t  \tclass = \"fb-comments\" \n\t\t\t  \tdata-href = \"https:\/\/www.eloriente.net\/home\/2014\/05\/28\/se-inaugura-exposicion-el-espejo-de-las-causas-de-ivonne-kennedy\/\"\n\t\t\t  \tdata-numposts = \"10\"\n\t\t\t\tdata-colorscheme = \"dark\"\n\t\t\t\tdata-order-by = \"social\"\n\t\t\t\tdata-mobile=true>\n\t\t\t  <\/div>\n\t\t  <style>\n\t\t\t.fb_iframe_widget_fluid_desktop iframe {\n\t\t\t    width: 100% !important;\n\t\t\t}\n\t\t  <\/style>\n\t\t  ","protected":false},"excerpt":{"rendered":"<p>eloriente.net 28 de mayo de 2014 El senador por el PRI, Eviel P\u00e9rez Maga\u00f1a, inaugur\u00f3 el pasado 26 de mayo la exposici\u00f3n pict\u00f3rica pl\u00e1stica \u00abEl espejo de las causas\u00bb de la artista oaxaque\u00f1a Ivonne Kennedy. Con la finalidad de brindar apoyo para la difusi\u00f3n y promoci\u00f3n de productos art\u00edsticos y culturales de Oaxaca, \u00abEl espejo [&hellip;]<\/p>\n","protected":false},"author":26,"featured_media":26711,"comment_status":"open","ping_status":"open","sticky":false,"template":"","format":"standard","meta":{"_jetpack_memberships_contains_paid_content":false,"footnotes":""},"categories":[18,32,63,10,464],"tags":[1458,241,1459,240,73,242,261],"class_list":["post-26705","post","type-post","status-publish","format-standard","has-post-thumbnail","hentry","category-educacion-y-cultura","category-entradas","category-estados","category-lo-mas-reciente","category-oaxaca-estados","tag-artista","tag-cultura","tag-eviel-perez-magana","tag-exposicion","tag-oaxaca","tag-pintura","tag-senado"],"jetpack_featured_media_url":"https:\/\/www.eloriente.net\/home\/wp-content\/uploads\/2014\/05\/Ars-Combinatoria-Oleo-Tela-180x180-2013.jpg","jetpack_sharing_enabled":true,"_links":{"self":[{"href":"https:\/\/www.eloriente.net\/home\/wp-json\/wp\/v2\/posts\/26705"}],"collection":[{"href":"https:\/\/www.eloriente.net\/home\/wp-json\/wp\/v2\/posts"}],"about":[{"href":"https:\/\/www.eloriente.net\/home\/wp-json\/wp\/v2\/types\/post"}],"author":[{"embeddable":true,"href":"https:\/\/www.eloriente.net\/home\/wp-json\/wp\/v2\/users\/26"}],"replies":[{"embeddable":true,"href":"https:\/\/www.eloriente.net\/home\/wp-json\/wp\/v2\/comments?post=26705"}],"version-history":[{"count":5,"href":"https:\/\/www.eloriente.net\/home\/wp-json\/wp\/v2\/posts\/26705\/revisions"}],"predecessor-version":[{"id":26718,"href":"https:\/\/www.eloriente.net\/home\/wp-json\/wp\/v2\/posts\/26705\/revisions\/26718"}],"wp:featuredmedia":[{"embeddable":true,"href":"https:\/\/www.eloriente.net\/home\/wp-json\/wp\/v2\/media\/26711"}],"wp:attachment":[{"href":"https:\/\/www.eloriente.net\/home\/wp-json\/wp\/v2\/media?parent=26705"}],"wp:term":[{"taxonomy":"category","embeddable":true,"href":"https:\/\/www.eloriente.net\/home\/wp-json\/wp\/v2\/categories?post=26705"},{"taxonomy":"post_tag","embeddable":true,"href":"https:\/\/www.eloriente.net\/home\/wp-json\/wp\/v2\/tags?post=26705"}],"curies":[{"name":"wp","href":"https:\/\/api.w.org\/{rel}","templated":true}]}}