{"id":26706,"date":"2014-05-28T10:21:21","date_gmt":"2014-05-28T16:21:21","guid":{"rendered":"http:\/\/www.eloriente.net\/home\/?p=26706"},"modified":"2014-05-28T10:21:21","modified_gmt":"2014-05-28T16:21:21","slug":"28may14-en-vivo-sesion-del-senado-de-la-republica","status":"publish","type":"post","link":"https:\/\/www.eloriente.net\/home\/2014\/05\/28\/28may14-en-vivo-sesion-del-senado-de-la-republica\/","title":{"rendered":"28\/May\/14 En vivo: Sesi\u00f3n del Senado de la Rep\u00fablica"},"content":{"rendered":"<p>eloriente.net\/<a href=\"http:\/\/www.senado.gob.mx\/\" target=\"_blank\">Senado de la Rep\u00fablica<\/a><\/p>\n<p>28 de mayo de 2014<\/p>\n<p>Conscientes de su importancia para la vida de la comunidad, nos enlazamos con la se\u00f1al del Senado de la Rep\u00fablica para la sesi\u00f3n de la Comisi\u00f3n Permanente de este d\u00eda.<\/p>\n<p>Para verificar el orden del d\u00eda de la sesi\u00f3n de hoy, da click a la siguiente\u00a0<a href=\"http:\/\/www.senado.gob.mx\/index.php?ver=cp&amp;mn=4&amp;id=47923\" target=\"_blank\">liga<\/a>.<\/p>\n<p>&nbsp;<\/p>\n<p><iframe loading=\"lazy\" src=\"\/\/www.youtube.com\/embed\/yyl82uP2uQ4\" frameborder=\"0\" width=\"560\" height=\"315\"><\/iframe><\/p>\n<p>Video:\u00a0<a dir=\"ltr\" href=\"https:\/\/www.youtube.com\/channel\/UCoeJxDc717MNVJtUsQW20Qg\" data-sessionlink=\"feature=watch&amp;ei=bguGU6fwKebikAKl1YCYCA\" data-ytid=\"UCoeJxDc717MNVJtUsQW20Qg\" data-name=\"watch\">Senado de M\u00e9xico.<\/a><\/p>\n<p>&nbsp;<\/p>\n<p><a href=\"http:\/\/www.eloriente.net\/home\/wp-content\/uploads\/2013\/12\/senado1.jpg\"><img loading=\"lazy\" decoding=\"async\" class=\"alignnone size-medium wp-image-18543\" title=\"senado\" src=\"http:\/\/www.eloriente.net\/home\/wp-content\/uploads\/2013\/12\/senado1-300x174.jpg\" alt=\"\" width=\"300\" height=\"174\" srcset=\"https:\/\/www.eloriente.net\/home\/wp-content\/uploads\/2013\/12\/senado1-300x174.jpg 300w, https:\/\/www.eloriente.net\/home\/wp-content\/uploads\/2013\/12\/senado1.jpg 944w\" sizes=\"(max-width: 300px) 100vw, 300px\" \/><\/a><\/p>\n<p>Foto: Senado de la Rep\u00fablica<\/p>\n<p>&nbsp;<\/p>\n<p><strong>Entradas relacionadas:<\/strong><\/p>\n<p><a title=\"Permalink to Senador Benjam\u00edn Robles publica \u201cLas nuevas reglas democr\u00e1ticas\u201d\" href=\"http:\/\/www.eloriente.net\/home\/2014\/05\/28\/senador-benjamin-robles-publica-las-nuevas-reglas-democraticas\/\" rel=\"bookmark\">Senador Benjam\u00edn Robles publica \u201cLas nuevas reglas democr\u00e1ticas\u201d<\/a><\/p>\n<p><a href=\"http:\/\/www.eloriente.net\/home\/2014\/05\/28\/senador-benjamin-robles-publica-las-nuevas-reglas-democraticas\/\" rel=\"bookmark\"><img decoding=\"async\" title=\"Senador Benjam\u00edn Robles publica \u201cLas nuevas reglas democr\u00e1ticas\u201d\" src=\"http:\/\/www.eloriente.net\/home\/wp-content\/themes\/city-desk\/timthumb.php?src=http%3A%2F%2Fwww.eloriente.net%2Fhome%2Fwp-content%2Fuploads%2F2014%2F05%2FLas-nuevas-reglas-democraticas.jpg&amp;q=90&amp;w=160&amp;h=106&amp;zc=1\" alt=\"Senador Benjam\u00edn Robles publica \u201cLas nuevas reglas democr\u00e1ticas\u201d\" \/><\/a><\/p>\n<p>eloriente.net 28 de mayo de 2014 Luego de que el Congreso de la Uni\u00f3n aprobara la quinta generaci\u00f3n de leyes electorales, el senador oaxaque\u00f1o por el PRD, Benjam\u00edn Robles Montoya, public\u00f3 \u201cLas nuevas reglas democr\u00e1ticas\u201d, un documento electr\u00f3nico que compila una descripci\u00f3n breve sobre las adiciones al marco normativo y reglamentario de las elecciones de [&#8230;]<\/p>\n<p>May 28, 2014<\/p>\n<p><a title=\"Permalink to Carta a diputada Martha Alicia Escamilla Le\u00f3n\" href=\"http:\/\/www.eloriente.net\/home\/2014\/05\/24\/carta-a-diputada-martha-alicia-escamilla\/\" rel=\"bookmark\">Carta a diputada Martha Alicia Escamilla Le\u00f3n<\/a><\/p>\n<p><a href=\"http:\/\/www.eloriente.net\/home\/2014\/05\/24\/carta-a-diputada-martha-alicia-escamilla\/\" rel=\"bookmark\"><img decoding=\"async\" title=\"Carta a diputada Martha Alicia Escamilla Le\u00f3n\" src=\"http:\/\/www.eloriente.net\/home\/wp-content\/themes\/city-desk\/timthumb.php?src=http%3A%2F%2Fwww.eloriente.net%2Fhome%2Fwp-content%2Fuploads%2F2014%2F02%2FDiscapacitados-2.jpg&amp;q=90&amp;w=160&amp;h=106&amp;zc=1\" alt=\"Carta a diputada Martha Alicia Escamilla Le\u00f3n\" \/><\/a><\/p>\n<p>eloriente.net 24 de mayo de 2014 Carta C. DIP. MARTHA ALICIA ESCAMILLA LE\u00d3N DIPUTADA LOCAL DE LA LXII LEGISLATURA DEL CONGRESO DEL ESTADO DE OAXACA Con el respeto que Usted se merece y con el \u00fanico prop\u00f3sito de abonar a la construcci\u00f3n de pol\u00edticas p\u00fablicas encaminadas a garantizar igualdad de oportunidades a las personas con [&#8230;]<\/p>\n<p>May 24, 2014<\/p>\n<p><a title=\"Permalink to Imprescindible libre autodeterminaci\u00f3n de pueblos ind\u00edgenas: consejero Morales Garc\u00eda\" href=\"http:\/\/www.eloriente.net\/home\/2014\/05\/14\/imprescindible-libre-autodeterminacion-de-pueblos-indigenas-consejero-morales-garcia\/\" rel=\"bookmark\">Imprescindible libre autodeterminaci\u00f3n de pueblos ind\u00edgenas: consejero Morales Garc\u00eda<\/a><\/p>\n<p><a href=\"http:\/\/www.eloriente.net\/home\/2014\/05\/14\/imprescindible-libre-autodeterminacion-de-pueblos-indigenas-consejero-morales-garcia\/\" rel=\"bookmark\"><img decoding=\"async\" title=\"Imprescindible libre autodeterminaci\u00f3n de pueblos ind\u00edgenas: consejero Morales Garc\u00eda\" src=\"http:\/\/www.eloriente.net\/home\/wp-content\/themes\/city-desk\/timthumb.php?src=http%3A%2F%2Fwww.eloriente.net%2Fhome%2Fwp-content%2Fuploads%2F2014%2F05%2FUsos-y-costumbres-principal.jpg&amp;q=90&amp;w=160&amp;h=106&amp;zc=1\" alt=\"Imprescindible libre autodeterminaci\u00f3n de pueblos ind\u00edgenas: consejero Morales Garc\u00eda\" \/><\/a><\/p>\n<p>eloriente.net 15 de mayo de 2014 En entrevista para ELORIENTE.NET, el Mtro. Juan Pablo Morales Garc\u00eda,\u00a0consejero del Instituto Estatal Electoral y de Participaci\u00f3n Ciudadana de Oaxaca (IEEPCO), consider\u00f3 como imprescindible el tema de la libre autodeterminaci\u00f3n de los pueblos y comunidades ind\u00edgenas del pa\u00eds en la Ley General de Procedimientos Electorales de la reforma pol\u00edtico [&#8230;]<\/p>\n<p>May 14, 2014<\/p>\n\n\t\t\t  <div \n\t\t\t  \tclass = \"fb-comments\" \n\t\t\t  \tdata-href = \"https:\/\/www.eloriente.net\/home\/2014\/05\/28\/28may14-en-vivo-sesion-del-senado-de-la-republica\/\"\n\t\t\t  \tdata-numposts = \"10\"\n\t\t\t\tdata-colorscheme = \"dark\"\n\t\t\t\tdata-order-by = \"social\"\n\t\t\t\tdata-mobile=true>\n\t\t\t  <\/div>\n\t\t  <style>\n\t\t\t.fb_iframe_widget_fluid_desktop iframe {\n\t\t\t    width: 100% !important;\n\t\t\t}\n\t\t  <\/style>\n\t\t  ","protected":false},"excerpt":{"rendered":"<p>eloriente.net\/Senado de la Rep\u00fablica 28 de mayo de 2014 Conscientes de su importancia para la vida de la comunidad, nos enlazamos con la se\u00f1al del Senado de la Rep\u00fablica para la sesi\u00f3n de la Comisi\u00f3n Permanente de este d\u00eda. Para verificar el orden del d\u00eda de la sesi\u00f3n de hoy, da click a la siguiente\u00a0liga. [&hellip;]<\/p>\n","protected":false},"author":26,"featured_media":18543,"comment_status":"open","ping_status":"open","sticky":false,"template":"","format":"standard","meta":{"_jetpack_memberships_contains_paid_content":false,"footnotes":""},"categories":[4,32,10,21],"tags":[312,246,265,484,502,261,259],"class_list":["post-26706","post","type-post","status-publish","format-standard","has-post-thumbnail","hentry","category-canal-2-en-vivo","category-entradas","category-lo-mas-reciente","category-politica-y-gobierno","tag-ciudadania","tag-congreso","tag-legislacion","tag-poder","tag-republica","tag-senado","tag-sesion"],"jetpack_featured_media_url":"https:\/\/www.eloriente.net\/home\/wp-content\/uploads\/2013\/12\/senado1.jpg","jetpack_sharing_enabled":true,"_links":{"self":[{"href":"https:\/\/www.eloriente.net\/home\/wp-json\/wp\/v2\/posts\/26706"}],"collection":[{"href":"https:\/\/www.eloriente.net\/home\/wp-json\/wp\/v2\/posts"}],"about":[{"href":"https:\/\/www.eloriente.net\/home\/wp-json\/wp\/v2\/types\/post"}],"author":[{"embeddable":true,"href":"https:\/\/www.eloriente.net\/home\/wp-json\/wp\/v2\/users\/26"}],"replies":[{"embeddable":true,"href":"https:\/\/www.eloriente.net\/home\/wp-json\/wp\/v2\/comments?post=26706"}],"version-history":[{"count":2,"href":"https:\/\/www.eloriente.net\/home\/wp-json\/wp\/v2\/posts\/26706\/revisions"}],"predecessor-version":[{"id":26708,"href":"https:\/\/www.eloriente.net\/home\/wp-json\/wp\/v2\/posts\/26706\/revisions\/26708"}],"wp:featuredmedia":[{"embeddable":true,"href":"https:\/\/www.eloriente.net\/home\/wp-json\/wp\/v2\/media\/18543"}],"wp:attachment":[{"href":"https:\/\/www.eloriente.net\/home\/wp-json\/wp\/v2\/media?parent=26706"}],"wp:term":[{"taxonomy":"category","embeddable":true,"href":"https:\/\/www.eloriente.net\/home\/wp-json\/wp\/v2\/categories?post=26706"},{"taxonomy":"post_tag","embeddable":true,"href":"https:\/\/www.eloriente.net\/home\/wp-json\/wp\/v2\/tags?post=26706"}],"curies":[{"name":"wp","href":"https:\/\/api.w.org\/{rel}","templated":true}]}}