{"id":26712,"date":"2014-05-28T10:52:41","date_gmt":"2014-05-28T16:52:41","guid":{"rendered":"http:\/\/www.eloriente.net\/home\/?p=26712"},"modified":"2014-05-30T13:23:05","modified_gmt":"2014-05-30T19:23:05","slug":"29may14-1900-presentan-arturo-garcia-bustos-en-bellas-artes","status":"publish","type":"post","link":"https:\/\/www.eloriente.net\/home\/2014\/05\/28\/29may14-1900-presentan-arturo-garcia-bustos-en-bellas-artes\/","title":{"rendered":"Presentaron libro &#8216;Arturo Garc\u00eda Bustos&#8217; en Bellas Artes"},"content":{"rendered":"<p><strong>eloriente.net\/<a href=\"http:\/\/www.conaculta.gob.mx\" target=\"_blank\">CONACULTA<\/a>*<\/strong><\/p>\n<p><strong>30 mayo de 2014<\/strong><\/p>\n<div id=\"contenido_nota\">\n<div>\n<ul>\n<li>En el Palacio de Bellas se present\u00f3 la publicaci\u00f3n\u00a0<em>Arturo Garc\u00eda Bustos. En el espacio m\u00e1gico del muralismo mexicano<\/em><\/li>\n<li>Arturo Garc\u00eda Bustos manifest\u00f3 que con su trabajo, su deseo es lograr una verdadera transformaci\u00f3n social<\/li>\n<\/ul>\n<p>El libro\u00a0<em>Arturo Garc\u00eda Bustos. En el espacio m\u00e1gico del muralismo mexicano<\/em>\u00a0 reivindica la obra mural del maestro y el valor del libro impreso como soporte insuperable de textos e im\u00e1genes, expuso Luis Rius Caso.<\/p>\n<p>La retrospectiva de la obra mural de Arturo Garc\u00eda Bustos es lo que abarca la obra editada por la Direcci\u00f3n General de Publicaciones (DGP) del Conaculta, presentada la noche del 29 de mayo en la Sala Manuel M. Ponce del Palacio de Bellas Artes por Julio Trujillo, director editorial de la DGP; Gregorio Luke, consejero del Instituto de los Mexicanos en el Exterior, y el artista.<\/p>\n<p>Arturo Garc\u00eda Bustos, quien fuera uno de los alumnos de la pintora Frida Kahlo, dijo sentirse realmente emocionado de ver plasmada su obra mural en un libro \u201cbell\u00edsimo\u201d, agradeci\u00f3 al Consejo Nacional para la Cultura y las Artes y a las personalidades que contribuyeron con textos en la propuesta editorial.<\/p>\n<p>\u201cAhora es una realidad que estas pinturas llegar\u00e1n a las manos de muchos seguidores del arte p\u00fablico monumental, este arte que no tiene un valor comercial, sino la intenci\u00f3n de salir al encuentro con el pueblo, a ellos es a quienes va dirigida mi contribuci\u00f3n pict\u00f3rica, y mi deseo de lograr una verdadera transformaci\u00f3n social\u201d, coment\u00f3 el tambi\u00e9n grabador.<\/p>\n<p>Manifest\u00f3 que su gusto por la pintura y la vocaci\u00f3n por el arte le surgi\u00f3 desde muy ni\u00f1o, en el ambiente familiar; por la influencia del momento que viv\u00eda M\u00e9xico y el mundo, as\u00ed como por el pensamiento progresista de escritores y artistas que se agrupaban en la Liga de Escritores y Artistas Revolucionarios (LEAR) que le toc\u00f3 tener como maestros, despu\u00e9s como amigos.<\/p>\n<p>\u201cLa pintura mural mexicana descubre nuestros propios valores y el mundo de sus ra\u00edces ancestrales latinoamericanas, proyectando en sus muros un sentido nacionalista que contagia a todas las dem\u00e1s expresiones art\u00edsticas\u201d, expres\u00f3 Arturo Garc\u00eda Bustos.<\/p>\n<p>Comparti\u00f3 que fue testigo de las injusticias y movimientos sociales que han ocurrido a lo largo de momentos hist\u00f3ricos que le han tocado vivir; que tuvo la gran fortuna de contar con grandes maestros en la escuela y en la vida, como lo fueron Diego Rivera y Frida Kahlo, determinante en su formaci\u00f3n art\u00edstica, manifest\u00f3 el continuador de la Escuela Mexicana de Pintura.<\/p>\n<p>Luis Rius Caso en su participaci\u00f3n manifest\u00f3 que la trayectoria de los grandes muralistas requiere de grandes publicaciones que funjan como museo port\u00e1til de los murales m\u00e1s significativos del artista.<\/p>\n<p>\u201cLas impresiones de los murales nos hacen vibrar, nos emocionan y nos invitan, son registros de golpes de mirada. [\u2026] Algo que encuentro en este libro es la pertinencia de relacionar al realismo mexicano con lo que actualmente se llama arte relacional o de participaci\u00f3n\u201d, agreg\u00f3 Rius Caso.<\/p>\n<p>Textos de Miguel Le\u00f3n-Portilla, Andr\u00e9s Henestrosa, Eduardo Matos Moctezuma, Alfredo Cardona Pe\u00f1a, Alberto H\u00edjar Serrano, Carmen de la Fuente, Magdalena Zavala, Jos\u00e9 Narro Robles, Leticia L\u00f3pez Orozco, Rub\u00e9n Vasconcelos Beltr\u00e1n,\u00a0 Abel Santiago D\u00edaz y el artista, integran el libro, adem\u00e1s de la obra mural.<\/p>\n<p>Luis Rius Caso dijo que los autores se acercan a la obra del maestro con respeto y admiraci\u00f3n. \u201cObservan a detalle im\u00e1genes y relatos visuales, caminan al lado del muralista.<\/p>\n<p>\u201cVer y pensar estos murales es entrar a un universo vasto de conocimientos, a m\u00faltiples universos unidos por vasos comunicantes: a la pintura, el muralismo, el amor, la poes\u00eda, la m\u00fasica, el teatro, la danza, las culturas prehisp\u00e1nicas, el humanismo, la historia, la herbolaria, los mitos y la cosmogon\u00eda de pueblos, como el mixteco, zapoteca y maya\u201d, puntualiz\u00f3 Luis Rius Caso.<\/p>\n<p>En su participaci\u00f3n Gregorio Luke, consejero del Instituto de los Mexicanos en el Exterior, hizo un recorrido biogr\u00e1fico del artista. Coment\u00f3 que Arturo Garc\u00eda Bustos es un representante m\u00e1ximo de la tradici\u00f3n mural que desde ni\u00f1o vio las obras de Diego Rivera, Jos\u00e9 Clemente Orozco y David Alfaro Siqueiros, para despu\u00e9s tener la oportunidad de trabajar con ellos.<\/p>\n<p>\u201cToda esta formaci\u00f3n y enorme legado lo ha expresado en sus murales. Cuando fue a Italia a pintar murales y a ense\u00f1ar la t\u00e9cnica del fresco, represent\u00f3 a todo el pueblo de M\u00e9xico en esta apropiaci\u00f3n y transformaci\u00f3n de la pintura mural. [\u2026] Arturo Garc\u00eda Bustos es pintor de nuestro pueblo\u201d, finaliz\u00f3.<\/p>\n<p>En\u00a0<em>Arturo Garc\u00eda Bustos. En el espacio m\u00e1gico del muralismo mexicano<\/em>\u00a0los murales abordados de manera particular por los especialistas son:\u00a0<em>Pobladores de las siete regiones de Oaxaca<\/em>;\u00a0<em>Amantes primitivos,\u00a0Oaxaca en la historia y en el mito<\/em>;\u00a0<em>Cosmogon\u00eda de las culturas ind\u00edgenas de Oaxaca<\/em>;\u00a0<em>La Universidad en el umbral del siglo XXI<\/em>;\u00a0<em>La herencia tepaneca en el umbral del tercer milenio<\/em>;\u00a0<em>La herbolar\u00eda, la farmacopea y los avances de la medicina moderna en M\u00e9xico<\/em>;\u00a0<em>Realidad y sue\u00f1o en el mundo maya. M\u00e1gico encuentro entre hombres y dioses<\/em>, y\u00a0<em>Vida, muerte y amor<\/em>.<\/p>\n<\/div>\n<\/div>\n<p><strong>DAF<\/strong><br \/>\nM\u00e9xico \/ Distrito Federal<\/p>\n<p>&nbsp;<\/p>\n<p><strong>eloriente.net\/CONACULTA*<\/strong><\/p>\n<p><strong>28 de mayo de 2014<\/strong><\/p>\n<div id=\"contenido_nota\">\n<div>\n<ul>\n<li>Textos de Miguel Le\u00f3n-Portilla, Eduardo Matos Moctezuma, Jos\u00e9 Narro Robles y Ruben Vasconcelos Beltr\u00e1n, entre otros, enriquecen la reflexi\u00f3n sobre el artista mexicano<\/li>\n<\/ul>\n<p>La erudici\u00f3n y el firme compromiso con la cr\u00edtica social que caracterizan a uno de los m\u00e1s importantes artistas mexicanos se reflejan en\u00a0<em>Arturo Garc\u00eda Bustos. En el espacio m\u00e1gico del muralismo mexicano<\/em>, obra que evoca el mundo prehisp\u00e1nico, la Colonia, la Independencia, la Reforma y la Revoluci\u00f3n, a trav\u00e9s de im\u00e1genes plasmadas con agudeza y acompa\u00f1adas de un vasto simbolismo.<\/p>\n<p>El libro, editado por la Direcci\u00f3n General de Publicaciones (DGP) del Conaculta, ofrece un interesante recorrido por la obra mural de Arturo Garc\u00eda Bustos, \u2013nacido en la Ciudad de M\u00e9xico en la agitada d\u00e9cada posrevolucionaria de los veinte\u00ad\u2013 que simboliza una clara expresi\u00f3n del nacionalismo cultural y del anhelo de justicia social de la \u00e9poca.<\/p>\n<p>Textos de diversos pensadores del \u00e1mbito cultural y acad\u00e9mico acompa\u00f1an a esta publicaci\u00f3n con lo que enriquecen la reflexi\u00f3n y se adentran en la obra del \u201c\u00faltimo de nuestros grandes muralistas\u201d, como refiere Rafael Tovar y de Teresa, presidente del Conaculta, en el escrito inicial del libro.<\/p>\n<p>\u201cArturo Garc\u00eda Bustos representa la tradici\u00f3n viva del muralismo mexicano. Contra lo que suele pensarse, esta trascendental corriente de la pl\u00e1stica mexicana a\u00fan mantiene fresca su expresi\u00f3n m\u00e1s all\u00e1 de sus tres grandes exponentes: Rivera, Siqueiros y Orozco\u201d, afirma el titular del Conaculta en Bustos: el muralismo vivo.<\/p>\n<p>Rafael Tovar y de Teresa comenta que, nutrido por la educaci\u00f3n marcadamente social del momento, el creador no ha dejado de representar en sus grabados y murales, \u201ca un pa\u00eds agudamente consciente de s\u00ed mismo, de su riqueza hist\u00f3rica y de sus grandes, a veces abismales, contrastes. M\u00e1s que un arte\u00a0<em>engag\u00e9<\/em>\u00a0o comprometido (que tambi\u00e9n lo es), la obra pict\u00f3rica de Garc\u00eda Bustos es una manifestaci\u00f3n elocuente de una inquietud que nos caracteriza y que siempre va acotada entre interrogantes: \u00bfqui\u00e9nes somos? Nuestro artista ha invertido su vida en responder esa pregunta\u201d.<\/p>\n<p>Al recordar que, adem\u00e1s de la gravitaci\u00f3n de los muralistas m\u00e1s reconocidos, la obra de Garc\u00eda Bustos se afin\u00f3 en la Academia de San Carlos y en La Esmeralda, donde recibi\u00f3 formaci\u00f3n acad\u00e9mica de, entre otros, Agust\u00edn Lazo, Alfredo Zalce y Mar\u00eda Izquierdo, adem\u00e1s de Frida Kahlo en la Casa Azul de Coyoac\u00e1n, Rafael Tovar y de Teresa comenta que con ese bagaje, al que se suman lecturas y su pasi\u00f3n por el cine y la m\u00fasica, el artista fue creando un trazo propio que hoy se plasma en esta retrospectiva.<\/p>\n<p>\u201cToda su obra mural\u00edstica est\u00e1 incluida en este libro, y de ella descuellan cuatro piezas centrales: los murales de los lavaderos p\u00fablicos de Coyoac\u00e1n (de los que s\u00f3lo quedan registros fotogr\u00e1ficos), los del Palacio de Gobierno de Oaxaca, los de la estaci\u00f3n Universidad del Metro y el de la Casa de Cultura de Azcapotzalco. Quien se asome a estas p\u00e1ginas descubrir\u00e1 la sorprendente continuidad que Garc\u00eda Bustos ha sabido darle a la Escuela Mexicana de Pintura\u201d, agrega el titular del Conaculta.<\/p>\n<p>El coleccionista, curador e investigador Ricardo P\u00e9rez Escamilla afirm\u00f3 que el valor de un creador como Garc\u00eda Bustos surge del an\u00e1lisis del conjunto de su obra. \u201c\u00c9sta bien puede ser considerada como un mural en el que se conjugan la vida del artista con la de la naci\u00f3n y su pueblo; dos historias que encuentran un camino com\u00fan a trav\u00e9s de la Revoluci\u00f3n y cuyos frutos a\u00fan hoy podemos observar. Pero tambi\u00e9n es innegable que su val\u00eda reside en ese esp\u00edritu revolucionario con el que se form\u00f3 como creador y como mexicano y que, lejos de las modas del arte, a\u00fan es vigente en \u00e9l.<\/p>\n<p>\u201cPocos son los artistas que en la actualidad contin\u00faan fieles al principio de la Escuela Mexicana de Pintura y que siguen haciendo arte con el pueblo en la mente. Ello, adem\u00e1s de la calidad art\u00edstica de nuestro creador, hace de Arturo Garc\u00eda Bustos una presencia indispensable para entender y profundizar en las permanencias y en los cambios de la historia de la pintura mexicana a partir de la mitad del siglo XX\u201d, concluy\u00f3 Ricardo P\u00e9rez Escamilla en su escrito Arturo Garc\u00eda Bustos, recreador de la realidad y compositor de murales, incluido en el volumen.<\/p>\n<p>Textos de Miguel Le\u00f3n-Portilla, Andr\u00e9s Henestrosa, Eduardo Matos Moctezuma, Alfredo Cardona Pe\u00f1a, Alberto H\u00edjar Serrano, Carmen de la Fuente, Magdalena Zavala, Jos\u00e9 Narro Robles, Leticia L\u00f3pez Orozco, Rub\u00e9n Vasconcelos Beltr\u00e1n, Abel Santiago D\u00edaz y del propio artista, forman parte del libro.<\/p>\n<p>Los murales abordados de manera particular por los especialistas son: Pobladores de las siete regiones de Oaxaca;\u00a0<em>Amantes primitivos; Oaxaca en la historia y en el mito; Cosmogon\u00eda de las culturas ind\u00edgenas de Oaxaca; La Universidad en el umbral del siglo XXI; La herencia tepaneca en el umbral del tercer milenio; La herbolaria, la farmacopea y los avances de la medicina moderna en M\u00e9xico; Realidad y sue\u00f1o en el mundo maya. M\u00e1gico encuentro entre hombres y dioses, y Vida, muerte, amor<\/em>.<\/p>\n<p>Fascinado por el ambiente cultural y pol\u00edtico que le rodeaba Arturo Garc\u00eda Bustos (1926) inicia sus estudios en la Academia de San Carlos y posteriormente en la Escuela de Pintura y Escultura La Esmeralda, donde tuvo como maestros a Diego Rivera y Frida Kahlo, quienes lo impulsaron a pintar sus primeros murales.<\/p>\n<p>En 1945, su inquietud art\u00edstica y convicci\u00f3n social lo llevaron a formar parte de la proeza colectiva que fue el Taller de Gr\u00e1fica Popular. En 1964 pint\u00f3 en el Museo Nacional de Antropolog\u00eda (MNA) y desde entonces ha realizado pintura mural en diferentes edificios p\u00fablicos con las t\u00e9cnicas de la enc\u00e1ustica y el fresco.<\/p>\n<p>Sus obras pueden verse en el Museo Nacional de la Estampa y sus murales en el Museo Nacional de Antropolog\u00eda, en la Casa de la Cultura de Azcapotzalco, la estaci\u00f3n Universidad del Sistema de Transporte Colectivo Metro y las escalinatas del Palacio de Gobierno de Oaxaca, por mencionar s\u00f3lo algunos lugares.<\/p>\n<p>Suma importantes reconocimientos nacionales e internacionales, y es miembro fundador del Sal\u00f3n de la Pl\u00e1stica Mexicana y miembro de n\u00famero de la Academia de Artes. Junto con la pintora Rina Lazo, su esposa, vive en la hist\u00f3rica Casa Colorada o de la Malinche, en el centro de Coyoac\u00e1n, donde contin\u00faa pintando y realizando obra gr\u00e1fica.<\/p>\n<p><em>Arturo Garc\u00eda Bustos. En el espacio m\u00e1gico del muralismo mexicano<\/em>\u00a0se presentar\u00e1 el jueves 29 de mayo a las 19:00 horas, en la Sala Manuel M. Ponce del Palacio de Bellas Artes, Avenida Ju\u00e1rez esquina Eje Central L\u00e1zaro C\u00e1rdenas, Centro Hist\u00f3rico, con los comentarios de Gregorio Luke Contreras, Luis Rius Caso y Julio Trujillo.<\/p>\n<\/div>\n<\/div>\n<p><strong>GRS<\/strong><br \/>\nM\u00e9xico \/ Distrito Federal<\/p>\n<p>*Comunicado<\/p>\n<p><a href=\"http:\/\/www.eloriente.net\/home\/wp-content\/uploads\/2014\/05\/Algunos-derechos-reservados-por-eduardo.robles-MURAL-PALACIO.jpg\"><img loading=\"lazy\" decoding=\"async\" class=\"alignnone  wp-image-26714\" title=\"Stitched Panorama\" src=\"http:\/\/www.eloriente.net\/home\/wp-content\/uploads\/2014\/05\/Algunos-derechos-reservados-por-eduardo.robles-MURAL-PALACIO.jpg\" alt=\"\" width=\"392\" height=\"158\" srcset=\"https:\/\/www.eloriente.net\/home\/wp-content\/uploads\/2014\/05\/Algunos-derechos-reservados-por-eduardo.robles-MURAL-PALACIO.jpg 1024w, https:\/\/www.eloriente.net\/home\/wp-content\/uploads\/2014\/05\/Algunos-derechos-reservados-por-eduardo.robles-MURAL-PALACIO-300x120.jpg 300w\" sizes=\"(max-width: 392px) 100vw, 392px\" \/><\/a><\/p>\n<p>FOTO: CLICK SOBRE LA IMAGEN<\/p>\n<address><strong>OTRAS ENTRADAS:<\/strong><\/address>\n<p><a title=\"Permalink to Se inaugura exposici\u00f3n \u201cEl espejo de las causas\u201d de Ivonne Kennedy\" href=\"http:\/\/www.eloriente.net\/home\/2014\/05\/28\/se-inaugura-exposicion-el-espejo-de-las-causas-de-ivonne-kennedy\/\" rel=\"bookmark\">Se inaugura exposici\u00f3n \u201cEl espejo de las causas\u201d de Ivonne Kennedy<\/a><\/p>\n<p><a href=\"http:\/\/www.eloriente.net\/home\/2014\/05\/28\/se-inaugura-exposicion-el-espejo-de-las-causas-de-ivonne-kennedy\/\" rel=\"bookmark\"><img decoding=\"async\" title=\"Se inaugura exposici\u00f3n \u201cEl espejo de las causas\u201d de Ivonne Kennedy\" src=\"http:\/\/www.eloriente.net\/home\/wp-content\/themes\/city-desk\/timthumb.php?src=http%3A%2F%2Fwww.eloriente.net%2Fhome%2Fwp-content%2Fuploads%2F2014%2F05%2FArs-Combinatoria-Oleo-Tela-180x180-2013.jpg&amp;q=90&amp;w=160&amp;h=106&amp;zc=1\" alt=\"Se inaugura exposici\u00f3n \u201cEl espejo de las causas\u201d de Ivonne Kennedy\" \/><\/a><\/p>\n<p>eloriente.net 28 de mayo de 2014 El senador por el PRI, Eviel P\u00e9rez Maga\u00f1a, inaugur\u00f3 el pasado 26 de mayo la exposici\u00f3n pict\u00f3rica pl\u00e1stica \u201cEl espejo de las causas\u201d de la artista oaxaque\u00f1a Ivonne Kennedy. Con la finalidad de brindar apoyo para la difusi\u00f3n y promoci\u00f3n de productos art\u00edsticos y culturales de Oaxaca, \u201cEl espejo [&#8230;]<\/p>\n<p>May 28, 2014<\/p>\n<address><a title=\"Permalink to Senador Benjam\u00edn Robles publica \u201cLas nuevas reglas democr\u00e1ticas\u201d\" href=\"http:\/\/www.eloriente.net\/home\/2014\/05\/28\/senador-benjamin-robles-publica-las-nuevas-reglas-democraticas\/\" rel=\"bookmark\">Senador Benjam\u00edn Robles publica \u201cLas nuevas reglas democr\u00e1ticas\u201d<\/a><\/address>\n<address>\u00a0<\/address>\n<p id=\"post-26690\"><a href=\"http:\/\/www.eloriente.net\/home\/2014\/05\/28\/senador-benjamin-robles-publica-las-nuevas-reglas-democraticas\/\" rel=\"bookmark\"><img decoding=\"async\" title=\"Senador Benjam\u00edn Robles publica \u201cLas nuevas reglas democr\u00e1ticas\u201d\" src=\"http:\/\/www.eloriente.net\/home\/wp-content\/themes\/city-desk\/timthumb.php?src=http%3A%2F%2Fwww.eloriente.net%2Fhome%2Fwp-content%2Fuploads%2F2014%2F05%2FLas-nuevas-reglas-democraticas.jpg&amp;q=90&amp;w=160&amp;h=106&amp;zc=1\" alt=\"Senador Benjam\u00edn Robles publica \u201cLas nuevas reglas democr\u00e1ticas\u201d\" \/><\/a>eloriente.net 28 de mayo de 2014 Luego de que el Congreso de la Uni\u00f3n aprobara la quinta generaci\u00f3n de leyes electorales, el senador oaxaque\u00f1o por el PRD, Benjam\u00edn Robles Montoya, public\u00f3 \u201cLas nuevas reglas democr\u00e1ticas\u201d, un documento electr\u00f3nico que compila una descripci\u00f3n breve sobre las adiciones al marco normativo y reglamentario de las elecciones de [&#8230;]May 28, 2014<\/p>\n<p><a title=\"Permalink to A ti que ense\u00f1as, por Adri\u00e1n Gonz\u00e1lez\" href=\"http:\/\/www.eloriente.net\/home\/2014\/05\/28\/a-ti-que-ensenas-por-adrian-gonzalez\/\" rel=\"bookmark\">A ti que ense\u00f1as, por Adri\u00e1n Gonz\u00e1lez<\/a><\/p>\n<p><a href=\"http:\/\/www.eloriente.net\/home\/2014\/05\/28\/a-ti-que-ensenas-por-adrian-gonzalez\/\" rel=\"bookmark\"><img decoding=\"async\" title=\"A ti que ense\u00f1as, por Adri\u00e1n Gonz\u00e1lez\" src=\"http:\/\/www.eloriente.net\/home\/wp-content\/themes\/city-desk\/timthumb.php?src=http%3A%2F%2Fwww.eloriente.net%2Fhome%2Fwp-content%2Fuploads%2F2014%2F05%2FLicencia-CC-derechos-reservados-por-M.-Martin-Vicente-Lapiz.jpg&amp;q=90&amp;w=160&amp;h=106&amp;zc=1\" alt=\"A ti que ense\u00f1as, por Adri\u00e1n Gonz\u00e1lez\" \/><\/a><\/p>\n<p>eloriente.net 28 de mayo de 2014 Por: Adri\u00e1n Gonz\u00e1lez Jim\u00e9nez A ti que ense\u00f1as\u2026 Recientemente me he cuestionado sobre lo que he aprendido en el transcurso de mi vida como estudiante &amp; c\u00f3mo lo he aprendido. Durante todo el transcurso de vida como estudiante he acatado m\u00e9todos, seguido reglas e instrucciones las cuales \u201csupuestamente\u201d har\u00edan [&#8230;]<\/p>\n<p>May 28, 2014<\/p>\n\n\t\t\t  <div \n\t\t\t  \tclass = \"fb-comments\" \n\t\t\t  \tdata-href = \"https:\/\/www.eloriente.net\/home\/2014\/05\/28\/29may14-1900-presentan-arturo-garcia-bustos-en-bellas-artes\/\"\n\t\t\t  \tdata-numposts = \"10\"\n\t\t\t\tdata-colorscheme = \"dark\"\n\t\t\t\tdata-order-by = \"social\"\n\t\t\t\tdata-mobile=true>\n\t\t\t  <\/div>\n\t\t  <style>\n\t\t\t.fb_iframe_widget_fluid_desktop iframe {\n\t\t\t    width: 100% !important;\n\t\t\t}\n\t\t  <\/style>\n\t\t  ","protected":false},"excerpt":{"rendered":"<p>eloriente.net\/CONACULTA* 30 mayo de 2014 En el Palacio de Bellas se present\u00f3 la publicaci\u00f3n\u00a0Arturo Garc\u00eda Bustos. En el espacio m\u00e1gico del muralismo mexicano Arturo Garc\u00eda Bustos manifest\u00f3 que con su trabajo, su deseo es lograr una verdadera transformaci\u00f3n social El libro\u00a0Arturo Garc\u00eda Bustos. En el espacio m\u00e1gico del muralismo mexicano\u00a0 reivindica la obra mural del [&hellip;]<\/p>\n","protected":false},"author":1,"featured_media":26714,"comment_status":"open","ping_status":"open","sticky":false,"template":"","format":"standard","meta":{"_jetpack_memberships_contains_paid_content":false,"footnotes":""},"categories":[18,32,13,24,31],"tags":[],"class_list":["post-26712","post","type-post","status-publish","format-standard","has-post-thumbnail","hentry","category-educacion-y-cultura","category-entradas","category-especiales","category-mexico-y-el-mundo","category-principal"],"jetpack_featured_media_url":"https:\/\/www.eloriente.net\/home\/wp-content\/uploads\/2014\/05\/Algunos-derechos-reservados-por-eduardo.robles-MURAL-PALACIO.jpg","jetpack_sharing_enabled":true,"_links":{"self":[{"href":"https:\/\/www.eloriente.net\/home\/wp-json\/wp\/v2\/posts\/26712"}],"collection":[{"href":"https:\/\/www.eloriente.net\/home\/wp-json\/wp\/v2\/posts"}],"about":[{"href":"https:\/\/www.eloriente.net\/home\/wp-json\/wp\/v2\/types\/post"}],"author":[{"embeddable":true,"href":"https:\/\/www.eloriente.net\/home\/wp-json\/wp\/v2\/users\/1"}],"replies":[{"embeddable":true,"href":"https:\/\/www.eloriente.net\/home\/wp-json\/wp\/v2\/comments?post=26712"}],"version-history":[{"count":3,"href":"https:\/\/www.eloriente.net\/home\/wp-json\/wp\/v2\/posts\/26712\/revisions"}],"predecessor-version":[{"id":26937,"href":"https:\/\/www.eloriente.net\/home\/wp-json\/wp\/v2\/posts\/26712\/revisions\/26937"}],"wp:featuredmedia":[{"embeddable":true,"href":"https:\/\/www.eloriente.net\/home\/wp-json\/wp\/v2\/media\/26714"}],"wp:attachment":[{"href":"https:\/\/www.eloriente.net\/home\/wp-json\/wp\/v2\/media?parent=26712"}],"wp:term":[{"taxonomy":"category","embeddable":true,"href":"https:\/\/www.eloriente.net\/home\/wp-json\/wp\/v2\/categories?post=26712"},{"taxonomy":"post_tag","embeddable":true,"href":"https:\/\/www.eloriente.net\/home\/wp-json\/wp\/v2\/tags?post=26712"}],"curies":[{"name":"wp","href":"https:\/\/api.w.org\/{rel}","templated":true}]}}