{"id":27027,"date":"2014-06-02T08:50:45","date_gmt":"2014-06-02T14:50:45","guid":{"rendered":"http:\/\/www.eloriente.net\/home\/?p=27027"},"modified":"2014-06-02T09:23:31","modified_gmt":"2014-06-02T15:23:31","slug":"las-10-vistas-de-eloriente-net-en-mayo-2014","status":"publish","type":"post","link":"https:\/\/www.eloriente.net\/home\/2014\/06\/02\/las-10-vistas-de-eloriente-net-en-mayo-2014\/","title":{"rendered":"Las 10+ vistas de ELORIENTE.NET en mayo 2014"},"content":{"rendered":"<p>eloriente.net<\/p>\n<p>2\/junio\/2014<\/p>\n<p>Cada mes, ELORIENTE.NET publica la lista de los contenidos m\u00e1s visitados por nuestros usuarios de manera mensual. Esto, para que aquellos que se han perdido una buena recomendaci\u00f3n o una buena nota, tengan la oportunidad de volver sobre ella, regocijarse y disfrutar.<\/p>\n<p>Hay que recordar que el objetivo de ELORIENTE.NET\u00a0es no solamente informar, sino hacer llegar a tu mirada algunas de las cosas que valen la pena de la vida: im\u00e1genes extraordinarias, palabras que transforman y voces para aprender.<\/p>\n<p><a href=\"http:\/\/www.eloriente.net\/home\/2014\/05\/06\/5-vacantes-en-comunicacion-y-diseno-martesdevacantes\/\" target=\"_blank\">1. 5 VACANTES DE COMUNICACI\u00d3N Y DISE\u00d1O #MARTESDEVACANTES<\/a><\/p>\n<p>Conscientes de la importancia para la ciudadan\u00eda en general de la b\u00fasqueda de nuevas oportunidades de crecimiento profesional, ponemos a tu disposici\u00f3n semanalmente ofertas de empleo disponibles en la ciudad de Oaxaca de Ju\u00e1rez, municipios conurbados y en regiones al interior del estado. En esta ocasi\u00f3n, ELORIENTE.NET comparti\u00f3 cinco vacantes en el \u00e1rea de comunicaci\u00f3n y dise\u00f1o:\u00a0Responsable de comunicaci\u00f3n y medios en Universidad La Salle Oaxaca, A.C; licenciado en comunicaci\u00f3n para Red de Escuelas Universitarias del Sureste; dise\u00f1ador gr\u00e1fico en Pitic\u00f3; entre otros.<\/p>\n<p><a href=\"http:\/\/www.eloriente.net\/home\/2014\/05\/06\/estudia-tu-licenciatura-completa-en-japon-consulta-aqui-convocatoria\/\" target=\"_blank\">2. ESTUDIA TU LICENCIATURA COMPLETA EN JAP\u00d3N, CONSULTA AQU\u00cd CONVOCATORIA<\/a><\/p>\n<p>El gobierno de Jap\u00f3n, a trav\u00e9s de su embajada en M\u00e9xico, convocan a j\u00f3venes mexicanos graduados de educaci\u00f3n media superior a realizar sus estudios universitarios completos en la naci\u00f3n nipona bajo su programa de becas MEXT (Monbukagakusho) 2015.<\/p>\n<p>El Ministerio de Educaci\u00f3n, Cultura, Deporte, Ciencia y Tecnolog\u00eda de Jap\u00f3n cubrir\u00e1 el pago de la inscripci\u00f3n y de las colegiaturas, una asignaci\u00f3n mensual y el pasaje\u00a0a\u00e9reo M\u00e9xico-Jap\u00f3n-M\u00e9xico al inicio y t\u00e9rmino del programa. Los estudiantes seleccionados podr\u00e1n aplicar a cualquier \u00e1rea de estudios dentro de las universidades japonesas.<\/p>\n<p><a href=\"http:\/\/www.eloriente.net\/home\/2014\/05\/04\/04may14-en-vivo-elecciones-presidenciales-en-panama\/\" target=\"_blank\">3. 04\/MAYO\/14 EN VIVO: ELECCIONES PRESIDENCIALES EN PANAM\u00c1 Y RESULTADOS<\/a><\/p>\n<p>Como es habitual en ELORIENTE.NET, puedes seguir aqu\u00ed las incidencias fundamentales de los procesos electorales en M\u00e9xico y el mundo. En este caso, se efectuaron votaciones en el hermano Panam\u00e1, donde se eligen m\u00e1s de 1,648 cargos p\u00fablicos para el periodo 2014-2019. Juan Carlos Varela fue elegido por Panam\u00e1 como Presidente para el periodo 2014-2019. El Tribunal Electoral, una vez verificando las tendencias alrededor de las 8 de la noche del d\u00eda 4 de mayo, declar\u00f3 que las mismas eran irreversibles.<\/p>\n<p><a href=\"http:\/\/www.eloriente.net\/home\/2014\/05\/24\/carta-a-diputada-martha-alicia-escamilla\/\" target=\"_blank\">4. CARTA A DIPUTADA MARTHA ALICIA ESCAMILLA LE\u00d3N<\/a><\/p>\n<p>Alejandra Silva Soriano, directora de la organizaci\u00f3n \u00abUna luz m\u00e1s en Oaxaca, A.C.\u00bb dirigi\u00f3 una carta p\u00fablica a la diputada Martha Alicia Escamilla Le\u00f3n. En el primer y segundo p\u00e1rrafo expone:<\/p>\n<p><em>Con el respeto que Usted se merece y con el \u00fanico prop\u00f3sito de abonar a la construcci\u00f3n de pol\u00edticas p\u00fablicas encaminadas a garantizar igualdad de oportunidades a las personas con discapacidad, por este medio, atentamente expongo lo siguiente:<\/em><\/p>\n<p><em>Respaldada por cinco a\u00f1os dirigiendo la organizaci\u00f3n \u201cUna luz m\u00e1s en Oaxaca A.C.\u201d donde promovemos los derechos de las personas con discapacidad, as\u00ed como una formaci\u00f3n educativa especializada en derechos humanos y en espec\u00edfico en personas con discapacidad, me permito hacerle comentarios en relaci\u00f3n con las declaraciones hechas por Usted respecto a la atenci\u00f3n de personas con discapacidad publicadas en diferentes medios de comunicaci\u00f3n.<\/em><\/p>\n<p><a href=\"http:\/\/www.eloriente.net\/home\/2014\/05\/19\/convocan-a-participar-en-1o-concurso-de-fotografia-la-democracia-a-traves-de-los-ojos-de-mexico\/\" target=\"_blank\">5. CONVOCAN A PARTICIPAR EN 1\u00ba CONCURSO DE FOTOGRAF\u00cdA \u00abLA DEMOCRACIA A TRAV\u00c9S DE LOS OJOS DE M\u00c9XICO\u00bb<\/a><\/p>\n<p>Con la finalidad de reflejar mediante im\u00e1genes c\u00f3mo perciben los mexicanos la democracia en su vida diaria, el Tribunal Electoral del Poder Judicial de la Federaci\u00f3n convoca a la poblaci\u00f3n en general a participar en el Primer Concurso de Expresi\u00f3n Fotogr\u00e1fica 2014 titulado \u201cLa democracia a trav\u00e9s de los ojos de M\u00e9xico\u201d.<\/p>\n<p>Podr\u00e1 participar cualquier persona de nacionalidad mexicana mayor de ocho a\u00f1os de forma individual, presentando un m\u00e1ximo de tres fotograf\u00edas a color o blanco y negro. El formato de la imagen debe ser digital y se podr\u00e1 utilizar cualquier tipo de c\u00e1mara fotogr\u00e1fica o dispositivo que permita la captura de im\u00e1genes, como celulares, tabletas, etc\u00e9tera.<\/p>\n<p><a href=\"http:\/\/www.eloriente.net\/home\/2014\/05\/20\/5-vacantes-en-mercadotecnia-y-ventas-martesdevacantes\/\" target=\"_blank\">6. 5 VACANTES EN MERCADOTECNIA Y VENTAS #MARTESDEVACANTES<\/a><\/p>\n<p>Conscientes de la importancia para la ciudadan\u00eda en general de la b\u00fasqueda de nuevas oportunidades de crecimiento profesional, ponemos a tu disposici\u00f3n semanalmente ofertas de empleo disponibles en la ciudad de Oaxaca de Ju\u00e1rez, municipios conurbados y en regiones al interior del estado. En esta ocasi\u00f3n, ELORIENTE.NET comparte cinco vacantes en el \u00e1rea de mercadotecnia: supervisor de ventas de Nestl\u00e9 en Oaxaca; supervisor de ventas de FEMSA en Oaxaca; gerente de mercadotecnia en Amaranto de Mesoam\u00e9rica para el Mundo; entre otros.<\/p>\n<p><a href=\"http:\/\/www.eloriente.net\/home\/2014\/05\/04\/video-enrique-guajiro-lopez-en-musicadeoaxaca\/\" target=\"_blank\">7. VIDEO: ENRIQUE GUAJIRO L\u00d3PEZ EN #M\u00daSICADEOAXACA<\/a><\/p>\n<p>\u201cEn la composici\u00f3n parto de la idea del son oaxaque\u00f1o. De los estilos musicales de cada una de las regiones de Oaxaca retomo sus secuencias arm\u00f3nicas, r\u00edtmicas y sus formas de copla\u201d, as\u00ed lo se\u00f1al\u00f3 Enrique Guajiro L\u00f3pez, cantautor originario de Juchit\u00e1n de Zaragoza, en entrevista para ELORIENTE.NET.<\/p>\n<p>A trav\u00e9s de sus diferentes piezas musicales, Enrique Guajiro comparte brevemente sus inicios dentro de la composici\u00f3n y el canto, sus principales proyectos dentro de su carrera como compositor, int\u00e9rprete y concertista; as\u00ed como sus actuales aportaciones a la m\u00fasica oaxaque\u00f1a.<\/p>\n<p><a href=\"http:\/\/www.eloriente.net\/home\/2014\/05\/14\/imprescindible-libre-autodeterminacion-de-pueblos-indigenas-consejero-morales-garcia\/\" target=\"_blank\">8. IMPRESCINDIBLE LIBRE AUTODETERMINACI\u00d3N DE PUEBLOS IND\u00cdGENAS: CONSEJERO MORALES GARC\u00cdA<\/a><\/p>\n<p>En entrevista para ELORIENTE.NET, el\u00a0Mtro. Juan Pablo Morales Garc\u00eda,\u00a0consejero del Instituto Estatal Electoral y de Participaci\u00f3n Ciudadana de Oaxaca (IEEPCO), consider\u00f3 como imprescindible el tema de la libre autodeterminaci\u00f3n de los pueblos y comunidades ind\u00edgenas del pa\u00eds en la Ley General de Procedimientos Electorales de la reforma pol\u00edtico electoral que ayer se discuti\u00f3 en sesiones extraordinarias en el Congreso de la Uni\u00f3n.<\/p>\n<p><a href=\"http:\/\/www.eloriente.net\/home\/2014\/05\/13\/5-vacantes-en-educacion-martesdevacantes\/\" target=\"_blank\">9. 5 VACANTES EN EDUCACI\u00d3N #MARTESDEVACANTES<\/a><\/p>\n<p>Conscientes de la importancia para la ciudadan\u00eda en general de la b\u00fasqueda de nuevas oportunidades de crecimiento profesional, ponemos a tu disposici\u00f3n semanalmente ofertas de empleo disponibles en la ciudad de Oaxaca de Ju\u00e1rez, municipios conurbados y en regiones al interior del estado. En esta ocasi\u00f3n, ELORIENTE.NET comparte cinco vacantes en el \u00e1rea de educaci\u00f3n: profesor de educaci\u00f3n f\u00edsica en Liceo Federico Froebel; auxiliar educativo en Liceo Federico Froebel; maestro para licenciatura en Comunicaci\u00f3n en Universidad La Salle Oaxaca; entre otros.<\/p>\n<p><a href=\"http:\/\/www.eloriente.net\/home\/2014\/05\/03\/viajes-con-poco-dinero-una-realidad-aqui-los-secretos\/\" target=\"_blank\">10. VIAJES CON POCO DINERO UNA REALIDAD; AQU\u00cd LOS SECRETOS<\/a><\/p>\n<p>\u00bfAlguna vez has planeado el viaje de tus sue\u00f1os y el dinero ha sido una limitante? Sin duda, se requiere de cierto recurso para poder realizar una traves\u00eda por el destino de tu preferencia, pero tal vez sea necesario menos de lo que t\u00fa piensas. De acuerdo con la comunidad de viajeros independientes\u00a0Mochileros.org, existen en el mundo una gran cantidad de turistas que viajan con bajos presupuestos, nos comparten sus secretos.<\/p>\n<p>&nbsp;<\/p>\n<p><a href=\"http:\/\/www.eloriente.net\/home\/wp-content\/uploads\/2014\/06\/Bellas-Artes-Por-Carlos-S\u00e1nchez-Pimienta.jpg\"><img loading=\"lazy\" decoding=\"async\" class=\"alignnone size-medium wp-image-27034\" title=\"Bellas-Artes-Por-Carlos-S\u00e1nchez-Pimienta\" src=\"http:\/\/www.eloriente.net\/home\/wp-content\/uploads\/2014\/06\/Bellas-Artes-Por-Carlos-S\u00e1nchez-Pimienta-300x165.jpg\" alt=\"\" width=\"300\" height=\"165\" srcset=\"https:\/\/www.eloriente.net\/home\/wp-content\/uploads\/2014\/06\/Bellas-Artes-Por-Carlos-S\u00e1nchez-Pimienta-300x165.jpg 300w, https:\/\/www.eloriente.net\/home\/wp-content\/uploads\/2014\/06\/Bellas-Artes-Por-Carlos-S\u00e1nchez-Pimienta-1024x564.jpg 1024w, https:\/\/www.eloriente.net\/home\/wp-content\/uploads\/2014\/06\/Bellas-Artes-Por-Carlos-S\u00e1nchez-Pimienta.jpg 1780w\" sizes=\"(max-width: 300px) 100vw, 300px\" \/><\/a><\/p>\n<p>Foto:\u00a0<a href=\"https:\/\/www.flickr.com\/photos\/_shockwave\/\">Carlos S\u00e1nchez Pimienta<\/a><\/p>\n<p>&nbsp;<\/p>\n<p><strong>Entradas relacionadas:<\/strong><\/p>\n<p><a title=\"Permalink to Las 10+ vistas de ELORIENTE.NET en abril 2014\" href=\"http:\/\/www.eloriente.net\/home\/2014\/05\/05\/las-10-vistas-de-eloriente-net-en-abril-2014\/\" rel=\"bookmark\">Las 10+ vistas de ELORIENTE.NET en abril 2014<\/a><\/p>\n<p><a href=\"http:\/\/www.eloriente.net\/home\/2014\/05\/05\/las-10-vistas-de-eloriente-net-en-abril-2014\/\" rel=\"bookmark\"><img decoding=\"async\" title=\"Las 10+ vistas de ELORIENTE.NET en abril 2014\" src=\"http:\/\/www.eloriente.net\/home\/wp-content\/themes\/city-desk\/timthumb.php?src=http%3A%2F%2Fwww.eloriente.net%2Fhome%2Fwp-content%2Fuploads%2F2014%2F05%2FPintura-Por-Pajaroenmano.jpg&amp;q=90&amp;w=160&amp;h=106&amp;zc=1\" alt=\"Las 10+ vistas de ELORIENTE.NET en abril 2014\" \/><\/a><\/p>\n<p>eloriente.net 5 de mayo de 2014 Cada mes, ELORIENTE.NET publica la lista de los contenidos m\u00e1s visitados por nuestros usuarios de manera mensual. Esto, para que aquellos que se han perdido una buena recomendaci\u00f3n o una buena nota, tengan la oportunidad de volver sobre ella, regocijarse y disfrutar. Hay que recordar que el objetivo de [&#8230;]<\/p>\n<p>May 5, 2014<\/p>\n<p><a title=\"Permalink to Las 10+ vistas de ELORIENTE.NET en marzo 2014\" href=\"http:\/\/www.eloriente.net\/home\/2014\/04\/01\/las-10-vistas-de-eloriente-net-en-marzo-2014\/\" rel=\"bookmark\">Las 10+ vistas de ELORIENTE.NET en marzo 2014<\/a><\/p>\n<p><a href=\"http:\/\/www.eloriente.net\/home\/2014\/04\/01\/las-10-vistas-de-eloriente-net-en-marzo-2014\/\" rel=\"bookmark\"><img decoding=\"async\" title=\"Las 10+ vistas de ELORIENTE.NET en marzo 2014\" src=\"http:\/\/www.eloriente.net\/home\/wp-content\/themes\/city-desk\/timthumb.php?src=http%3A%2F%2Fwww.eloriente.net%2Fhome%2Fwp-content%2Fuploads%2F2014%2F04%2FLas-10-m%C3%A1s-vistas-Por-r2hox.jpg&amp;q=90&amp;w=160&amp;h=106&amp;zc=1\" alt=\"Las 10+ vistas de ELORIENTE.NET en marzo 2014\" \/><\/a><\/p>\n<p>eloriente.net 1 de abril de 2014 Cada mes, ELORIENTE.NET publica la lista de los contenidos m\u00e1s visitados por nuestros usuarios de manera mensual. Esto, para que aquellos que se han perdido una buena recomendaci\u00f3n o una buena nota, tengan la oportunidad de volver sobre ella, regocijarse y disfrutar. Hay que recordar que el objetivo de [&#8230;]<\/p>\n<p>April 1, 2014<\/p>\n<p><a title=\"Permalink to Las 10+ vistas de ELORIENTE.NET en febrero 2014\" href=\"http:\/\/www.eloriente.net\/home\/2014\/03\/03\/las-10-vistas-de-eloriente-net-en-febrero-2014\/\" rel=\"bookmark\">Las 10+ vistas de ELORIENTE.NET en febrero 2014<\/a><\/p>\n<p><a href=\"http:\/\/www.eloriente.net\/home\/2014\/03\/03\/las-10-vistas-de-eloriente-net-en-febrero-2014\/\" rel=\"bookmark\"><img decoding=\"async\" title=\"Las 10+ vistas de ELORIENTE.NET en febrero 2014\" src=\"http:\/\/www.eloriente.net\/home\/wp-content\/themes\/city-desk\/timthumb.php?src=http%3A%2F%2Fwww.eloriente.net%2Fhome%2Fwp-content%2Fuploads%2F2014%2F03%2FArte-Lego.jpg&amp;q=90&amp;w=160&amp;h=106&amp;zc=1\" alt=\"Las 10+ vistas de ELORIENTE.NET en febrero 2014\" \/><\/a><\/p>\n<p>eloriente.net 3 de marzo de 2014 Cada mes, ELORIENTE.NET publica la lista de los contenidos m\u00e1s visitados por nuestros usuarios de manera mensual. Esto, para que aquellos que se han perdido una buena recomendaci\u00f3n o una buena nota, tengan la oportunidad de volver sobre ella, regocijarse y disfrutar. Hay que recordar que el objetivo de [&#8230;]<\/p>\n<p>March 3, 2014<\/p>\n\n\t\t\t  <div \n\t\t\t  \tclass = \"fb-comments\" \n\t\t\t  \tdata-href = \"https:\/\/www.eloriente.net\/home\/2014\/06\/02\/las-10-vistas-de-eloriente-net-en-mayo-2014\/\"\n\t\t\t  \tdata-numposts = \"10\"\n\t\t\t\tdata-colorscheme = \"dark\"\n\t\t\t\tdata-order-by = \"social\"\n\t\t\t\tdata-mobile=true>\n\t\t\t  <\/div>\n\t\t  <style>\n\t\t\t.fb_iframe_widget_fluid_desktop iframe {\n\t\t\t    width: 100% !important;\n\t\t\t}\n\t\t  <\/style>\n\t\t  ","protected":false},"excerpt":{"rendered":"<p>eloriente.net 2\/junio\/2014 Cada mes, ELORIENTE.NET publica la lista de los contenidos m\u00e1s visitados por nuestros usuarios de manera mensual. Esto, para que aquellos que se han perdido una buena recomendaci\u00f3n o una buena nota, tengan la oportunidad de volver sobre ella, regocijarse y disfrutar. Hay que recordar que el objetivo de ELORIENTE.NET\u00a0es no solamente informar, [&hellip;]<\/p>\n","protected":false},"author":26,"featured_media":27034,"comment_status":"open","ping_status":"open","sticky":false,"template":"","format":"standard","meta":{"_jetpack_memberships_contains_paid_content":false,"footnotes":""},"categories":[32,13,31],"tags":[997,369,123,475,1513,149,231,889],"class_list":["post-27027","post","type-post","status-publish","format-standard","has-post-thumbnail","hentry","category-entradas","category-especiales","category-principal","tag-convocatoria","tag-elecciones-2","tag-fotografia","tag-mas-vistas","tag-mayo","tag-musica","tag-politica","tag-vacantes"],"jetpack_featured_media_url":"https:\/\/www.eloriente.net\/home\/wp-content\/uploads\/2014\/06\/Bellas-Artes-Por-Carlos-S\u00e1nchez-Pimienta.jpg","jetpack_sharing_enabled":true,"_links":{"self":[{"href":"https:\/\/www.eloriente.net\/home\/wp-json\/wp\/v2\/posts\/27027"}],"collection":[{"href":"https:\/\/www.eloriente.net\/home\/wp-json\/wp\/v2\/posts"}],"about":[{"href":"https:\/\/www.eloriente.net\/home\/wp-json\/wp\/v2\/types\/post"}],"author":[{"embeddable":true,"href":"https:\/\/www.eloriente.net\/home\/wp-json\/wp\/v2\/users\/26"}],"replies":[{"embeddable":true,"href":"https:\/\/www.eloriente.net\/home\/wp-json\/wp\/v2\/comments?post=27027"}],"version-history":[{"count":6,"href":"https:\/\/www.eloriente.net\/home\/wp-json\/wp\/v2\/posts\/27027\/revisions"}],"predecessor-version":[{"id":27036,"href":"https:\/\/www.eloriente.net\/home\/wp-json\/wp\/v2\/posts\/27027\/revisions\/27036"}],"wp:featuredmedia":[{"embeddable":true,"href":"https:\/\/www.eloriente.net\/home\/wp-json\/wp\/v2\/media\/27034"}],"wp:attachment":[{"href":"https:\/\/www.eloriente.net\/home\/wp-json\/wp\/v2\/media?parent=27027"}],"wp:term":[{"taxonomy":"category","embeddable":true,"href":"https:\/\/www.eloriente.net\/home\/wp-json\/wp\/v2\/categories?post=27027"},{"taxonomy":"post_tag","embeddable":true,"href":"https:\/\/www.eloriente.net\/home\/wp-json\/wp\/v2\/tags?post=27027"}],"curies":[{"name":"wp","href":"https:\/\/api.w.org\/{rel}","templated":true}]}}