{"id":27123,"date":"2014-05-26T19:00:24","date_gmt":"2014-05-27T01:00:24","guid":{"rendered":"http:\/\/www.eloriente.net\/home\/?p=27123"},"modified":"2014-06-03T12:47:40","modified_gmt":"2014-06-03T18:47:40","slug":"inicia-semana-academica-y-cultural-en-la-facultad-de-idiomas","status":"publish","type":"post","link":"https:\/\/www.eloriente.net\/home\/2014\/05\/26\/inicia-semana-academica-y-cultural-en-la-facultad-de-idiomas\/","title":{"rendered":"Inicia Semana Acad\u00e9mica y Cultural en la Facultad de Idiomas"},"content":{"rendered":"<p>eloriente.net\/<a href=\"http:\/\/www.uabjo.mx\" target=\"_blank\">UABJO<\/a><\/p>\n<p>26 de mayo de 2014<\/p>\n<p>La directora de la Facultad de Idiomas de la Universidad Aut\u00f3noma \u201cBenito Ju\u00e1rez\u201d de Oaxaca (UABJO), Guadalupe \u00c1ngela Ram\u00edrez Victoria, inaugur\u00f3 las actividades correspondientes a la Semana Acad\u00e9mica y Cultural de la Facultad en su edificio de la calle de Burgoa esquina con Bustamante.<\/p>\n<p>De acuerdo con la funcionaria, el objetivo de este evento es aportar mayores conocimientos a los estudiantes y catedr\u00e1ticos mediante actividades l\u00fadicas; asimismo, la Semana Acad\u00e9mica y Cultural es el escenario ideal para fomentar la integraci\u00f3n de la comunidad de esta unidad acad\u00e9mica, se\u00f1al\u00f3.<\/p>\n<p>Por su parte, estudiantes y catedr\u00e1ticos, nacionales y extranjeros se mostraron entusiastas con la serie de actividades programadas, entre las que destacan talleres, exhibiciones y conferencias. Adem\u00e1s, durante esta semana, la comunidad de la Facultad de Idiomas podr\u00e1 participar en concursos, proyecciones de pel\u00edculas y conciertos.<\/p>\n<p>Cabe destacar que la mayor\u00eda de las actividades est\u00e1 programada teniendo como influencia la d\u00e9cada de los 70, ya que seg\u00fan mencion\u00f3 Ram\u00edrez Victoria es la d\u00e9cada en la que se fund\u00f3 la facultad.<\/p>\n<p>Las actividades concluyen el pr\u00f3ximo 30 de mayo y muchas de ellas son abiertas al p\u00fablico en general, por lo que la directora hizo extensiva la invitaci\u00f3n para que asistan y los acompa\u00f1en. Por \u00faltimo, inform\u00f3 que se encuentran preparando los festejos correspondientes al 40 aniversario de la instituci\u00f3n.<\/p>\n<p>&nbsp;<\/p>\n<p><a href=\"http:\/\/www.eloriente.net\/home\/wp-content\/uploads\/2014\/06\/Idiomas-Por-UABJO.jpg\"><img loading=\"lazy\" decoding=\"async\" class=\"alignnone size-medium wp-image-27124\" title=\"Idiomas-Por UABJO\" src=\"http:\/\/www.eloriente.net\/home\/wp-content\/uploads\/2014\/06\/Idiomas-Por-UABJO-300x194.jpg\" alt=\"\" width=\"300\" height=\"194\" srcset=\"https:\/\/www.eloriente.net\/home\/wp-content\/uploads\/2014\/06\/Idiomas-Por-UABJO-300x194.jpg 300w, https:\/\/www.eloriente.net\/home\/wp-content\/uploads\/2014\/06\/Idiomas-Por-UABJO.jpg 1024w\" sizes=\"(max-width: 300px) 100vw, 300px\" \/><\/a><\/p>\n<p>Foto: UABJO<\/p>\n<p>&nbsp;<\/p>\n<p><strong>Entradas relacionadas:<\/strong><\/p>\n<p><a title=\"Permalink to Convocan a realizar estudios de posgrado en odontolog\u00eda\" href=\"http:\/\/www.eloriente.net\/home\/2014\/05\/21\/convocan-a-realizar-estudios-de-posgrado-en-odontologia\/\" rel=\"bookmark\">Convocan a realizar estudios de posgrado en odontolog\u00eda<\/a><\/p>\n<p><a href=\"http:\/\/www.eloriente.net\/home\/2014\/05\/21\/convocan-a-realizar-estudios-de-posgrado-en-odontologia\/\" rel=\"bookmark\"><img decoding=\"async\" title=\"Convocan a realizar estudios de posgrado en odontolog\u00eda\" src=\"http:\/\/www.eloriente.net\/home\/wp-content\/themes\/city-desk\/timthumb.php?src=http%3A%2F%2Fwww.eloriente.net%2Fhome%2Fwp-content%2Fuploads%2F2014%2F06%2FOdontolog%C3%ADa-Por-UABJO.jpg&amp;q=90&amp;w=160&amp;h=106&amp;zc=1\" alt=\"Convocan a realizar estudios de posgrado en odontolog\u00eda\" \/><\/a><\/p>\n<p>eloriente.net\/UABJO 21 de mayo de 2014 La Facultad de Odontolog\u00eda de la Universidad Aut\u00f3noma \u201cBenito Ju\u00e1rez\u201d de Oaxaca (UABJO), a trav\u00e9s de la Coordinaci\u00f3n General de Posgrado, invita a cirujanos dentistas a participar en la novena generaci\u00f3n de las maestr\u00edas en odontopediatr\u00eda, endodoncia, ortodoncia, rehabilitaci\u00f3n bucal y periodoncia. La recepci\u00f3n de documentos se realizar\u00e1 del [&#8230;]<\/p>\n<p>May 21, 2014<\/p>\n<p><a title=\"Permalink to 23\/May\/14 16:00 Conferencia \u201cC\u00f3mo ayudar a los lectores del futuro\u201d, por Ana Galarr\u00f3n\" href=\"http:\/\/www.eloriente.net\/home\/2014\/05\/21\/23may14-1600-conferencia-como-ayudar-a-los-lectores-del-futuro-por-ana-galarron\/\" rel=\"bookmark\">23\/May\/14 16:00 Conferencia \u201cC\u00f3mo ayudar a los lectores del futuro\u201d, por Ana Galarr\u00f3n<\/a><\/p>\n<p><a href=\"http:\/\/www.eloriente.net\/home\/2014\/05\/21\/23may14-1600-conferencia-como-ayudar-a-los-lectores-del-futuro-por-ana-galarron\/\" rel=\"bookmark\"><img decoding=\"async\" title=\"23\/May\/14 16:00 Conferencia \u201cC\u00f3mo ayudar a los lectores del futuro\u201d, por Ana Galarr\u00f3n\" src=\"http:\/\/www.eloriente.net\/home\/wp-content\/themes\/city-desk\/timthumb.php?src=http%3A%2F%2Fwww.eloriente.net%2Fhome%2Fwp-content%2Fuploads%2F2014%2F05%2FConferencia.jpg&amp;q=90&amp;w=160&amp;h=106&amp;zc=1\" alt=\"23\/May\/14 16:00 Conferencia \u201cC\u00f3mo ayudar a los lectores del futuro\u201d, por Ana Galarr\u00f3n\" \/><\/a><\/p>\n<p>eloriente.net\/FAHHO 21 de mayo de 2014 Dirigida a padres de familia y promotores de lectura, la conferencia ofrecida por la especialista de origen espa\u00f1ol Ana Galarr\u00f3n pretende generar nuevas ideas para que los ni\u00f1os se aficionen a la lectura. Bajo el t\u00edtulo \u201cComo ayudar a los lectores del futuro\u201d, Ana Galarr\u00f3n, especialista en cuentos infantiles, [&#8230;]<\/p>\n<p>May 21, 2014<\/p>\n<div id=\"post-26150\">\n<p><a title=\"Permalink to Los archivos hist\u00f3ricos judiciales\" href=\"http:\/\/www.eloriente.net\/home\/2014\/05\/19\/los-archivos-historicos-judiciales\/\" rel=\"bookmark\">Los archivos hist\u00f3ricos judiciales<\/a><\/p>\n<p><a href=\"http:\/\/www.eloriente.net\/home\/2014\/05\/19\/los-archivos-historicos-judiciales\/\" rel=\"bookmark\"><img decoding=\"async\" title=\"Los archivos hist\u00f3ricos judiciales\" src=\"http:\/\/www.eloriente.net\/home\/wp-content\/themes\/city-desk\/timthumb.php?src=http%3A%2F%2Fwww.eloriente.net%2Fhome%2Fwp-content%2Fuploads%2F2014%2F05%2FAcervo-jur%C3%ADdico-2-Por-Casa-de-la-Cultura-Jur%C3%ADdica-en-Oaxaca.png&amp;q=90&amp;w=160&amp;h=106&amp;zc=1\" alt=\"Los archivos hist\u00f3ricos judiciales\" \/><\/a><\/p>\n<p>eloriente.net 19 de mayo de 2014 Por: Ana Lilia Garc\u00eda Ram\u00edrez* Oaxaca es una entidad rica en cultura y tradiciones, sus barrios y calles han sido testigos fieles de todo el acontecer de nuestra querida ciudad, miles de historias se entretejen todos los d\u00edas en la vida cotidiana de cada uno de sus habitantes. Son [&#8230;]<\/p>\n<p>May 19, 2014<\/p>\n<\/div>\n\n\t\t\t  <div \n\t\t\t  \tclass = \"fb-comments\" \n\t\t\t  \tdata-href = \"https:\/\/www.eloriente.net\/home\/2014\/05\/26\/inicia-semana-academica-y-cultural-en-la-facultad-de-idiomas\/\"\n\t\t\t  \tdata-numposts = \"10\"\n\t\t\t\tdata-colorscheme = \"dark\"\n\t\t\t\tdata-order-by = \"social\"\n\t\t\t\tdata-mobile=true>\n\t\t\t  <\/div>\n\t\t  <style>\n\t\t\t.fb_iframe_widget_fluid_desktop iframe {\n\t\t\t    width: 100% !important;\n\t\t\t}\n\t\t  <\/style>\n\t\t  ","protected":false},"excerpt":{"rendered":"<p>eloriente.net\/UABJO 26 de mayo de 2014 La directora de la Facultad de Idiomas de la Universidad Aut\u00f3noma \u201cBenito Ju\u00e1rez\u201d de Oaxaca (UABJO), Guadalupe \u00c1ngela Ram\u00edrez Victoria, inaugur\u00f3 las actividades correspondientes a la Semana Acad\u00e9mica y Cultural de la Facultad en su edificio de la calle de Burgoa esquina con Bustamante. De acuerdo con la funcionaria, [&hellip;]<\/p>\n","protected":false},"author":26,"featured_media":27124,"comment_status":"open","ping_status":"open","sticky":false,"template":"","format":"standard","meta":{"_jetpack_memberships_contains_paid_content":false,"footnotes":""},"categories":[18,32,10,84],"tags":[1533,241,184,512,1532,955,182],"class_list":["post-27123","post","type-post","status-publish","format-standard","has-post-thumbnail","hentry","category-educacion-y-cultura","category-entradas","category-lo-mas-reciente","category-universidades","tag-conferencias","tag-cultura","tag-educacion","tag-idiomas","tag-semana-academica","tag-talleres","tag-uabjo"],"jetpack_featured_media_url":"https:\/\/www.eloriente.net\/home\/wp-content\/uploads\/2014\/06\/Idiomas-Por-UABJO.jpg","jetpack_sharing_enabled":true,"_links":{"self":[{"href":"https:\/\/www.eloriente.net\/home\/wp-json\/wp\/v2\/posts\/27123"}],"collection":[{"href":"https:\/\/www.eloriente.net\/home\/wp-json\/wp\/v2\/posts"}],"about":[{"href":"https:\/\/www.eloriente.net\/home\/wp-json\/wp\/v2\/types\/post"}],"author":[{"embeddable":true,"href":"https:\/\/www.eloriente.net\/home\/wp-json\/wp\/v2\/users\/26"}],"replies":[{"embeddable":true,"href":"https:\/\/www.eloriente.net\/home\/wp-json\/wp\/v2\/comments?post=27123"}],"version-history":[{"count":3,"href":"https:\/\/www.eloriente.net\/home\/wp-json\/wp\/v2\/posts\/27123\/revisions"}],"predecessor-version":[{"id":27127,"href":"https:\/\/www.eloriente.net\/home\/wp-json\/wp\/v2\/posts\/27123\/revisions\/27127"}],"wp:featuredmedia":[{"embeddable":true,"href":"https:\/\/www.eloriente.net\/home\/wp-json\/wp\/v2\/media\/27124"}],"wp:attachment":[{"href":"https:\/\/www.eloriente.net\/home\/wp-json\/wp\/v2\/media?parent=27123"}],"wp:term":[{"taxonomy":"category","embeddable":true,"href":"https:\/\/www.eloriente.net\/home\/wp-json\/wp\/v2\/categories?post=27123"},{"taxonomy":"post_tag","embeddable":true,"href":"https:\/\/www.eloriente.net\/home\/wp-json\/wp\/v2\/tags?post=27123"}],"curies":[{"name":"wp","href":"https:\/\/api.w.org\/{rel}","templated":true}]}}