{"id":27740,"date":"2014-06-12T18:12:03","date_gmt":"2014-06-13T00:12:03","guid":{"rendered":"http:\/\/www.eloriente.net\/home\/?p=27740"},"modified":"2014-06-12T18:30:26","modified_gmt":"2014-06-13T00:30:26","slug":"reconocen-al-nuevo-sistema-de-justicia-penal-de-oaxaca","status":"publish","type":"post","link":"https:\/\/www.eloriente.net\/home\/2014\/06\/12\/reconocen-al-nuevo-sistema-de-justicia-penal-de-oaxaca\/","title":{"rendered":"Reconocen al nuevo sistema de justicia penal de Oaxaca"},"content":{"rendered":"<p>eloriente.net\/<a href=\"http:\/\/www.tribunaloax.gob.mx\" target=\"_blank\">TSJ<\/a><\/p>\n<p>12\/junio\/2o14<\/p>\n<p>En el marco del Congreso Nacional de Buenas Pr\u00e1cticas del Sistema Penal Acusatorio, realizado en fecha reciente en Chihuahua, el estado de Oaxaca fue reconocido por su labor e importante aportaci\u00f3n en la implementaci\u00f3n del\u00a0nuevo sistema de justicia penal, del cual fue pionero y cuyo modelo lo retomaron otras entidades del pa\u00eds, adem\u00e1s de que es precedente del C\u00f3digo Nacional de Procedimientos Penales.<\/p>\n<p>Durante el encuentro en el que participaron servidores p\u00fablicos de la Secretar\u00eda de Gobernaci\u00f3n, la Comisi\u00f3n Nacional de Tribunales Superiores de Justicia (Conatrib) y la agencia de los Estados para el Desarrollo Internacional a trav\u00e9s de su Programa de Apoyo en Seguridad y Justicia, ubic\u00f3 a nuestra entidad como un referente importante en la transformaci\u00f3n de la justicia en M\u00e9xico.<\/p>\n<p>Por parte del Poder Judicial del Estado de Oaxaca participaron en las mesas de trabajo el magistrado decano Crescencio Mart\u00ednez Geminiano, integrante de la Primera Sala Penal y pionero del sistema acusatorio; la directora de Planeaci\u00f3n e Inform\u00e1tica del Consejo de la Judicatura, Marvel Hern\u00e1ndez Grajales; y las juezas de garant\u00eda en Tlaxiaco y Puerto Escondido, Ver\u00f3nica Mar\u00eda de los \u00c1ngeles Morales D\u00edaz e Iliana Moreno F\u00e9lix, respectivamente.<\/p>\n<p>En el marco del Congreso Nacional, en el que estuvo presente la secretaria t\u00e9cnica del Consejo de Coordinaci\u00f3n para la Implementaci\u00f3n del Sistema de Justicia Penal, Mar\u00eda de los \u00c1ngeles Fromow Rangel, los representantes de las instituciones encargadas de la toma de decisiones en materia de pol\u00edticas judiciales y de gesti\u00f3n, compartieron puntos de vista, avances y pendientes en aspectos como el papel de los operadores, m\u00e9todos alternos de soluci\u00f3n de conflictos, audiencias orales, sistemas de tecnolog\u00eda y la transformaci\u00f3n del sistema penitenciario.<\/p>\n<p>En reuni\u00f3n con los asistentes al Congreso, el director general del Programa de Apoyo en Seguridad y Justicia\/MSI M\u00e9xico, Alejandro Ponce de Le\u00f3n, destac\u00f3 el trabajo y experiencia del magistrado Mart\u00ednez Geminiano, quien junto con el magistrado Gerardo Carmona Castillo y un grupo de jueces locales, form\u00f3 parte de la comisi\u00f3n que elabor\u00f3 el anteproyecto del C\u00f3digo Procesal Penal del Estado de Oaxaca, que adopta el sistema basado en los juicios orales.<\/p>\n<p>Cabe se\u00f1alar que en julio del 2006 este anteproyecto fue sometido como iniciativa a la Legislatura Local para quedar aprobado en septiembre del mismo a\u00f1o, y a partir de la reforma constitucional federal en la materia, de junio del 2008, sirvi\u00f3 como referencia a otros estados de la Rep\u00fablica, particularmente a Chihuahua.<\/p>\n<p>En Oaxaca, el nuevo sistema de justicia inici\u00f3 su vigencia en el a\u00f1o 2007 en los Distritos Judiciales de la regi\u00f3n del Istmo de Tehuantepec, y en 2008 en los de la Mixteca, continuando su implementaci\u00f3n en 2012 en la regi\u00f3n de la Costa, y en 2013, en la regi\u00f3n del Papaloapan.<\/p>\n<p>El Congreso Nacional de Buenas Pr\u00e1cticas del Sistema Penal Acusatorio fue organizado por la Secretar\u00eda T\u00e9cnica del Consejo de Coordinaci\u00f3n para la Implementaci\u00f3n del Sistema de Justicia Penal (SETEC), el Supremo Tribunal de Justicia de Chihuahua, la Conatrib y el Programa de Apoyo en Seguridad y Justicia de la Agencia de Estados Unidos para el Desarrollo Internacional\/MSI M\u00e9xico.<\/p>\n<p>&nbsp;<\/p>\n<p><a href=\"http:\/\/www.eloriente.net\/home\/wp-content\/uploads\/2014\/06\/Integrantes-del-Poder-Judicial-del-Estado-y-la-titular-de-la-Setec-Mar\u00eda-de-los-\u00c1ngeles-Fromow.jpg\"><img loading=\"lazy\" decoding=\"async\" class=\"alignnone size-medium wp-image-27744\" title=\"Integrantes del Poder Judicial del Estado y la titular de la Setec, Mar\u00eda de los \u00c1ngeles Fromow\" src=\"http:\/\/www.eloriente.net\/home\/wp-content\/uploads\/2014\/06\/Integrantes-del-Poder-Judicial-del-Estado-y-la-titular-de-la-Setec-Mar\u00eda-de-los-\u00c1ngeles-Fromow-300x201.jpg\" alt=\"\" width=\"300\" height=\"201\" srcset=\"https:\/\/www.eloriente.net\/home\/wp-content\/uploads\/2014\/06\/Integrantes-del-Poder-Judicial-del-Estado-y-la-titular-de-la-Setec-Mar\u00eda-de-los-\u00c1ngeles-Fromow-300x201.jpg 300w, https:\/\/www.eloriente.net\/home\/wp-content\/uploads\/2014\/06\/Integrantes-del-Poder-Judicial-del-Estado-y-la-titular-de-la-Setec-Mar\u00eda-de-los-\u00c1ngeles-Fromow-1024x687.jpg 1024w\" sizes=\"(max-width: 300px) 100vw, 300px\" \/><\/a><\/p>\n<p>Foto: TSJ<\/p>\n<p>&nbsp;<\/p>\n<p><strong>Entradas relacionadas:<\/strong><\/p>\n<p><a title=\"Permalink to Comparten logros del Centro de Mediaci\u00f3n de Oaxaca\" href=\"http:\/\/www.eloriente.net\/home\/2014\/06\/09\/comparten-logros-del-centro-de-mediacion-en-oaxaca\/\" rel=\"bookmark\">Comparten logros del Centro de Mediaci\u00f3n de Oaxaca<\/a><\/p>\n<p><a href=\"http:\/\/www.eloriente.net\/home\/2014\/06\/09\/comparten-logros-del-centro-de-mediacion-en-oaxaca\/\" rel=\"bookmark\"><img decoding=\"async\" title=\"Comparten logros del Centro de Mediaci\u00f3n de Oaxaca\" src=\"http:\/\/www.eloriente.net\/home\/wp-content\/themes\/city-desk\/timthumb.php?src=http%3A%2F%2Fwww.eloriente.net%2Fhome%2Fwp-content%2Fuploads%2F2014%2F06%2FReuni%C3%B3n-en-Baja-California-Por-TSJ.jpg&amp;q=90&amp;w=160&amp;h=106&amp;zc=1\" alt=\"Comparten logros del Centro de Mediaci\u00f3n de Oaxaca\" \/><\/a><\/p>\n<p>eloriente.net\/TSJ 9\/junio\/2014 Con la finalidad de tener un intercambio de experiencias sobre los beneficios y resultados de los m\u00e9todos alternos de soluci\u00f3n pac\u00edfica de conflictos como herramientas sociales de justicia, la directora del Centro de Justicia Alternativa del Poder Judicial de Oaxaca, Celia Aspiroz Garc\u00eda y la mediadora X\u00f3chitl Cruz Mat\u00edas, asistieron a la pasant\u00eda [&#8230;]<\/p>\n<p>June 9, 2014<\/p>\n<div id=\"post-27204\">\n<p><a title=\"Permalink to Capacita Judicatura a juzgadores y alcaldes coste\u00f1os\" href=\"http:\/\/www.eloriente.net\/home\/2014\/06\/05\/capacita-consejo-de-la-judicatura-a-juzgadores-y-alcaldes-en-la-costa\/\" rel=\"bookmark\">Capacita Judicatura a juzgadores y alcaldes coste\u00f1os<\/a><\/p>\n<p><a href=\"http:\/\/www.eloriente.net\/home\/2014\/06\/05\/capacita-consejo-de-la-judicatura-a-juzgadores-y-alcaldes-en-la-costa\/\" rel=\"bookmark\"><img decoding=\"async\" title=\"Capacita Judicatura a juzgadores y alcaldes coste\u00f1os\" src=\"http:\/\/www.eloriente.net\/home\/wp-content\/themes\/city-desk\/timthumb.php?src=http%3A%2F%2Fwww.eloriente.net%2Fhome%2Fwp-content%2Fuploads%2F2014%2F06%2FEvento-TSJ.jpg&amp;q=90&amp;w=160&amp;h=106&amp;zc=1\" alt=\"Capacita Judicatura a juzgadores y alcaldes coste\u00f1os\" \/><\/a><\/p>\n<p>eloriente.net\/TSJ 5\/junio\/2014 Del 27 al 29 de mayo se llev\u00f3 a cabo la Segunda Gira Regional de Capacitaci\u00f3n. M\u00e1s de 160 funcionarios del Poder Judicial del Estado, defensores p\u00fablicos, fiscales, subprocuradores, agentes del Ministerio P\u00fablico y autoridades municipales de la regi\u00f3n de la Costa participaron en la Segunda Gira Regional de Capacitaci\u00f3n del Consejo de [&#8230;]<\/p>\n<p>June 5, 2014<\/p>\n<\/div>\n<div id=\"post-27037\">\n<p><a title=\"Permalink to Visitan estudiantes de Tlaxcala Poder Judicial de Oaxaca\" href=\"http:\/\/www.eloriente.net\/home\/2014\/06\/02\/visitan-estudiantes-de-tlaxcala-poder-judicial-de-oaxaca\/\" rel=\"bookmark\">Visitan estudiantes de Tlaxcala Poder Judicial de Oaxaca<\/a><\/p>\n<p><a href=\"http:\/\/www.eloriente.net\/home\/2014\/06\/02\/visitan-estudiantes-de-tlaxcala-poder-judicial-de-oaxaca\/\" rel=\"bookmark\"><img decoding=\"async\" title=\"Visitan estudiantes de Tlaxcala Poder Judicial de Oaxaca\" src=\"http:\/\/www.eloriente.net\/home\/wp-content\/themes\/city-desk\/timthumb.php?src=http%3A%2F%2Fwww.eloriente.net%2Fhome%2Fwp-content%2Fuploads%2F2014%2F06%2FJusticia-Por-TSJ.jpg&amp;q=90&amp;w=160&amp;h=106&amp;zc=1\" alt=\"Visitan estudiantes de Tlaxcala Poder Judicial de Oaxaca\" \/><\/a><\/p>\n<p>eloriente.net 2\/junio\/2014 La juez Nayeli Irene M\u00e9ndez detall\u00f3 a los alumnos las generalidades del Nuevo Sistema de Justicia Penal. Como parte de una pol\u00edtica de puertas abiertas impulsada por el Poder Judicial, en apoyo a la formaci\u00f3n de los futuros juzgadores, estudiantes de la Facultad Libre de Derecho de Tlaxcala fueron capacitados en temas relacionados [&#8230;]<\/p>\n<p>June 2, 2014<\/p>\n<\/div>\n\n\t\t\t  <div \n\t\t\t  \tclass = \"fb-comments\" \n\t\t\t  \tdata-href = \"https:\/\/www.eloriente.net\/home\/2014\/06\/12\/reconocen-al-nuevo-sistema-de-justicia-penal-de-oaxaca\/\"\n\t\t\t  \tdata-numposts = \"10\"\n\t\t\t\tdata-colorscheme = \"dark\"\n\t\t\t\tdata-order-by = \"social\"\n\t\t\t\tdata-mobile=true>\n\t\t\t  <\/div>\n\t\t  <style>\n\t\t\t.fb_iframe_widget_fluid_desktop iframe {\n\t\t\t    width: 100% !important;\n\t\t\t}\n\t\t  <\/style>\n\t\t  ","protected":false},"excerpt":{"rendered":"<p>eloriente.net\/TSJ 12\/junio\/2o14 En el marco del Congreso Nacional de Buenas Pr\u00e1cticas del Sistema Penal Acusatorio, realizado en fecha reciente en Chihuahua, el estado de Oaxaca fue reconocido por su labor e importante aportaci\u00f3n en la implementaci\u00f3n del\u00a0nuevo sistema de justicia penal, del cual fue pionero y cuyo modelo lo retomaron otras entidades del pa\u00eds, adem\u00e1s [&hellip;]<\/p>\n","protected":false},"author":26,"featured_media":27744,"comment_status":"open","ping_status":"open","sticky":false,"template":"","format":"standard","meta":{"_jetpack_memberships_contains_paid_content":false,"footnotes":""},"categories":[1588,32,63,10,464,21],"tags":[485,255,1060,73,167,484,913],"class_list":["post-27740","post","type-post","status-publish","format-standard","has-post-thumbnail","hentry","category-comunicados-y-boletines","category-entradas","category-estados","category-lo-mas-reciente","category-oaxaca-estados","category-politica-y-gobierno","tag-judicial","tag-justicia","tag-nuevo","tag-oaxaca","tag-penal","tag-poder","tag-sistema"],"jetpack_featured_media_url":"https:\/\/www.eloriente.net\/home\/wp-content\/uploads\/2014\/06\/Integrantes-del-Poder-Judicial-del-Estado-y-la-titular-de-la-Setec-Mar\u00eda-de-los-\u00c1ngeles-Fromow.jpg","jetpack_sharing_enabled":true,"_links":{"self":[{"href":"https:\/\/www.eloriente.net\/home\/wp-json\/wp\/v2\/posts\/27740"}],"collection":[{"href":"https:\/\/www.eloriente.net\/home\/wp-json\/wp\/v2\/posts"}],"about":[{"href":"https:\/\/www.eloriente.net\/home\/wp-json\/wp\/v2\/types\/post"}],"author":[{"embeddable":true,"href":"https:\/\/www.eloriente.net\/home\/wp-json\/wp\/v2\/users\/26"}],"replies":[{"embeddable":true,"href":"https:\/\/www.eloriente.net\/home\/wp-json\/wp\/v2\/comments?post=27740"}],"version-history":[{"count":3,"href":"https:\/\/www.eloriente.net\/home\/wp-json\/wp\/v2\/posts\/27740\/revisions"}],"predecessor-version":[{"id":27746,"href":"https:\/\/www.eloriente.net\/home\/wp-json\/wp\/v2\/posts\/27740\/revisions\/27746"}],"wp:featuredmedia":[{"embeddable":true,"href":"https:\/\/www.eloriente.net\/home\/wp-json\/wp\/v2\/media\/27744"}],"wp:attachment":[{"href":"https:\/\/www.eloriente.net\/home\/wp-json\/wp\/v2\/media?parent=27740"}],"wp:term":[{"taxonomy":"category","embeddable":true,"href":"https:\/\/www.eloriente.net\/home\/wp-json\/wp\/v2\/categories?post=27740"},{"taxonomy":"post_tag","embeddable":true,"href":"https:\/\/www.eloriente.net\/home\/wp-json\/wp\/v2\/tags?post=27740"}],"curies":[{"name":"wp","href":"https:\/\/api.w.org\/{rel}","templated":true}]}}