{"id":27748,"date":"2014-06-13T08:07:20","date_gmt":"2014-06-13T14:07:20","guid":{"rendered":"http:\/\/www.eloriente.net\/home\/?p=27748"},"modified":"2014-06-13T08:07:20","modified_gmt":"2014-06-13T14:07:20","slug":"reubican-el-archivo-historico-de-la-uabjo","status":"publish","type":"post","link":"https:\/\/www.eloriente.net\/home\/2014\/06\/13\/reubican-el-archivo-historico-de-la-uabjo\/","title":{"rendered":"Reubican el Archivo Hist\u00f3rico de la UABJO"},"content":{"rendered":"<p>eloriente.net\/<a href=\"http:\/\/www.fahho.org\" target=\"_blank\">FAHHO<\/a><\/p>\n<p>13\/junio\/2014<\/p>\n<p>Es curioso pararse frente al t\u00edtulo de\u00a0Licenciado en Derecho de Benjam\u00edn Mart\u00ednez \u2015oaxaque\u00f1o de principios\u00a0del siglo XX\u2015 y ver que el formato del documento no difiere mucho de los actuales: el gran tama\u00f1o, las letras imponentes y la sobria\u00a0fotograf\u00eda ovalada con un personaje serio, de traje y r\u00edgido peinado\u00a0se mantienen constantes hasta nuestros d\u00edas.<\/p>\n<p>Como el t\u00edtulo universitario de Mart\u00ednez, listas de alumnos, trabajos\u00a0escolares, bocetos, muestras caligr\u00e1ficas de gran valor art\u00edstico e\u00a0hist\u00f3rico \u2015como la firma de Porfirio D\u00edaz\u2015 y objetos como el\u00a0viol\u00edn de Jos\u00e9 Alcal\u00e1 pueden apreciarse en \u201cOrganizaci\u00f3n del\u00a0Archivo Hist\u00f3rico de la Universidad Aut\u00f3noma Benito Ju\u00e1rez de\u00a0Oaxaca\u201d, la nueva exposici\u00f3n montada en la Biblioteca Francisco de\u00a0Burgoa. En ella se exponen documentos para entender el nacimiento y\u00a0desarrollo del antes Instituto de Ciencias y Artes.<\/p>\n<p>La exposici\u00f3n es resultado de un largo proyecto de rescate y\u00a0organizaci\u00f3n iniciado en 2005 por la Asociaci\u00f3n Civil Apoyo al\u00a0Desarrollo de Archivos y Biblioteca de M\u00e9xico (ADABI). Por diversos\u00a0motivos el proceso se interrumpi\u00f3 hasta 2012 cuando fue retomado por\u00a0iniciativa del rector de la UABJO, Eduardo Mart\u00ednez Helmes, con apoyo\u00a0de Mar\u00eda Isabel Gra\u00f1\u00e9n Porr\u00faa, presidenta de ADABI. Ambos\u00a0resolvieron trasladar los documentos a la Biblioteca para darles un\u00a0hogar digno y seguro.<\/p>\n<p>Ah\u00ed ADABI se dio a la tarea de dar tratamiento y organizaci\u00f3n al\u00a0valioso acervo, en el cual pudo identificar tres fondos: Direcci\u00f3n de\u00a0Instrucci\u00f3n P\u00fablica, ordenado en 59 cajas y referente a la\u00a0administraci\u00f3n de la educaci\u00f3n b\u00e1sica; Instituto de Ciencias y Artes,\u00a0resguardado en 491 cajas y que versa sobre la operaci\u00f3n de la\u00a0Universidad; e Industria, colocado en 3 cajas con valiosa informaci\u00f3n\u00a0sobre la miner\u00eda.<\/p>\n<p>Clasificados de manera alfab\u00e9tica y cronol\u00f3gica, por series y\u00a0subseries, los documentos quedan ahora a disposici\u00f3n de los\u00a0investigadores. En la inauguraci\u00f3n, presidida por Gra\u00f1\u00e9n Porr\u00faa y\u00a0Mart\u00ednez Helmes, se agradeci\u00f3 a la Fundaci\u00f3n Alfredo Harp Hel\u00fa\u00a0Oaxaca, gran aliada en esta misi\u00f3n, y se invit\u00f3 a todos a\u00a0hacer uso de este archivo pues \u201csu consulta es ofrecer vida a este\u00a0acervo\u201d, se\u00f1al\u00f3.<\/p>\n<p>&nbsp;<\/p>\n<p><a href=\"http:\/\/www.eloriente.net\/home\/wp-content\/uploads\/2014\/06\/Acervo-hist\u00f3rico.jpg\"><img loading=\"lazy\" decoding=\"async\" class=\"alignnone size-medium wp-image-27749\" title=\"Acervo hist\u00f3rico\" src=\"http:\/\/www.eloriente.net\/home\/wp-content\/uploads\/2014\/06\/Acervo-hist\u00f3rico-300x200.jpg\" alt=\"\" width=\"300\" height=\"200\" srcset=\"https:\/\/www.eloriente.net\/home\/wp-content\/uploads\/2014\/06\/Acervo-hist\u00f3rico-300x200.jpg 300w, https:\/\/www.eloriente.net\/home\/wp-content\/uploads\/2014\/06\/Acervo-hist\u00f3rico-1024x682.jpg 1024w, https:\/\/www.eloriente.net\/home\/wp-content\/uploads\/2014\/06\/Acervo-hist\u00f3rico.jpg 1131w\" sizes=\"(max-width: 300px) 100vw, 300px\" \/><\/a><\/p>\n<p>Foto: FAHHO<\/p>\n<p>&nbsp;<\/p>\n<p><strong>Entradas relacionadas:<\/strong><\/p>\n<p><a title=\"Permalink to La ciudad \u2018guelaguizada\u2019, un art\u00edculo de \u00c9dgar Hern\u00e1ndez\" href=\"http:\/\/www.eloriente.net\/home\/2014\/06\/12\/la-ciudad-guelaguizada-un-articulo-de-edgar-hernandez\/\" rel=\"bookmark\">La ciudad \u2018guelaguizada\u2019, un art\u00edculo de \u00c9dgar Hern\u00e1ndez<\/a><\/p>\n<p><a href=\"http:\/\/www.eloriente.net\/home\/2014\/06\/12\/la-ciudad-guelaguizada-un-articulo-de-edgar-hernandez\/\" rel=\"bookmark\"><img decoding=\"async\" title=\"La ciudad \u2018guelaguizada\u2019, un art\u00edculo de \u00c9dgar Hern\u00e1ndez\" src=\"http:\/\/www.eloriente.net\/home\/wp-content\/themes\/city-desk\/timthumb.php?src=http%3A%2F%2Fwww.eloriente.net%2Fhome%2Fwp-content%2Fuploads%2F2013%2F02%2Falgunos-derechos-reservados-phylevn-ciudad-de-oaxaca.jpg&amp;q=90&amp;w=160&amp;h=106&amp;zc=1\" alt=\"La ciudad \u2018guelaguizada\u2019, un art\u00edculo de \u00c9dgar Hern\u00e1ndez\" \/><\/a><\/p>\n<p>eloriente.net 12 de junio de 2014 La ciudad guelaguizada Por: \u00c9dgar Hern\u00e1ndez Cruz* Se manifiesta como algo evidente: la Guelaguetza es un fen\u00f3meno citadino. Resulta dif\u00edcil encontrar en los pueblos originarios \u2014en la sierra mazateca, en la costa chatina, en las monta\u00f1as mixes o en el istmo zapoteco\u2014 una reproducci\u00f3n anual de algo as\u00ed como [&#8230;]<\/p>\n<p>June 12, 2014<\/p>\n<p><a title=\"Permalink to Convocan a concurso de investigaci\u00f3n sobre centros hist\u00f3ricos patrimoniales\" href=\"http:\/\/www.eloriente.net\/home\/2014\/06\/10\/convocan-a-concurso-de-investigacion-sobre-centros-historicos-patrimoniales\/\" rel=\"bookmark\">Convocan a concurso de investigaci\u00f3n sobre centros hist\u00f3ricos patrimoniales<\/a><\/p>\n<p><a href=\"http:\/\/www.eloriente.net\/home\/2014\/06\/10\/convocan-a-concurso-de-investigacion-sobre-centros-historicos-patrimoniales\/\" rel=\"bookmark\"><img decoding=\"async\" title=\"Convocan a concurso de investigaci\u00f3n sobre centros hist\u00f3ricos patrimoniales\" src=\"http:\/\/www.eloriente.net\/home\/wp-content\/themes\/city-desk\/timthumb.php?src=http%3A%2F%2Fwww.eloriente.net%2Fhome%2Fwp-content%2Fuploads%2F2014%2F06%2FCerro-Concepcion-Por-Wikimedia.jpg&amp;q=90&amp;w=160&amp;h=106&amp;zc=1\" alt=\"Convocan a concurso de investigaci\u00f3n sobre centros hist\u00f3ricos patrimoniales\" \/><\/a><\/p>\n<p>eloriente.net 10\/junio\/2014 Con la finalidad de promover la generaci\u00f3n, difusi\u00f3n de conocimientos y reflexi\u00f3n cr\u00edtica de los campos disciplinarios de las ciencias sociales, humanidades, ciencias jur\u00eddicas y econ\u00f3micas, la RED Am\u00e9rica Patrimonio en coordinaci\u00f3n con ICOMOS Per\u00fa, Fundaci\u00f3n Ortega y Gasset de Argentina y el Centro de Patrimonio Cultural de la Pontificia Universidad Cat\u00f3lica de [&#8230;]<\/p>\n<p>June 10, 2014<\/p>\n<p><a title=\"Permalink to Arranca el Festival Oaxaque\u00f1o de Jazz 2014\" href=\"http:\/\/www.eloriente.net\/home\/2014\/06\/10\/arranca-festiva-oaxaqueno-jazz-2014\/\" rel=\"bookmark\">Arranca el Festival Oaxaque\u00f1o de Jazz 2014<\/a><\/p>\n<p><a href=\"http:\/\/www.eloriente.net\/home\/2014\/06\/10\/arranca-festiva-oaxaqueno-jazz-2014\/\" rel=\"bookmark\"><img decoding=\"async\" title=\"Arranca el Festival Oaxaque\u00f1o de Jazz 2014\" src=\"http:\/\/www.eloriente.net\/home\/wp-content\/themes\/city-desk\/timthumb.php?src=http%3A%2F%2Fwww.eloriente.net%2Fhome%2Fwp-content%2Fuploads%2F2014%2F06%2FFestival-de-Jazz.jpg&amp;q=90&amp;w=160&amp;h=106&amp;zc=1\" alt=\"Arranca el Festival Oaxaque\u00f1o de Jazz 2014\" \/><\/a><\/p>\n<p>eloriente.net\/FAHHO 10\/junio\/2014 Arranca el Festival Oaxaque\u00f1o de Jazz 2014 Son muy pocos los lugares que brindan un\u00a0espacio al jazz. Esta falta de difusi\u00f3n es una de las razones por las cuales el g\u00e9nero musical sufre la incomprensi\u00f3n de muchos. Pese a\u00a0existir ya un grupo definido en Oaxaca con gusto por estas notas, sus\u00a0alcances a\u00fan son [&#8230;]<\/p>\n<p>June 10, 2014<\/p>\n\n\t\t\t  <div \n\t\t\t  \tclass = \"fb-comments\" \n\t\t\t  \tdata-href = \"https:\/\/www.eloriente.net\/home\/2014\/06\/13\/reubican-el-archivo-historico-de-la-uabjo\/\"\n\t\t\t  \tdata-numposts = \"10\"\n\t\t\t\tdata-colorscheme = \"dark\"\n\t\t\t\tdata-order-by = \"social\"\n\t\t\t\tdata-mobile=true>\n\t\t\t  <\/div>\n\t\t  <style>\n\t\t\t.fb_iframe_widget_fluid_desktop iframe {\n\t\t\t    width: 100% !important;\n\t\t\t}\n\t\t  <\/style>\n\t\t  ","protected":false},"excerpt":{"rendered":"<p>eloriente.net\/FAHHO 13\/junio\/2014 Es curioso pararse frente al t\u00edtulo de\u00a0Licenciado en Derecho de Benjam\u00edn Mart\u00ednez \u2015oaxaque\u00f1o de principios\u00a0del siglo XX\u2015 y ver que el formato del documento no difiere mucho de los actuales: el gran tama\u00f1o, las letras imponentes y la sobria\u00a0fotograf\u00eda ovalada con un personaje serio, de traje y r\u00edgido peinado\u00a0se mantienen constantes hasta nuestros [&hellip;]<\/p>\n","protected":false},"author":26,"featured_media":27749,"comment_status":"open","ping_status":"open","sticky":false,"template":"","format":"standard","meta":{"_jetpack_memberships_contains_paid_content":false,"footnotes":""},"categories":[1588,18,32,10],"tags":[1055,1632,1481,1634,1633,182,522],"class_list":["post-27748","post","type-post","status-publish","format-standard","has-post-thumbnail","hentry","category-comunicados-y-boletines","category-educacion-y-cultura","category-entradas","category-lo-mas-reciente","tag-acervo","tag-archivo","tag-historico","tag-organizacion","tag-trabajos","tag-uabjo","tag-universidad"],"jetpack_featured_media_url":"https:\/\/www.eloriente.net\/home\/wp-content\/uploads\/2014\/06\/Acervo-hist\u00f3rico.jpg","jetpack_sharing_enabled":true,"_links":{"self":[{"href":"https:\/\/www.eloriente.net\/home\/wp-json\/wp\/v2\/posts\/27748"}],"collection":[{"href":"https:\/\/www.eloriente.net\/home\/wp-json\/wp\/v2\/posts"}],"about":[{"href":"https:\/\/www.eloriente.net\/home\/wp-json\/wp\/v2\/types\/post"}],"author":[{"embeddable":true,"href":"https:\/\/www.eloriente.net\/home\/wp-json\/wp\/v2\/users\/26"}],"replies":[{"embeddable":true,"href":"https:\/\/www.eloriente.net\/home\/wp-json\/wp\/v2\/comments?post=27748"}],"version-history":[{"count":2,"href":"https:\/\/www.eloriente.net\/home\/wp-json\/wp\/v2\/posts\/27748\/revisions"}],"predecessor-version":[{"id":27751,"href":"https:\/\/www.eloriente.net\/home\/wp-json\/wp\/v2\/posts\/27748\/revisions\/27751"}],"wp:featuredmedia":[{"embeddable":true,"href":"https:\/\/www.eloriente.net\/home\/wp-json\/wp\/v2\/media\/27749"}],"wp:attachment":[{"href":"https:\/\/www.eloriente.net\/home\/wp-json\/wp\/v2\/media?parent=27748"}],"wp:term":[{"taxonomy":"category","embeddable":true,"href":"https:\/\/www.eloriente.net\/home\/wp-json\/wp\/v2\/categories?post=27748"},{"taxonomy":"post_tag","embeddable":true,"href":"https:\/\/www.eloriente.net\/home\/wp-json\/wp\/v2\/tags?post=27748"}],"curies":[{"name":"wp","href":"https:\/\/api.w.org\/{rel}","templated":true}]}}