{"id":27752,"date":"2014-06-13T08:18:51","date_gmt":"2014-06-13T14:18:51","guid":{"rendered":"http:\/\/www.eloriente.net\/home\/?p=27752"},"modified":"2014-06-13T08:19:29","modified_gmt":"2014-06-13T14:19:29","slug":"reconoce-garcia-morlan-sentencia-del-tepjf-sobre-caso-tlacolula","status":"publish","type":"post","link":"https:\/\/www.eloriente.net\/home\/2014\/06\/13\/reconoce-garcia-morlan-sentencia-del-tepjf-sobre-caso-tlacolula\/","title":{"rendered":"Reconoce Garc\u00eda Morlan sentencia del TEPJF sobre caso Tlacolula"},"content":{"rendered":"<p>eloriente.net\/Env\u00edo<\/p>\n<p>13\/junio\/2014<\/p>\n<p>\u00abReconozco la institucionalidad y sensibilidad de los magistrados y la magistrada, toda vez que mediante esta sentencia se privilegian los principios de igualdad y certeza\u00bb, indic\u00f3 la diputada local panista Alejandra Garc\u00eda Morlan luego de que el Tribunal Electoral del Poder Judicial de la Federaci\u00f3n (TEPJF) ratific\u00f3 en la Sindicatura de Tlacolula de Matamoros a Elizabeth S\u00e1nchez Gonz\u00e1lez.<\/p>\n<p>Tras la sentencia emitida este mi\u00e9rcoles en sesi\u00f3n p\u00fablica, Alejandra G. Morlan llam\u00f3 a los involucrados en el caso, a mostrar civilidad y a acatar la sentencia. Sostuvo que deben quedar atr\u00e1s disputas personales o partidistas y que es tiempo de abonar al desarrollo y bienestar de la poblaci\u00f3n de Tlacolula.<\/p>\n<p>La diputada ponder\u00f3 la lucha emprendida por Elizabeth D\u00edaz por la igualdad de g\u00e9nero y el respeto a los derechos humanos y pol\u00edticos de las mujeres, y agreg\u00f3 que se trata de una victoria para todos los que han procurado condiciones de igualdad y justicia para las mujeres oaxaque\u00f1as.<\/p>\n<p>A prop\u00f3sito del tema sobre la integraci\u00f3n de las planillas municipales y la asignaci\u00f3n de concejales, Alejandra Morlan record\u00f3 que present\u00f3 una iniciativa de reforma al C\u00f3digo de Instituciones Pol\u00edticas y Procedimientos Electorales (CIPPEO) y a la Ley Org\u00e1nica Municipal con el objetivo\u00a0 de garantizar el principio de certeza en la integraci\u00f3n del cabildo. Y con esta sentencia, se fortalece la propuesta realizada durante el primer periodo ordinario de sesiones ante el Pleno de la LXII Legislatura.<\/p>\n<p>La iniciativa de la diputada panista se centra en dar certidumbre, tanto a competidores como a electores, en las posiciones de la primera concejal\u00eda, la sindicatura y la regidur\u00eda de hacienda, y evitar as\u00ed conflictos postelectorales como en los casos de Tlacolula de Matamoros, Mat\u00edas Romero Avenda\u00f1o, San Sebasti\u00e1n Ixcapa, Santa Mar\u00eda Cortijo, Santiago Llano Grande y Cuil\u00e1pam de Guerrero entre otros municipios donde la integraci\u00f3n del cabildo no se realiz\u00f3 conforme a la postulaci\u00f3n de las planillas.<\/p>\n<p>&nbsp;<\/p>\n<p><a href=\"http:\/\/www.eloriente.net\/home\/wp-content\/uploads\/2014\/06\/Alejandra-G-Morlan-Por-Congreso.jpg\"><img loading=\"lazy\" decoding=\"async\" class=\"alignnone size-medium wp-image-27753\" title=\"Alejandra G Morlan-Por Congreso\" src=\"http:\/\/www.eloriente.net\/home\/wp-content\/uploads\/2014\/06\/Alejandra-G-Morlan-Por-Congreso-300x224.jpg\" alt=\"\" width=\"300\" height=\"224\" srcset=\"https:\/\/www.eloriente.net\/home\/wp-content\/uploads\/2014\/06\/Alejandra-G-Morlan-Por-Congreso-300x224.jpg 300w, https:\/\/www.eloriente.net\/home\/wp-content\/uploads\/2014\/06\/Alejandra-G-Morlan-Por-Congreso.jpg 947w\" sizes=\"(max-width: 300px) 100vw, 300px\" \/><\/a><\/p>\n<p>Foto: Alejandra G. Morlan<\/p>\n<p>&nbsp;<\/p>\n<p><strong>Entradas relacionadas:<\/strong><\/p>\n<p><a title=\"Permalink to Aprueban diputados foros consultivos \u201cDi\u00e1logos por la Educaci\u00f3n\u201d\" href=\"http:\/\/www.eloriente.net\/home\/2014\/06\/12\/aprueba-diputados-foros-consultivos-dialogos-por-la-educacion\/\" rel=\"bookmark\">Aprueban diputados foros consultivos \u201cDi\u00e1logos por la Educaci\u00f3n\u201d<\/a><\/p>\n<p><a href=\"http:\/\/www.eloriente.net\/home\/2014\/06\/12\/aprueba-diputados-foros-consultivos-dialogos-por-la-educacion\/\" rel=\"bookmark\"><img decoding=\"async\" title=\"Aprueban diputados foros consultivos \u201cDi\u00e1logos por la Educaci\u00f3n\u201d\" src=\"http:\/\/www.eloriente.net\/home\/wp-content\/themes\/city-desk\/timthumb.php?src=http%3A%2F%2Fwww.eloriente.net%2Fhome%2Fwp-content%2Fuploads%2F2014%2F06%2FDiputados-Por-Congreso1.jpg&amp;q=90&amp;w=160&amp;h=106&amp;zc=1\" alt=\"Aprueban diputados foros consultivos \u201cDi\u00e1logos por la Educaci\u00f3n\u201d\" \/><\/a><\/p>\n<p>eloriente.net\/Congreso del Estado 12\/junio\/2014 La construcci\u00f3n de la Ley Estatal de Educaci\u00f3n debe realizarse escuchando todas las voces de la sociedad y con la participaci\u00f3n efectiva de los diputados que representamos a la sociedad. En sesi\u00f3n ordinaria\u00a0\u00a0efectuada este mi\u00e9rcoles, la Diputaci\u00f3n Permanente de la LXII Legislatura del Estado aprob\u00f3 el acuerdo por el que se [&#8230;]<\/p>\n<p>June 12, 2014<\/p>\n<div id=\"post-27687\">\n<p><a title=\"Permalink to Bajo crecimiento del pa\u00eds impactar\u00e1 duramente a Oaxaca: Jim\u00e9nez Valencia\" href=\"http:\/\/www.eloriente.net\/home\/2014\/06\/11\/bajo-crecimiento-del-pais-impactara-duramente-a-oaxaca-jimenez-valencia\/\" rel=\"bookmark\">Bajo crecimiento del pa\u00eds impactar\u00e1 duramente a Oaxaca: Jim\u00e9nez Valencia<\/a><\/p>\n<p><a href=\"http:\/\/www.eloriente.net\/home\/2014\/06\/11\/bajo-crecimiento-del-pais-impactara-duramente-a-oaxaca-jimenez-valencia\/\" rel=\"bookmark\"><img decoding=\"async\" title=\"Bajo crecimiento del pa\u00eds impactar\u00e1 duramente a Oaxaca: Jim\u00e9nez Valencia\" src=\"http:\/\/www.eloriente.net\/home\/wp-content\/themes\/city-desk\/timthumb.php?src=http%3A%2F%2Fwww.eloriente.net%2Fhome%2Fwp-content%2Fuploads%2F2014%2F06%2FLeslie-Jim%C3%A9nez-Por-Congreso.jpg&amp;q=90&amp;w=160&amp;h=106&amp;zc=1\" alt=\"Bajo crecimiento del pa\u00eds impactar\u00e1 duramente a Oaxaca: Jim\u00e9nez Valencia\" \/><\/a><\/p>\n<p>eloriente.net\/Congreso del Estado 11\/junio\/2014 La presidenta de la Comisi\u00f3n Permanente de Hacienda del Congreso del Estado, Leslie Jim\u00e9nez Valencia, expres\u00f3 su preocupaci\u00f3n por el nulo crecimiento del primer trimestre del a\u00f1o en el pa\u00eds, el cual fue apenas del 1.8% seg\u00fan cifras del Instituto Nacional de Estad\u00edstica, Geograf\u00eda e Inform\u00e1tica (INEGI), tasa asociada al severo [&#8230;]<\/p>\n<p>June 11, 2014<\/p>\n<p><a title=\"Permalink to Necesario avanzar en armonizaci\u00f3n pol\u00edtico electoral: Alejandra G. Morlan\" href=\"http:\/\/www.eloriente.net\/home\/2014\/06\/06\/necesario-avanzar-en-armonizacion-politico-electoral-alejandra-g-morlan\/\" rel=\"bookmark\">Necesario avanzar en armonizaci\u00f3n pol\u00edtico electoral: Alejandra G. Morlan<\/a><\/p>\n<p><a href=\"http:\/\/www.eloriente.net\/home\/2014\/06\/06\/necesario-avanzar-en-armonizacion-politico-electoral-alejandra-g-morlan\/\" rel=\"bookmark\"><img decoding=\"async\" title=\"Necesario avanzar en armonizaci\u00f3n pol\u00edtico electoral: Alejandra G. Morlan\" src=\"http:\/\/www.eloriente.net\/home\/wp-content\/themes\/city-desk\/timthumb.php?src=http%3A%2F%2Fwww.eloriente.net%2Fhome%2Fwp-content%2Fuploads%2F2014%2F04%2FGarc%C3%ADa-Morlan-Por-El-Oriente.jpg&amp;q=90&amp;w=160&amp;h=106&amp;zc=1\" alt=\"Necesario avanzar en armonizaci\u00f3n pol\u00edtico electoral: Alejandra G. Morlan\" \/><\/a><\/p>\n<p>eloriente.net\/Env\u00edo 6\/junio\/2014 La diputada local del Partido Acci\u00f3n Nacional (PAN), Alejandra Garc\u00eda Morlan, record\u00f3 que entre los pendientes de la LXII Legislatura se encuentra el estudio y an\u00e1lisis de las iniciativas en materia pol\u00edtico electoral, para armonizar las normas locales con la reforma estructural recientemente aprobada. Particularmente hizo referencia a la propuesta que la legisladora [&#8230;]<\/p>\n<p>June 6, 2014<\/p>\n<\/div>\n\n\t\t\t  <div \n\t\t\t  \tclass = \"fb-comments\" \n\t\t\t  \tdata-href = \"https:\/\/www.eloriente.net\/home\/2014\/06\/13\/reconoce-garcia-morlan-sentencia-del-tepjf-sobre-caso-tlacolula\/\"\n\t\t\t  \tdata-numposts = \"10\"\n\t\t\t\tdata-colorscheme = \"dark\"\n\t\t\t\tdata-order-by = \"social\"\n\t\t\t\tdata-mobile=true>\n\t\t\t  <\/div>\n\t\t  <style>\n\t\t\t.fb_iframe_widget_fluid_desktop iframe {\n\t\t\t    width: 100% !important;\n\t\t\t}\n\t\t  <\/style>\n\t\t  ","protected":false},"excerpt":{"rendered":"<p>eloriente.net\/Env\u00edo 13\/junio\/2014 \u00abReconozco la institucionalidad y sensibilidad de los magistrados y la magistrada, toda vez que mediante esta sentencia se privilegian los principios de igualdad y certeza\u00bb, indic\u00f3 la diputada local panista Alejandra Garc\u00eda Morlan luego de que el Tribunal Electoral del Poder Judicial de la Federaci\u00f3n (TEPJF) ratific\u00f3 en la Sindicatura de Tlacolula de [&hellip;]<\/p>\n","protected":false},"author":26,"featured_media":27753,"comment_status":"open","ping_status":"open","sticky":false,"template":"","format":"standard","meta":{"_jetpack_memberships_contains_paid_content":false,"footnotes":""},"categories":[1588,91,32,21],"tags":[1638,496,1637,231,1635,1182,1636],"class_list":["post-27752","post","type-post","status-publish","format-standard","has-post-thumbnail","hentry","category-comunicados-y-boletines","category-congreso-y-justicia","category-entradas","category-politica-y-gobierno","tag-alejandra-g-morlan","tag-diputada","tag-elizabeth-sanchez","tag-politica","tag-sindicatura","tag-tepjf","tag-tlacolula"],"jetpack_featured_media_url":"https:\/\/www.eloriente.net\/home\/wp-content\/uploads\/2014\/06\/Alejandra-G-Morlan-Por-Congreso.jpg","jetpack_sharing_enabled":true,"_links":{"self":[{"href":"https:\/\/www.eloriente.net\/home\/wp-json\/wp\/v2\/posts\/27752"}],"collection":[{"href":"https:\/\/www.eloriente.net\/home\/wp-json\/wp\/v2\/posts"}],"about":[{"href":"https:\/\/www.eloriente.net\/home\/wp-json\/wp\/v2\/types\/post"}],"author":[{"embeddable":true,"href":"https:\/\/www.eloriente.net\/home\/wp-json\/wp\/v2\/users\/26"}],"replies":[{"embeddable":true,"href":"https:\/\/www.eloriente.net\/home\/wp-json\/wp\/v2\/comments?post=27752"}],"version-history":[{"count":3,"href":"https:\/\/www.eloriente.net\/home\/wp-json\/wp\/v2\/posts\/27752\/revisions"}],"predecessor-version":[{"id":27756,"href":"https:\/\/www.eloriente.net\/home\/wp-json\/wp\/v2\/posts\/27752\/revisions\/27756"}],"wp:featuredmedia":[{"embeddable":true,"href":"https:\/\/www.eloriente.net\/home\/wp-json\/wp\/v2\/media\/27753"}],"wp:attachment":[{"href":"https:\/\/www.eloriente.net\/home\/wp-json\/wp\/v2\/media?parent=27752"}],"wp:term":[{"taxonomy":"category","embeddable":true,"href":"https:\/\/www.eloriente.net\/home\/wp-json\/wp\/v2\/categories?post=27752"},{"taxonomy":"post_tag","embeddable":true,"href":"https:\/\/www.eloriente.net\/home\/wp-json\/wp\/v2\/tags?post=27752"}],"curies":[{"name":"wp","href":"https:\/\/api.w.org\/{rel}","templated":true}]}}