{"id":28742,"date":"2014-07-01T07:59:55","date_gmt":"2014-07-01T13:59:55","guid":{"rendered":"http:\/\/www.eloriente.net\/home\/?p=28742"},"modified":"2014-07-01T08:13:50","modified_gmt":"2014-07-01T14:13:50","slug":"en-linea-largometrajes-de-ficcion-silentes-mexicanos-unam","status":"publish","type":"post","link":"https:\/\/www.eloriente.net\/home\/2014\/07\/01\/en-linea-largometrajes-de-ficcion-silentes-mexicanos-unam\/","title":{"rendered":"En l\u00ednea, largometrajes de ficci\u00f3n silentes mexicanos: UNAM"},"content":{"rendered":"<p>eloriente.net\/<a href=\"http:\/\/www.unam.mx\/\" target=\"_blank\">UNAM<\/a><\/p>\n<p>1\/julio\/2014<\/p>\n<p><strong>Las cintas ya est\u00e1n disponibles en la p\u00e1gina Cine en l\u00ednea, que da acceso libre y gratuito al acervo en posesi\u00f3n de la UNAM, destac\u00f3 Guadalupe Ferrer Andrade, titular de la Direcci\u00f3n General de Actividades Cinematogr\u00e1ficas<\/strong><\/p>\n<p><em>Las cintas Tepeyac (1917), El tren fantasma (1926)<\/em>\u00a0y\u00a0<em>El pu\u00f1o de hierro<\/em><em>(1927)\u00a0<\/em>son los \u00fanicos largometrajes de ficci\u00f3n silentes mexicanos conservados a la fecha. Muestran temas que a\u00fan ata\u00f1en a la realidad y escenas de gran valor e importancia para la historia documental del pa\u00eds. Toda la UNAM en L\u00ednea ofrece una ventana a estas piezas y otros materiales pertenecientes a esta casa de estudios y resguardados por la Filmoteca de la Direcci\u00f3n General de Actividades Cinematogr\u00e1ficas de la UNAM.<\/p>\n<p>Las cintas est\u00e1n disponibles en la p\u00e1gina\u00a0<em>Cine en l\u00ednea\u00a0<\/em>(<a href=\"http:\/\/www.filmoteca.unam.mx\/cinelinea\/\">http:\/\/www.filmoteca.unam.mx\/cinelinea\/<\/a>), sitio que da acceso libre y gratuito al acervo f\u00edlmico propiedad de la Universidad, destac\u00f3 Guadalupe Ferrer Andrade, titular de la DGAC.<\/p>\n<p>Para ampliar la oferta y calidad de los materiales disponibles en el sitio est\u00e1n en marcha los trabajos del proyecto del Laboratorio de Digitalizaci\u00f3n, Restauraci\u00f3n Digital, Preservaci\u00f3n y Difusi\u00f3n Digital de Pel\u00edcula Cinematogr\u00e1fica. Con recursos del Programa de Apoyo Financiero de Toda la UNAM en L\u00ednea se capacitar\u00e1 a los talentos universitarios que podr\u00e1n participar en esta iniciativa, adelant\u00f3.<\/p>\n<p><strong>Restauraci\u00f3n y digitalizaci\u00f3n<\/strong><\/p>\n<p>Gerardo Le\u00f3n, coordinador de Nuevas Tecnolog\u00edas e Inform\u00e1tica de la Filmoteca, expuso que\u00a0<em>Cine en l\u00ednea<\/em>\u00a0es una ventana al acervo f\u00edlmico de la Universidad y una herramienta excepcional de difusi\u00f3n.<\/p>\n<p>\u201cEs la memoria hist\u00f3rica del pa\u00eds. Antes de su lanzamiento, los interesados en el material ten\u00edan que transportarse a las instalaciones y cumplir una serie de requisitos\u201d, refiri\u00f3.<\/p>\n<p>Los materiales se digitalizaron y editaron para ofrecerlos en distintos formatos, con un balance adecuado entre calidad en la reproducci\u00f3n y la disminuci\u00f3n del consumo de ancho de banda para que cualquier usuario pueda recibirlo en la modalidad de video en demanda.<\/p>\n<p>La plataforma de la Direcci\u00f3n General de C\u00f3mputo y de Tecnolog\u00edas de Informaci\u00f3n y Comunicaci\u00f3n (DGTIC) respalda la entrega a trav\u00e9s de la infraestructura de RedUNAM. La parte m\u00e1s novedosa del proyecto fue habilitar la entrega de contenidos en dispositivos m\u00f3viles (iPhone, iPad, iPod, Android y Windows M\u00f3vil) y navegadores\u00a0<em>web<\/em>\u00a0para computadoras de escritorio, detall\u00f3.<\/p>\n<p>Con este fin, se utilizan p\u00e1ginas codificadas en la versi\u00f3n 5 de HTML (HyperText Markup Language), que al reconocer el equipo del usuario entregan uno de cuatro diferentes formatos de video, detall\u00f3.<\/p>\n<p>Los procesos de digitalizaci\u00f3n y restauraci\u00f3n se realizan en el exterior y son costosos. Recibimos el apoyo de la Universidad para instalar un laboratorio con el fin de realizar estos trabajos y prescindir de los servicios que ahora pagamos.<\/p>\n<p>El apoyo PAPROTUL de Toda la UNAM en L\u00ednea nos brinda la oportunidad de profesionalizar estas actividades, con recursos para la formaci\u00f3n de estudiantes y solicitar asesor\u00eda de personal.<\/p>\n<p>Pr\u00f3ximamente se lanzar\u00e1 una convocatoria en Gaceta UNAM para invitar a los universitarios a participar en el taller de capacitaci\u00f3n te\u00f3rico-pr\u00e1ctico, para operar el laboratorio, adelant\u00f3.<\/p>\n<p><strong>Exhibici\u00f3n en l\u00ednea<\/strong><\/p>\n<p>El 90 o 95 por ciento de la producci\u00f3n f\u00edlmica en M\u00e9xico, desde la llegada del cine (1896) hasta inicios de la d\u00e9cada de 1930, con la utilizaci\u00f3n del sonido, est\u00e1 desaparecida.<\/p>\n<p>Al respecto, Ferrer Andrade destac\u00f3 que en la secci\u00f3n Cine Silente de la p\u00e1gina referida los usuarios pueden ver los \u00fanicos tres largometrajes mudos mexicanos completos existentes:\u00a0<em>Tepeyac, El tren fantasma\u00a0<\/em>y\u00a0<em>El pu\u00f1o de hierro, filmadas entre 1917-1927 y restauradas por la Universidad.<\/em><\/p>\n<p>En el apartado M\u00e9xico Naturalmente, est\u00e1n disponibles l<em>os cinco programas de la serie\u00a0<\/em>producida por la Filmoteca de la UNAM y Canal 22<em>\u00a0sobre especies en peligro de extinci\u00f3n.\u00a0<\/em>El proyecto signific\u00f3 la incursi\u00f3n cinematogr\u00e1fica en el g\u00e9nero del documental de historia natural e ilustra el inter\u00e9s por la divulgaci\u00f3n de la ciencia, subray\u00f3.<\/p>\n<p>Cine en L\u00ednea tambi\u00e9n contempla los 23 episodios de la serie\u00a0<em>18 lustros y una d\u00e9cada<\/em>, producida por esta casa de estudios, que describe el desarrollo econ\u00f3mico, pol\u00edtico, social y cultural del pa\u00eds en el siglo XX, a partir de fragmentos de archivo que la Filmoteca ha rescatado y preservado, materiales de ficci\u00f3n, documental y acontecimientos filmados por la propia instituci\u00f3n.<\/p>\n<p>El rubro Pintura Mexicana contempla 11 pel\u00edculas sobre arte de la Universidad, g\u00e9nero documental del cual se han hecho varias producciones a lo largo de los m\u00e1s de 50 a\u00f1os de historia de la Filmoteca. Los materiales son un acercamiento a la vida y obra de Jos\u00e9 Guadalupe Posada, Fernando Leal, Vicente Rojo, Rufino Tamayo, Alberto Gironella y David Alfaro Siqueiros, entre otros exponentes de las artes pl\u00e1sticas mexicanas.<\/p>\n<p>La directora de Actividades Cinematogr\u00e1ficas inform\u00f3 que recientemente se sumaron al acervo de\u00a0<em>Cine en l\u00ednea<\/em>\u00a0los documentales\u00a0<em>La petatera<\/em>, de Carlos Mendoza, sobre tauromaquia, y\u00a0<em>Veracruz 1914: Memoria de una invasi\u00f3n<\/em>, con testimonios in\u00e9ditos de la irrupci\u00f3n de tropas de EUA en 1914.<\/p>\n<p style=\"text-align: left;\">Adem\u00e1s, est\u00e1 en marcha la edici\u00f3n de una producci\u00f3n especial, con material de una entrevista realizada a Mar\u00eda F\u00e9lix, que estar\u00e1 disponible en l\u00ednea para celebrar el centenario de su nacimiento.<\/p>\n<p>Los archivos de la Filmoteca de la UNAM que rescatan, resguardan, preservan y restauran los materiales audiovisuales desde los inicios del cine en M\u00e9xico, permiten que la sociedad conozca su historia y fortalezca su identidad a trav\u00e9s del s\u00e9ptimo arte, concluy\u00f3.<\/p>\n<p>&nbsp;<\/p>\n<p><a href=\"http:\/\/www.eloriente.net\/home\/wp-content\/uploads\/2014\/07\/El-puno-de-hierro.jpg\"><img loading=\"lazy\" decoding=\"async\" class=\"alignnone size-medium wp-image-28743\" title=\"El-puno-de-hierro\" src=\"http:\/\/www.eloriente.net\/home\/wp-content\/uploads\/2014\/07\/El-puno-de-hierro-300x166.jpg\" alt=\"\" width=\"300\" height=\"166\" srcset=\"https:\/\/www.eloriente.net\/home\/wp-content\/uploads\/2014\/07\/El-puno-de-hierro-300x166.jpg 300w, https:\/\/www.eloriente.net\/home\/wp-content\/uploads\/2014\/07\/El-puno-de-hierro.jpg 960w\" sizes=\"(max-width: 300px) 100vw, 300px\" \/><\/a><\/p>\n<p>Imagen: El pu\u00f1o de hierro<\/p>\n<p>&nbsp;<\/p>\n<p><strong>Entradas relacionadas:<\/strong><\/p>\n<p><a title=\"Permalink to \u201cAll\u00e1 en el Rancho Grande\u201d en #JuevesdeCineySeries\" href=\"http:\/\/www.eloriente.net\/home\/2014\/06\/26\/alla-en-el-rancho-grande-en-juevesdecineyseries\/\" rel=\"bookmark\">\u201cAll\u00e1 en el Rancho Grande\u201d en #JuevesdeCineySeries<\/a><\/p>\n<p style=\"text-align: left;\"><a href=\"http:\/\/www.eloriente.net\/home\/2014\/06\/26\/alla-en-el-rancho-grande-en-juevesdecineyseries\/\" rel=\"bookmark\"><img decoding=\"async\" title=\"\u201cAll\u00e1 en el Rancho Grande\u201d en #JuevesdeCineySeries\" src=\"http:\/\/www.eloriente.net\/home\/wp-content\/themes\/city-desk\/timthumb.php?src=http%3A%2F%2Fwww.eloriente.net%2Fhome%2Fwp-content%2Fuploads%2F2014%2F06%2FAll%C3%A1-en-el-rancho-grande-Por-ITESM.jpg&amp;q=90&amp;w=160&amp;h=106&amp;zc=1\" alt=\"\u201cAll\u00e1 en el Rancho Grande\u201d en #JuevesdeCineySeries\" \/><\/a><\/p>\n<p>eloriente.net 26\/junio\/2014 Considerada la pel\u00edcula que dio inicio a la llamada \u00e9poca de oro del cine mexicano, \u201cAll\u00e1 en el Rancho Grande\u201d fue\u00a0producida por Fernando de Fuentes y Alfonso Rivas Bustamante en el a\u00f1o de 1936, bajo el g\u00e9nero de drama ranchero, con gui\u00f3n de\u00a0Luz Guzm\u00e1n de Arellano y Guz \u00c1guila. Desarrollada en una rancher\u00eda, [&#8230;]<\/p>\n<p>June 26, 2014<\/p>\n<div id=\"post-28445\">\n<p><a title=\"Permalink to Lo que no sab\u00edas de \u00a1Ay Jalisco, no te rajes! #JuevesdeCineySeries\" href=\"http:\/\/www.eloriente.net\/home\/2014\/06\/26\/lo-que-no-sabias-de-ay-jalisco-no-te-rajes-juevesdecineyseries\/\" rel=\"bookmark\">Lo que no sab\u00edas de \u00a1Ay Jalisco, no te rajes! #JuevesdeCineySeries<\/a><\/p>\n<p><a href=\"http:\/\/www.eloriente.net\/home\/2014\/06\/26\/lo-que-no-sabias-de-ay-jalisco-no-te-rajes-juevesdecineyseries\/\" rel=\"bookmark\"><img decoding=\"async\" title=\"Lo que no sab\u00edas de \u00a1Ay Jalisco, no te rajes! #JuevesdeCineySeries\" src=\"http:\/\/www.eloriente.net\/home\/wp-content\/themes\/city-desk\/timthumb.php?src=http%3A%2F%2Fwww.eloriente.net%2Fhome%2Fwp-content%2Fuploads%2F2014%2F06%2F%C2%A1Ay-Jalisco-no-te-rajes-copia.jpg&amp;q=90&amp;w=160&amp;h=106&amp;zc=1\" alt=\"Lo que no sab\u00edas de \u00a1Ay Jalisco, no te rajes! #JuevesdeCineySeries\" \/><\/a><\/p>\n<p>eloriente.net 26\/junio\/2014 Del director y guionista Jos\u00e9 de Jes\u00fas Rodr\u00edguez Ruelas, mejor conocido como Joselito Rodr\u00edguez, traemos este #JuevesdeCineySeries un cl\u00e1sico del cine mexicano: \u00a1Ay Jalisco, no te rajes! Pel\u00edcula de 1941 que represent\u00f3 el primer \u00e9xito taquillero del cineasta. Protagonizada por Jorge Negrete y Gloria Mar\u00edn, conformaron la primera pareja rom\u00e1ntica del cine de [&#8230;]<\/p>\n<p>June 26, 2014<\/p>\n<p><a title=\"Permalink to 5 pel\u00edculas sobre f\u00fatbol #JuevesdeCineySeries\" href=\"http:\/\/www.eloriente.net\/home\/2014\/06\/19\/5-peliculas-sobre-futbol-juevesdecineyseries\/\" rel=\"bookmark\">5 pel\u00edculas sobre f\u00fatbol #JuevesdeCineySeries<\/a><\/p>\n<p><a href=\"http:\/\/www.eloriente.net\/home\/2014\/06\/19\/5-peliculas-sobre-futbol-juevesdecineyseries\/\" rel=\"bookmark\"><img decoding=\"async\" title=\"5 pel\u00edculas sobre f\u00fatbol #JuevesdeCineySeries\" src=\"http:\/\/www.eloriente.net\/home\/wp-content\/themes\/city-desk\/timthumb.php?src=http%3A%2F%2Fwww.eloriente.net%2Fhome%2Fwp-content%2Fuploads%2F2014%2F06%2FF%C3%BAtbol-The-Damned-United.jpg&amp;q=90&amp;w=160&amp;h=106&amp;zc=1\" alt=\"5 pel\u00edculas sobre f\u00fatbol #JuevesdeCineySeries\" \/><\/a><\/p>\n<p>eloriente.net 19\/junio\/2014 En el marco de la fiebre mundialista de Brasil 2014, ELORIENTE.NET trae para ti en este #JuevesdeCineySeries cinco recomendaciones de pel\u00edculas que abordan el f\u00fatbol desde diferentes perspectivas sociales, culturales y dram\u00e1ticas. \u00a1No las dejes de ver! \u00a0 1. The Damned United Dirigida por Tim Hooper y basada en la novela\u00a0The Damned Utd, [&#8230;]<\/p>\n<p>June 19, 2014<\/p>\n<\/div>\n\n\t\t\t  <div \n\t\t\t  \tclass = \"fb-comments\" \n\t\t\t  \tdata-href = \"https:\/\/www.eloriente.net\/home\/2014\/07\/01\/en-linea-largometrajes-de-ficcion-silentes-mexicanos-unam\/\"\n\t\t\t  \tdata-numposts = \"10\"\n\t\t\t\tdata-colorscheme = \"dark\"\n\t\t\t\tdata-order-by = \"social\"\n\t\t\t\tdata-mobile=true>\n\t\t\t  <\/div>\n\t\t  <style>\n\t\t\t.fb_iframe_widget_fluid_desktop iframe {\n\t\t\t    width: 100% !important;\n\t\t\t}\n\t\t  <\/style>\n\t\t  ","protected":false},"excerpt":{"rendered":"<p>eloriente.net\/UNAM 1\/julio\/2014 Las cintas ya est\u00e1n disponibles en la p\u00e1gina Cine en l\u00ednea, que da acceso libre y gratuito al acervo en posesi\u00f3n de la UNAM, destac\u00f3 Guadalupe Ferrer Andrade, titular de la Direcci\u00f3n General de Actividades Cinematogr\u00e1ficas Las cintas Tepeyac (1917), El tren fantasma (1926)\u00a0y\u00a0El pu\u00f1o de hierro(1927)\u00a0son los \u00fanicos largometrajes de ficci\u00f3n silentes [&hellip;]<\/p>\n","protected":false},"author":26,"featured_media":28743,"comment_status":"open","ping_status":"open","sticky":false,"template":"","format":"standard","meta":{"_jetpack_memberships_contains_paid_content":false,"footnotes":""},"categories":[56,18,32,10,31,84],"tags":[1055,4076,1813,1812,1810,1811,683],"class_list":["post-28742","post","type-post","status-publish","format-standard","has-post-thumbnail","hentry","category-cine","category-educacion-y-cultura","category-entradas","category-lo-mas-reciente","category-principal","category-universidades","tag-acervo","tag-cine","tag-en-linea","tag-ficcion","tag-largometraje","tag-silente","tag-unam"],"jetpack_featured_media_url":"https:\/\/www.eloriente.net\/home\/wp-content\/uploads\/2014\/07\/El-puno-de-hierro.jpg","jetpack_sharing_enabled":true,"_links":{"self":[{"href":"https:\/\/www.eloriente.net\/home\/wp-json\/wp\/v2\/posts\/28742"}],"collection":[{"href":"https:\/\/www.eloriente.net\/home\/wp-json\/wp\/v2\/posts"}],"about":[{"href":"https:\/\/www.eloriente.net\/home\/wp-json\/wp\/v2\/types\/post"}],"author":[{"embeddable":true,"href":"https:\/\/www.eloriente.net\/home\/wp-json\/wp\/v2\/users\/26"}],"replies":[{"embeddable":true,"href":"https:\/\/www.eloriente.net\/home\/wp-json\/wp\/v2\/comments?post=28742"}],"version-history":[{"count":5,"href":"https:\/\/www.eloriente.net\/home\/wp-json\/wp\/v2\/posts\/28742\/revisions"}],"predecessor-version":[{"id":28745,"href":"https:\/\/www.eloriente.net\/home\/wp-json\/wp\/v2\/posts\/28742\/revisions\/28745"}],"wp:featuredmedia":[{"embeddable":true,"href":"https:\/\/www.eloriente.net\/home\/wp-json\/wp\/v2\/media\/28743"}],"wp:attachment":[{"href":"https:\/\/www.eloriente.net\/home\/wp-json\/wp\/v2\/media?parent=28742"}],"wp:term":[{"taxonomy":"category","embeddable":true,"href":"https:\/\/www.eloriente.net\/home\/wp-json\/wp\/v2\/categories?post=28742"},{"taxonomy":"post_tag","embeddable":true,"href":"https:\/\/www.eloriente.net\/home\/wp-json\/wp\/v2\/tags?post=28742"}],"curies":[{"name":"wp","href":"https:\/\/api.w.org\/{rel}","templated":true}]}}