{"id":28808,"date":"2014-07-02T14:34:15","date_gmt":"2014-07-02T20:34:15","guid":{"rendered":"http:\/\/www.eloriente.net\/home\/?p=28808"},"modified":"2014-07-02T14:34:15","modified_gmt":"2014-07-02T20:34:15","slug":"se-inaugura-feria-del-empleo-para-jovenes-2014-en-oaxaca","status":"publish","type":"post","link":"https:\/\/www.eloriente.net\/home\/2014\/07\/02\/se-inaugura-feria-del-empleo-para-jovenes-2014-en-oaxaca\/","title":{"rendered":"Se inaugura \u00abFeria del Empleo para J\u00f3venes 2014\u00bb en Oaxaca"},"content":{"rendered":"<p>eloriente.net\/<a href=\"http:\/\/www.municipiodeoaxaca.gob.mx\/\" target=\"_blank\">Municipio de Oaxaca<\/a><\/p>\n<p>2\/julio\/2014<\/p>\n<p>El Secretario T\u00e9cnico del ayuntamiento capitalino, Mario Arturo Mendoza Flores, dio la bienvenida a los participantes de la Feria de Empleo para J\u00f3venes 2014, que se realiza este mi\u00e9rcoles 2 de julio en la Plaza de la Danza, otorgando una oferta laboral de mil 300 vacantes a trav\u00e9s de 46 empresas p\u00fablicas y privadas.<\/p>\n<p>Ante cientos de j\u00f3venes procedentes de diversas partes de la capital, el servidor p\u00fablico asegur\u00f3 que la administraci\u00f3n municipal ha puesto especial \u00e9nfasis en ser un facilitador de las inversiones en la capital, a fin de potenciar la generaci\u00f3n de empleos, que otorguen beneficios econ\u00f3micos y de desarrollo productivo, principalmente a los j\u00f3venes de la capital.<\/p>\n<p>En compa\u00f1\u00eda del Subsecretario de Trabajo del Gobierno del Estado, Jorge Santos Valencia y el titular de la Secretar\u00eda de Desarrollo Econ\u00f3mico municipal, Jaime Castellanos Del Campo; Mendoza Flores destac\u00f3 que el desarrollo de las pol\u00edticas p\u00fablicas de apoyo al empleo se convierten en piezas fundamentales para garantizar la calidad de vida y el crecimiento econ\u00f3mico de los municipios y las ciudades.<\/p>\n<p>La Feria del Empleo para J\u00f3venes dio inicio a las 9:00 horas y concluir\u00e1 a las 16:00 horas, ofertando a los j\u00f3venes oaxaque\u00f1os mil 300 vacantes de 46 empresas de los \u00e1mbitos p\u00fablico y privado, en \u00e1reas como seguridad, turismo, restaurantes, hoteles, servicios y tiendas departamentales, as\u00ed como profesionistas de distintas disciplinas como contadores, mercad\u00f3logos, m\u00e9dicos, entre muchos otras.<\/p>\n<p>A la inauguraci\u00f3n de la Feria del Empleo 2014 acudi\u00f3 la coordinadora de Comunicaci\u00f3n Social de la delegaci\u00f3n federal de la Secretar\u00eda del Trabajo y Previsi\u00f3n Social en el Estado, Mar\u00eda Luisa Mart\u00ednez; la coordinadora del Servicio Nacional del Empleo de Oaxaca, Gloria Naxhiely Estrada Bautista, as\u00ed como representantes de distintas c\u00e1maras empresariales.<\/p>\n<p>&nbsp;<\/p>\n<p><a href=\"http:\/\/www.eloriente.net\/home\/wp-content\/uploads\/2014\/07\/Feria-del-empleo-Por-Municipio.jpg\"><img loading=\"lazy\" decoding=\"async\" class=\"alignnone size-medium wp-image-28809\" title=\"Feria del empleo-Por Municipio\" src=\"http:\/\/www.eloriente.net\/home\/wp-content\/uploads\/2014\/07\/Feria-del-empleo-Por-Municipio-300x199.jpg\" alt=\"\" width=\"300\" height=\"199\" srcset=\"https:\/\/www.eloriente.net\/home\/wp-content\/uploads\/2014\/07\/Feria-del-empleo-Por-Municipio-300x199.jpg 300w, https:\/\/www.eloriente.net\/home\/wp-content\/uploads\/2014\/07\/Feria-del-empleo-Por-Municipio-1024x682.jpg 1024w, https:\/\/www.eloriente.net\/home\/wp-content\/uploads\/2014\/07\/Feria-del-empleo-Por-Municipio.jpg 1172w\" sizes=\"(max-width: 300px) 100vw, 300px\" \/><\/a><\/p>\n<p>Foto: Municipio de Oaxaca<\/p>\n<p>&nbsp;<\/p>\n<p><strong>Entradas relacionadas:<\/strong><\/p>\n<p><a title=\"Permalink to 5 vacantes para abogados y una para ventas #MartesdeVacantes\" href=\"http:\/\/www.eloriente.net\/home\/2014\/07\/01\/5-vacantes-para-abogados-martesdevacantes\/\" rel=\"bookmark\">5 vacantes para abogados y una para ventas #MartesdeVacantes<\/a><\/p>\n<p><a href=\"http:\/\/www.eloriente.net\/home\/2014\/07\/01\/5-vacantes-para-abogados-martesdevacantes\/\" rel=\"bookmark\"><img decoding=\"async\" title=\"5 vacantes para abogados y una para ventas #MartesdeVacantes\" src=\"http:\/\/www.eloriente.net\/home\/wp-content\/themes\/city-desk\/timthumb.php?src=http%3A%2F%2Fwww.eloriente.net%2Fhome%2Fwp-content%2Fuploads%2F2014%2F05%2FAbogados-MA-Bustamante.jpg&amp;q=90&amp;w=160&amp;h=106&amp;zc=1\" alt=\"5 vacantes para abogados y una para ventas #MartesdeVacantes\" \/><\/a><\/p>\n<p>eloriente.net 1\/julio\/2014 Conscientes de la importancia para la ciudadan\u00eda en general de la b\u00fasqueda de nuevas oportunidades de crecimiento profesional, ponemos a tu disposici\u00f3n semanalmente ofertas de empleo disponibles en la ciudad de Oaxaca de Ju\u00e1rez, municipios conurbados y en regiones al interior del estado. En esta ocasi\u00f3n, ELORIENTE.NET comparte cinco vacantes para abogados. 1. [&#8230;]<\/p>\n<p>July 1, 2014<\/p>\n<p><a title=\"Permalink to Oaxaca califica sexto nacional en Trabajo; 31 en Educaci\u00f3n: OCDE\" href=\"http:\/\/www.eloriente.net\/home\/2014\/06\/25\/trabajo-y-medio-ambiente-contribuyen-al-bienestar-de-oaxaca\/\" rel=\"bookmark\">Oaxaca califica sexto nacional en Trabajo; 31 en Educaci\u00f3n: OCDE<\/a><\/p>\n<p><a href=\"http:\/\/www.eloriente.net\/home\/2014\/06\/25\/trabajo-y-medio-ambiente-contribuyen-al-bienestar-de-oaxaca\/\" rel=\"bookmark\"><img decoding=\"async\" title=\"Oaxaca califica sexto nacional en Trabajo; 31 en Educaci\u00f3n: OCDE\" src=\"http:\/\/www.eloriente.net\/home\/wp-content\/themes\/city-desk\/timthumb.php?src=http%3A%2F%2Fwww.eloriente.net%2Fhome%2Fwp-content%2Fuploads%2F2014%2F06%2FBienestar-principal-Oaxaca.jpg&amp;q=90&amp;w=160&amp;h=106&amp;zc=1\" alt=\"Oaxaca califica sexto nacional en Trabajo; 31 en Educaci\u00f3n: OCDE\" \/><\/a><\/p>\n<p>eloriente.net 25\/junio\/2014 La\u00a0Organizaci\u00f3n para la Cooperaci\u00f3n y el Desarrollo Econ\u00f3mico (OCDE) present\u00f3 recientemente su programa \u201cBienestar regional, \u00edndice para una vida mejor\u201d, una plataforma interactiva que permite conocer la percepci\u00f3n ciudadana en 362 regiones del mundo, principalmente en Norteam\u00e9rica y Europa, sobre la calidad y condiciones en las que viven. En la p\u00e1gina de internet [&#8230;]<\/p>\n<p>June 25, 2014<\/p>\n<p><a title=\"Permalink to Alianza del Pac\u00edfico otorgar\u00e1 300 visas de trabajo a j\u00f3venes\" href=\"http:\/\/www.eloriente.net\/home\/2014\/06\/24\/alianza-pacifico-otorgara-300-visas-de-trabajo-a-jovenes\/\" rel=\"bookmark\">Alianza del Pac\u00edfico otorgar\u00e1 300 visas de trabajo a j\u00f3venes<\/a><\/p>\n<p><a href=\"http:\/\/www.eloriente.net\/home\/2014\/06\/24\/alianza-pacifico-otorgara-300-visas-de-trabajo-a-jovenes\/\" rel=\"bookmark\"><img decoding=\"async\" title=\"Alianza del Pac\u00edfico otorgar\u00e1 300 visas de trabajo a j\u00f3venes\" src=\"http:\/\/www.eloriente.net\/home\/wp-content\/themes\/city-desk\/timthumb.php?src=http%3A%2F%2Fwww.eloriente.net%2Fhome%2Fwp-content%2Fuploads%2F2014%2F06%2FAlianza-Por-SRE.jpg&amp;q=90&amp;w=160&amp;h=106&amp;zc=1\" alt=\"Alianza del Pac\u00edfico otorgar\u00e1 300 visas de trabajo a j\u00f3venes\" \/><\/a><\/p>\n<p>eloriente.net 24\/junio\/2014 En el marco de la\u00a0IX Cumbre de la Alianza del Pac\u00edfico, los gobiernos de M\u00e9xico, Colombia, Per\u00fa y Chile acordaron otorgar un total de 300 visas anuales por pa\u00eds para j\u00f3venes de entre 18 y 30 a\u00f1os para visitar alguno de los cuatro pa\u00edses y al mismo tiempo, trabajar para obtener los recursos [&#8230;]<\/p>\n<p>June 24, 2014<\/p>\n\n\t\t\t  <div \n\t\t\t  \tclass = \"fb-comments\" \n\t\t\t  \tdata-href = \"https:\/\/www.eloriente.net\/home\/2014\/07\/02\/se-inaugura-feria-del-empleo-para-jovenes-2014-en-oaxaca\/\"\n\t\t\t  \tdata-numposts = \"10\"\n\t\t\t\tdata-colorscheme = \"dark\"\n\t\t\t\tdata-order-by = \"social\"\n\t\t\t\tdata-mobile=true>\n\t\t\t  <\/div>\n\t\t  <style>\n\t\t\t.fb_iframe_widget_fluid_desktop iframe {\n\t\t\t    width: 100% !important;\n\t\t\t}\n\t\t  <\/style>\n\t\t  ","protected":false},"excerpt":{"rendered":"<p>eloriente.net\/Municipio de Oaxaca 2\/julio\/2014 El Secretario T\u00e9cnico del ayuntamiento capitalino, Mario Arturo Mendoza Flores, dio la bienvenida a los participantes de la Feria de Empleo para J\u00f3venes 2014, que se realiza este mi\u00e9rcoles 2 de julio en la Plaza de la Danza, otorgando una oferta laboral de mil 300 vacantes a trav\u00e9s de 46 empresas [&hellip;]<\/p>\n","protected":false},"author":26,"featured_media":28809,"comment_status":"open","ping_status":"open","sticky":false,"template":"","format":"standard","meta":{"_jetpack_memberships_contains_paid_content":false,"footnotes":""},"categories":[1588,32,63,10,464,21,19,84],"tags":[252,215,638,1827,190,367,889],"class_list":["post-28808","post","type-post","status-publish","format-standard","has-post-thumbnail","hentry","category-comunicados-y-boletines","category-entradas","category-estados","category-lo-mas-reciente","category-oaxaca-estados","category-politica-y-gobierno","category-turismo-y-negocios","category-universidades","tag-economia","tag-empleo","tag-empresas","tag-ferio","tag-jovenes","tag-municipio","tag-vacantes"],"jetpack_featured_media_url":"https:\/\/www.eloriente.net\/home\/wp-content\/uploads\/2014\/07\/Feria-del-empleo-Por-Municipio.jpg","jetpack_sharing_enabled":true,"_links":{"self":[{"href":"https:\/\/www.eloriente.net\/home\/wp-json\/wp\/v2\/posts\/28808"}],"collection":[{"href":"https:\/\/www.eloriente.net\/home\/wp-json\/wp\/v2\/posts"}],"about":[{"href":"https:\/\/www.eloriente.net\/home\/wp-json\/wp\/v2\/types\/post"}],"author":[{"embeddable":true,"href":"https:\/\/www.eloriente.net\/home\/wp-json\/wp\/v2\/users\/26"}],"replies":[{"embeddable":true,"href":"https:\/\/www.eloriente.net\/home\/wp-json\/wp\/v2\/comments?post=28808"}],"version-history":[{"count":2,"href":"https:\/\/www.eloriente.net\/home\/wp-json\/wp\/v2\/posts\/28808\/revisions"}],"predecessor-version":[{"id":28811,"href":"https:\/\/www.eloriente.net\/home\/wp-json\/wp\/v2\/posts\/28808\/revisions\/28811"}],"wp:featuredmedia":[{"embeddable":true,"href":"https:\/\/www.eloriente.net\/home\/wp-json\/wp\/v2\/media\/28809"}],"wp:attachment":[{"href":"https:\/\/www.eloriente.net\/home\/wp-json\/wp\/v2\/media?parent=28808"}],"wp:term":[{"taxonomy":"category","embeddable":true,"href":"https:\/\/www.eloriente.net\/home\/wp-json\/wp\/v2\/categories?post=28808"},{"taxonomy":"post_tag","embeddable":true,"href":"https:\/\/www.eloriente.net\/home\/wp-json\/wp\/v2\/tags?post=28808"}],"curies":[{"name":"wp","href":"https:\/\/api.w.org\/{rel}","templated":true}]}}