{"id":29079,"date":"2014-07-07T00:15:37","date_gmt":"2014-07-07T06:15:37","guid":{"rendered":"http:\/\/www.eloriente.net\/home\/?p=29079"},"modified":"2014-07-06T22:56:22","modified_gmt":"2014-07-07T04:56:22","slug":"disponibles-vacantes-de-secretarios-de-acuerdos-de-juzgados","status":"publish","type":"post","link":"https:\/\/www.eloriente.net\/home\/2014\/07\/07\/disponibles-vacantes-de-secretarios-de-acuerdos-de-juzgados\/","title":{"rendered":"Disponibles vacantes de secretarios de acuerdos de juzgados"},"content":{"rendered":"<p>eloriente.net\/<a href=\"http:\/\/www.tribunaloax.gob.mx\" target=\"_blank\">TSJ<\/a><\/p>\n<p>7\/julio\/2014<\/p>\n<p><strong>El magistrado Alfredo Rodrigo Lagunas Rivera inform\u00f3 que pueden concursar profesionales del Derecho que no pertenezcan al Poder Judicial<\/strong><\/p>\n<p>Ante las necesidades actuales de servicio en el Poder Judicial del Estado, el Consejo de la Judicatura emiti\u00f3 una convocatoria p\u00fablica para el concurso de oposici\u00f3n a la designaci\u00f3n de secretarios de acuerdos de juzgado, con la finalidad de cubrir hasta 58 plazas vacantes conforme a las posibilidades presupuestales, anunci\u00f3 el titular de la instituci\u00f3n, magistrado Alfredo Rodrigo Lagunas Rivera.<\/p>\n<p>Indic\u00f3 que en este riguroso proceso, que se rige bajo los principios de equidad y transparencia, se espera una amplia participaci\u00f3n tanto de profesionistas externos como del personal judicial que se ha preparado y actualizado de manera constante en la b\u00fasqueda por promoverse y acceder a mejores oportunidades escalafonarias.<\/p>\n<p>En este sentido explic\u00f3 que la convocatoria va dirigida a los secretarios judiciales eventuales que ya se encuentran en funciones, al igual que abogados litigantes, acad\u00e9micos, as\u00ed como profesionales del Derecho que se desempe\u00f1en en otras instituciones externas a la administraci\u00f3n de justicia.<\/p>\n<p>El magistrado Lagunas Rivera apunt\u00f3 que el concurso consta de tres etapas: en la primera se realizar\u00e1 el an\u00e1lisis de los curr\u00edculum vitae que los aspirantes exhiban y de las constancias que acrediten lo relacionado en tal documento; la segunda ser\u00e1 referente a la fase de conocimiento, la cual abarcar\u00e1 ex\u00e1menes te\u00f3rico-pr\u00e1ctico y oral; y la tercera comprender\u00e1 el desarrollo de un curso de especializaci\u00f3n de tres meses.<\/p>\n<p>Asimismo, destac\u00f3 la relevante labor que desempe\u00f1an dentro del Poder Judicial los secretarios de acuerdo al tener bajo su responsabilidad proyectos de acuerdo, la autorizaci\u00f3n de exhortos, actas, diligencias y resoluciones, as\u00ed como el cuidado de los expedientes, entre otras funciones.<\/p>\n<p>De acuerdo con las bases de la convocatoria, los participantes deben tener m\u00e1s de 23 a\u00f1os y menos de 60, contar con t\u00edtulo y c\u00e9dula profesional de licenciado en Derecho, m\u00ednimo tres a\u00f1os de experiencia en pr\u00e1ctica forense y presentar y aprobar un examen de oposici\u00f3n te\u00f3rico-pr\u00e1ctico y oral en sesi\u00f3n p\u00fablica ante los integrantes de la Comisi\u00f3n de Carrera Judicial del Consejo de la Judicatura.<\/p>\n<p>Las personas interesadas pueden consultar a detalle los requisitos en la p\u00e1gina web <a href=\"http:\/\/www.tribunaloax.gob.mx\">www.tribunaloax.gob.mx<\/a> secci\u00f3n convocatorias y entregar sus documentos a m\u00e1s tardar el viernes 11 de julio pr\u00f3ximo, en la oficial\u00eda de Partes del Consejo de la Judicatura del Poder Judicial del Estado, con domicilio en Sabinos n\u00famero 106, Colonia Reforma, de la ciudad de Oaxaca de Ju\u00e1rez, en un horario de 9:00 a 16:00 horas.<\/p>\n<p>&nbsp;<\/p>\n<p><a href=\"http:\/\/www.eloriente.net\/home\/wp-content\/uploads\/2014\/05\/Alfredo-Lagunas-Por-TSJ.jpg\"><img loading=\"lazy\" decoding=\"async\" class=\"alignnone size-medium wp-image-25841\" title=\"Alfredo Lagunas-Por TSJ\" src=\"http:\/\/www.eloriente.net\/home\/wp-content\/uploads\/2014\/05\/Alfredo-Lagunas-Por-TSJ-300x235.jpg\" alt=\"\" width=\"300\" height=\"235\" srcset=\"https:\/\/www.eloriente.net\/home\/wp-content\/uploads\/2014\/05\/Alfredo-Lagunas-Por-TSJ-300x235.jpg 300w, https:\/\/www.eloriente.net\/home\/wp-content\/uploads\/2014\/05\/Alfredo-Lagunas-Por-TSJ.jpg 690w\" sizes=\"(max-width: 300px) 100vw, 300px\" \/><\/a><\/p>\n<p>Foto: TSJ<\/p>\n<p>&nbsp;<\/p>\n<p><strong>Entradas relacionadas:<\/strong><\/p>\n<p><a title=\"Permalink to Culmina formaci\u00f3n te\u00f3rica de aspirantes a jueces del NSJP\" href=\"http:\/\/www.eloriente.net\/home\/2014\/07\/04\/culmina-formacion-teorica-de-aspirantes-a-jueces-del-nsjp\/\" rel=\"bookmark\">Culmina formaci\u00f3n te\u00f3rica de aspirantes a jueces del NSJP<\/a><\/p>\n<p><a href=\"http:\/\/www.eloriente.net\/home\/2014\/07\/04\/culmina-formacion-teorica-de-aspirantes-a-jueces-del-nsjp\/\" rel=\"bookmark\"><img decoding=\"async\" title=\"Culmina formaci\u00f3n te\u00f3rica de aspirantes a jueces del NSJP\" src=\"http:\/\/www.eloriente.net\/home\/wp-content\/themes\/city-desk\/timthumb.php?src=http%3A%2F%2Fwww.eloriente.net%2Fhome%2Fwp-content%2Fuploads%2F2014%2F07%2FJuicios-Orales-Por-TSJ.jpg&amp;q=90&amp;w=160&amp;h=106&amp;zc=1\" alt=\"Culmina formaci\u00f3n te\u00f3rica de aspirantes a jueces del NSJP\" \/><\/a><\/p>\n<p>eloriente.net\/TSJ 4\/julio\/2014\u00a0 De 28 abogados que iniciaron el curso de formaci\u00f3n para aspirantes al cargo de jueces del sistema penal, \u00fanicamente 19 contin\u00faan en el proceso de selecci\u00f3n. Luego de 21 semanas continuas de intenso estudio y dedicaci\u00f3n, este viernes culmina la etapa de aprendizaje y evaluaci\u00f3n te\u00f3rica de los alumnos inscritos en el curso [&#8230;]<\/p>\n<p>July 4, 2014<\/p>\n<div id=\"post-28689\">\n<p><a title=\"Permalink to Ratifican justicia en pro de las garant\u00edas individuales\" href=\"http:\/\/www.eloriente.net\/home\/2014\/06\/30\/ratifican-justicia-en-pro-de-las-garantias-individuales\/\" rel=\"bookmark\">Ratifican justicia en pro de las garant\u00edas individuales<\/a><\/p>\n<p><a href=\"http:\/\/www.eloriente.net\/home\/2014\/06\/30\/ratifican-justicia-en-pro-de-las-garantias-individuales\/\" rel=\"bookmark\"><img decoding=\"async\" title=\"Ratifican justicia en pro de las garant\u00edas individuales\" src=\"http:\/\/www.eloriente.net\/home\/wp-content\/themes\/city-desk\/timthumb.php?src=http%3A%2F%2Fwww.eloriente.net%2Fhome%2Fwp-content%2Fuploads%2F2014%2F06%2FCapacitacio%CC%81n-Por-TSJ.jpg&amp;q=90&amp;w=160&amp;h=106&amp;zc=1\" alt=\"Ratifican justicia en pro de las garant\u00edas individuales\" \/><\/a><\/p>\n<p>eloriente.net\/TSJ 30\/junio\/2014 El titular del Poder Judicial del Estado, magistrado Alfredo Rodrigo Lagunas Rivera, afirm\u00f3 que en la instituci\u00f3n se construye una nueva visi\u00f3n para establecer y aplicar criterios apegados a la legalidad y al respeto irrestricto de las garant\u00edas y libertades fundamentales, ya que la verdadera reforma debe estar en cada servidor p\u00fablico y [&#8230;]<\/p>\n<p>June 30, 2014<\/p>\n<\/div>\n<div id=\"post-28606\">\n<p><a title=\"Permalink to Implementan medidas para contrarrestar bullying en escuelas\" href=\"http:\/\/www.eloriente.net\/home\/2014\/06\/28\/implementan-medidas-para-contrarrestar-bullying-en-escuelas\/\" rel=\"bookmark\">Implementan medidas para contrarrestar bullying en escuelas<\/a><\/p>\n<p><a href=\"http:\/\/www.eloriente.net\/home\/2014\/06\/28\/implementan-medidas-para-contrarrestar-bullying-en-escuelas\/\" rel=\"bookmark\"><img decoding=\"async\" title=\"Implementan medidas para contrarrestar bullying en escuelas\" src=\"http:\/\/www.eloriente.net\/home\/wp-content\/themes\/city-desk\/timthumb.php?src=http%3A%2F%2Fwww.eloriente.net%2Fhome%2Fwp-content%2Fuploads%2F2014%2F06%2FMediaci%C3%B3n-Por-TSJ.jpg&amp;q=90&amp;w=160&amp;h=106&amp;zc=1\" alt=\"Implementan medidas para contrarrestar bullying en escuelas\" \/><\/a><\/p>\n<p>eloriente.net\/TSJ 28\/junio\/2014 Personal del Centro de Justicia Alternativa llevar\u00e1 a cabo obras de teatro y actividades manuales en escuelas de nivel preescolar y primaria. Para promover la sana convivencia, prevenir el bullying y dar a conocer la mediaci\u00f3n como alternativa para la soluci\u00f3n de conflictos escolares, el Centro de Justicia Alternativa del Poder Judicial del [&#8230;]<\/p>\n<p>June 28, 2014<\/p>\n<\/div>\n\n\t\t\t  <div \n\t\t\t  \tclass = \"fb-comments\" \n\t\t\t  \tdata-href = \"https:\/\/www.eloriente.net\/home\/2014\/07\/07\/disponibles-vacantes-de-secretarios-de-acuerdos-de-juzgados\/\"\n\t\t\t  \tdata-numposts = \"10\"\n\t\t\t\tdata-colorscheme = \"dark\"\n\t\t\t\tdata-order-by = \"social\"\n\t\t\t\tdata-mobile=true>\n\t\t\t  <\/div>\n\t\t  <style>\n\t\t\t.fb_iframe_widget_fluid_desktop iframe {\n\t\t\t    width: 100% !important;\n\t\t\t}\n\t\t  <\/style>\n\t\t  ","protected":false},"excerpt":{"rendered":"<p>eloriente.net\/TSJ 7\/julio\/2014 El magistrado Alfredo Rodrigo Lagunas Rivera inform\u00f3 que pueden concursar profesionales del Derecho que no pertenezcan al Poder Judicial Ante las necesidades actuales de servicio en el Poder Judicial del Estado, el Consejo de la Judicatura emiti\u00f3 una convocatoria p\u00fablica para el concurso de oposici\u00f3n a la designaci\u00f3n de secretarios de acuerdos de [&hellip;]<\/p>\n","protected":false},"author":26,"featured_media":25841,"comment_status":"open","ping_status":"open","sticky":false,"template":"","format":"standard","meta":{"_jetpack_memberships_contains_paid_content":false,"footnotes":""},"categories":[1588,26,32,63,10,464,21],"tags":[1273,1884,997,915,164,1883,889],"class_list":["post-29079","post","type-post","status-publish","format-standard","has-post-thumbnail","hentry","category-comunicados-y-boletines","category-convocatorias","category-entradas","category-estados","category-lo-mas-reciente","category-oaxaca-estados","category-politica-y-gobierno","tag-abogados","tag-acuerdos","tag-convocatoria","tag-juzgados","tag-poder-judicial","tag-secretarios","tag-vacantes"],"jetpack_featured_media_url":"https:\/\/www.eloriente.net\/home\/wp-content\/uploads\/2014\/05\/Alfredo-Lagunas-Por-TSJ.jpg","jetpack_sharing_enabled":true,"_links":{"self":[{"href":"https:\/\/www.eloriente.net\/home\/wp-json\/wp\/v2\/posts\/29079"}],"collection":[{"href":"https:\/\/www.eloriente.net\/home\/wp-json\/wp\/v2\/posts"}],"about":[{"href":"https:\/\/www.eloriente.net\/home\/wp-json\/wp\/v2\/types\/post"}],"author":[{"embeddable":true,"href":"https:\/\/www.eloriente.net\/home\/wp-json\/wp\/v2\/users\/26"}],"replies":[{"embeddable":true,"href":"https:\/\/www.eloriente.net\/home\/wp-json\/wp\/v2\/comments?post=29079"}],"version-history":[{"count":3,"href":"https:\/\/www.eloriente.net\/home\/wp-json\/wp\/v2\/posts\/29079\/revisions"}],"predecessor-version":[{"id":29081,"href":"https:\/\/www.eloriente.net\/home\/wp-json\/wp\/v2\/posts\/29079\/revisions\/29081"}],"wp:featuredmedia":[{"embeddable":true,"href":"https:\/\/www.eloriente.net\/home\/wp-json\/wp\/v2\/media\/25841"}],"wp:attachment":[{"href":"https:\/\/www.eloriente.net\/home\/wp-json\/wp\/v2\/media?parent=29079"}],"wp:term":[{"taxonomy":"category","embeddable":true,"href":"https:\/\/www.eloriente.net\/home\/wp-json\/wp\/v2\/categories?post=29079"},{"taxonomy":"post_tag","embeddable":true,"href":"https:\/\/www.eloriente.net\/home\/wp-json\/wp\/v2\/tags?post=29079"}],"curies":[{"name":"wp","href":"https:\/\/api.w.org\/{rel}","templated":true}]}}