{"id":29216,"date":"2014-07-09T12:24:35","date_gmt":"2014-07-09T18:24:35","guid":{"rendered":"http:\/\/www.eloriente.net\/home\/?p=29216"},"modified":"2014-07-09T15:05:17","modified_gmt":"2014-07-09T21:05:17","slug":"recuerdo-a-3-anos-de-muerte-de-facundo-cabral","status":"publish","type":"post","link":"https:\/\/www.eloriente.net\/home\/2014\/07\/09\/recuerdo-a-3-anos-de-muerte-de-facundo-cabral\/","title":{"rendered":"Recuerdo a 3 a\u00f1os de muerte de Facundo Cabral"},"content":{"rendered":"<p>eloriente.net<\/p>\n<p>9 de julio de 2014<\/p>\n<p>&nbsp;<\/p>\n<p><iframe loading=\"lazy\" src=\"\/\/www.youtube.com\/embed\/YhtUvkQRrPc\" frameborder=\"0\" width=\"420\" height=\"315\"><\/iframe><\/p>\n<p>&nbsp;<\/p>\n<p>El 9 de julio de 2011 muere Facundo Cabral. Uno de los cantautores m\u00e1s importantes de la lengua castellana.<\/p>\n<p>Naci\u00f3 el 22 de mayo de 1937 en La Plata, Buenos Aires. Su muerte, sucedi\u00f3 el 9 de julio hace tres a\u00f1os en la ciudad de Guatemala, mientras se trasladaba con el empresario Henry Fari\u00f1a al Aeropuerto citadino para continuar una gira por centroam\u00e9rica. Su \u00faltima actuaci\u00f3n, por tanto, se tiene registrada el jueves 7 de julio de 2011 en el Teatro Roma en Quetzaltenango.<\/p>\n<p>El fallecimiento se deriva de un tiroteo presuntamente dirigido al empresario, y cuya responsabilidad se atribuye a un criminal de nombre Alejandro Jim\u00e9nez. La revista Gatopardo efect\u00faa una<a href=\"http:\/\/www.gatopardo.com\/ReportajesGP.php?R=173\" target=\"_blank\"> cr\u00f3nica completa<\/a> sobre el tema.<\/p>\n<p>Este d\u00eda, te enlazamos el video de un concierto de la gira. En cuyo prefacio se escucha: \u00abMe gusta recordarles que vale la pena vivir. Y que vale la pena ser felices porque para eso decimos, a pesar de tanto imbecil y corrupto y envenedador. Adem\u00e1s no le crean a estos fatalistas que viven solamente de la enfermedad\u00bb.<\/p>\n<p>Recuerda tambi\u00e9n: \u00abEl primero de enero de 1960 sub\u00ed por primera vez, y casi por accidente, a un escenario en Argentina. Y no sospech\u00e9 que iban a ser 51 a\u00f1os maravillosos\u00bb,\u00a0 dice Facundo en este video, que seg\u00fan su descripci\u00f3n fue \u00abgrabado en vivo la noche del martes 5 de julio del a\u00f1o 2011 en el Teatro Roma de la ciudad de Quezaltenango, Guatemala, en donde se realiz\u00f3 el ultimo concierto de Facundo Cabral frente a 5,000 guatemaltecos\u00bb.<\/p>\n<p>\u00abPara hacer el amor hab\u00eda que casarse\u00bb, bromeaba Facundo aquella noche.<\/p>\n<p>Un recuerdo de ELORIENTE.NET para quien nos ense\u00f1\u00f3 que las cosas se hacen por amor o no se hacen.<\/p>\n<p>&nbsp;<\/p>\n<p><iframe loading=\"lazy\" src=\"\/\/www.youtube.com\/embed\/jIoSQ_UrPgw\" frameborder=\"0\" width=\"420\" height=\"315\"><\/iframe><\/p>\n<p>&nbsp;<\/p>\n<p><iframe loading=\"lazy\" src=\"\/\/www.youtube.com\/embed\/OhSDgYKIduI\" frameborder=\"0\" width=\"420\" height=\"315\"><\/iframe><\/p>\n<p>&nbsp;<\/p>\n<p><a href=\"http:\/\/www.eloriente.net\/home\/wp-content\/uploads\/2014\/07\/@facundo-cabral-inolvidable.jpg\"><img loading=\"lazy\" decoding=\"async\" class=\"alignnone size-medium wp-image-29228\" title=\"@facundo cabral, inolvidable\" src=\"http:\/\/www.eloriente.net\/home\/wp-content\/uploads\/2014\/07\/@facundo-cabral-inolvidable-300x300.jpg\" alt=\"\" width=\"300\" height=\"300\" srcset=\"https:\/\/www.eloriente.net\/home\/wp-content\/uploads\/2014\/07\/@facundo-cabral-inolvidable-300x300.jpg 300w, https:\/\/www.eloriente.net\/home\/wp-content\/uploads\/2014\/07\/@facundo-cabral-inolvidable-150x150.jpg 150w, https:\/\/www.eloriente.net\/home\/wp-content\/uploads\/2014\/07\/@facundo-cabral-inolvidable-50x50.jpg 50w, https:\/\/www.eloriente.net\/home\/wp-content\/uploads\/2014\/07\/@facundo-cabral-inolvidable.jpg 588w\" sizes=\"(max-width: 300px) 100vw, 300px\" \/><\/a><\/p>\n<p>Imagen: @FACUNDO CABRAL, INOLVIDABLE<\/p>\n<p>&nbsp;<\/p>\n<p><strong>Otras entradas:<\/strong><\/p>\n<p><a title=\"Permalink to Historia detr\u00e1s de la canci\u00f3n: \u201cTears in heaven\u201d de Eric Clapton\" href=\"http:\/\/www.eloriente.net\/home\/2014\/07\/04\/historia-detras-de-la-cancion-tears-in-heaven-de-eric-clapton\/\" rel=\"bookmark\">Historia detr\u00e1s de la canci\u00f3n: \u201cTears in heaven\u201d de Eric Clapton<\/a><\/p>\n<p><a href=\"http:\/\/www.eloriente.net\/home\/2014\/07\/04\/historia-detras-de-la-cancion-tears-in-heaven-de-eric-clapton\/\" rel=\"bookmark\"><img decoding=\"async\" title=\"Historia detr\u00e1s de la canci\u00f3n: \u201cTears in heaven\u201d de Eric Clapton\" src=\"http:\/\/www.eloriente.net\/home\/wp-content\/themes\/city-desk\/timthumb.php?src=http%3A%2F%2Fwww.eloriente.net%2Fhome%2Fwp-content%2Fuploads%2F2014%2F07%2FEric_Clapton-Por-Wikimedia.jpg&amp;q=90&amp;w=160&amp;h=106&amp;zc=1\" alt=\"Historia detr\u00e1s de la canci\u00f3n: \u201cTears in heaven\u201d de Eric Clapton\" \/><\/a><\/p>\n<p>eloriente.net 4\/julio\/2014 \u201cTears in heaven\u201d del cantante y compositor brit\u00e1nico, Eric Clapton, tiene detr\u00e1s una tr\u00e1gica historia que inspir\u00f3 al tambi\u00e9n guitarrista a componer una de las\u00a0500 mejores canciones de todos los tiempos. La balada ocupa el puesto 353 del ranking de la revista Rolling Stone. En sus estrofas, Clapton le canta a la memoria [&#8230;]<\/p>\n<p>July 4, 2014<\/p>\n<p><a title=\"Permalink to 14\/Julio\/2014 Inicia \u201cVerano MUFI 2014: Una traves\u00eda postal por Oaxaca\u201d\" href=\"http:\/\/www.eloriente.net\/home\/2014\/06\/30\/14julio2014-inicia-verano-mufi-2014-una-travesia-postal-por-oaxaca\/\" rel=\"bookmark\">14\/Julio\/2014 Inicia \u201cVerano MUFI 2014: Una traves\u00eda postal por Oaxaca\u201d<\/a><\/p>\n<p><a href=\"http:\/\/www.eloriente.net\/home\/2014\/06\/30\/14julio2014-inicia-verano-mufi-2014-una-travesia-postal-por-oaxaca\/\" rel=\"bookmark\"><img decoding=\"async\" title=\"14\/Julio\/2014 Inicia \u201cVerano MUFI 2014: Una traves\u00eda postal por Oaxaca\u201d\" src=\"http:\/\/www.eloriente.net\/home\/wp-content\/themes\/city-desk\/timthumb.php?src=http%3A%2F%2Fwww.eloriente.net%2Fhome%2Fwp-content%2Fuploads%2F2014%2F06%2FVerano-Por-MUFI.jpg&amp;q=90&amp;w=160&amp;h=106&amp;zc=1\" alt=\"14\/Julio\/2014 Inicia \u201cVerano MUFI 2014: Una traves\u00eda postal por Oaxaca\u201d\" \/><\/a><\/p>\n<p>eloriente.net\/MUFI 30\/junio\/2014 El Museo de Filatelia (MUFI) invita a los peque\u00f1os del hogar, entre 8 y 12 a\u00f1os, a participar en el curso \u201cVerano MUFI 2014: Una traves\u00eda postal por Oaxaca\u201d, el cual se llevar\u00e1 a cabo a partir del d\u00eda 14 de julio hasta el 16 de agosto de 2014. En un horario de [&#8230;]<\/p>\n<p>June 30, 2014<\/p>\n<p><a title=\"Permalink to Cr\u00f3nicas beisboleras: Jaime Brena N\u00fa\u00f1ez\" href=\"http:\/\/www.eloriente.net\/home\/2014\/06\/30\/cronicas-beisboleras-jaime-brena-nunez\/\" rel=\"bookmark\">Cr\u00f3nicas beisboleras: Jaime Brena N\u00fa\u00f1ez<\/a><\/p>\n<p><a href=\"http:\/\/www.eloriente.net\/home\/2014\/06\/30\/cronicas-beisboleras-jaime-brena-nunez\/\" rel=\"bookmark\"><img decoding=\"async\" title=\"Cr\u00f3nicas beisboleras: Jaime Brena N\u00fa\u00f1ez\" src=\"http:\/\/www.eloriente.net\/home\/wp-content\/themes\/city-desk\/timthumb.php?src=http%3A%2F%2Fwww.eloriente.net%2Fhome%2Fwp-content%2Fuploads%2F2014%2F06%2FStephen_Strasburg-Por-Wikimedia.jpg&amp;q=90&amp;w=160&amp;h=106&amp;zc=1\" alt=\"Cr\u00f3nicas beisboleras: Jaime Brena N\u00fa\u00f1ez\" \/><\/a><\/p>\n<p>eloriente.net 30\/junio\/2014 Por:\u00a0Jaime Palau Ranz La pregunta \u00bfSabe usted que par de r\u00e9cords posee Stephen Strasburg en Grandes Ligas? La respuesta al final de la columna. Jaime Brena N\u00fa\u00f1ez \u201cEl puma de la monta\u00f1a azul\u201d como le apod\u00f3 el profesor Jes\u00fas de la Cruz, tambi\u00e9n le llam\u00f3 el fallecido locutor de radio y narrador de [&#8230;]<\/p>\n<p>June 30, 2014<\/p>\n\n\t\t\t  <div \n\t\t\t  \tclass = \"fb-comments\" \n\t\t\t  \tdata-href = \"https:\/\/www.eloriente.net\/home\/2014\/07\/09\/recuerdo-a-3-anos-de-muerte-de-facundo-cabral\/\"\n\t\t\t  \tdata-numposts = \"10\"\n\t\t\t\tdata-colorscheme = \"dark\"\n\t\t\t\tdata-order-by = \"social\"\n\t\t\t\tdata-mobile=true>\n\t\t\t  <\/div>\n\t\t  <style>\n\t\t\t.fb_iframe_widget_fluid_desktop iframe {\n\t\t\t    width: 100% !important;\n\t\t\t}\n\t\t  <\/style>\n\t\t  ","protected":false},"excerpt":{"rendered":"<p>eloriente.net 9 de julio de 2014 &nbsp; &nbsp; El 9 de julio de 2011 muere Facundo Cabral. Uno de los cantautores m\u00e1s importantes de la lengua castellana. Naci\u00f3 el 22 de mayo de 1937 en La Plata, Buenos Aires. Su muerte, sucedi\u00f3 el 9 de julio hace tres a\u00f1os en la ciudad de Guatemala, mientras [&hellip;]<\/p>\n","protected":false},"author":1,"featured_media":29228,"comment_status":"open","ping_status":"open","sticky":false,"template":"","format":"standard","meta":{"_jetpack_memberships_contains_paid_content":false,"footnotes":""},"categories":[5,18,32,10],"tags":[],"class_list":["post-29216","post","type-post","status-publish","format-standard","has-post-thumbnail","hentry","category-canal-3-musica","category-educacion-y-cultura","category-entradas","category-lo-mas-reciente"],"jetpack_featured_media_url":"https:\/\/www.eloriente.net\/home\/wp-content\/uploads\/2014\/07\/@facundo-cabral-inolvidable.jpg","jetpack_sharing_enabled":true,"_links":{"self":[{"href":"https:\/\/www.eloriente.net\/home\/wp-json\/wp\/v2\/posts\/29216"}],"collection":[{"href":"https:\/\/www.eloriente.net\/home\/wp-json\/wp\/v2\/posts"}],"about":[{"href":"https:\/\/www.eloriente.net\/home\/wp-json\/wp\/v2\/types\/post"}],"author":[{"embeddable":true,"href":"https:\/\/www.eloriente.net\/home\/wp-json\/wp\/v2\/users\/1"}],"replies":[{"embeddable":true,"href":"https:\/\/www.eloriente.net\/home\/wp-json\/wp\/v2\/comments?post=29216"}],"version-history":[{"count":4,"href":"https:\/\/www.eloriente.net\/home\/wp-json\/wp\/v2\/posts\/29216\/revisions"}],"predecessor-version":[{"id":29230,"href":"https:\/\/www.eloriente.net\/home\/wp-json\/wp\/v2\/posts\/29216\/revisions\/29230"}],"wp:featuredmedia":[{"embeddable":true,"href":"https:\/\/www.eloriente.net\/home\/wp-json\/wp\/v2\/media\/29228"}],"wp:attachment":[{"href":"https:\/\/www.eloriente.net\/home\/wp-json\/wp\/v2\/media?parent=29216"}],"wp:term":[{"taxonomy":"category","embeddable":true,"href":"https:\/\/www.eloriente.net\/home\/wp-json\/wp\/v2\/categories?post=29216"},{"taxonomy":"post_tag","embeddable":true,"href":"https:\/\/www.eloriente.net\/home\/wp-json\/wp\/v2\/tags?post=29216"}],"curies":[{"name":"wp","href":"https:\/\/api.w.org\/{rel}","templated":true}]}}