{"id":29266,"date":"2014-07-10T08:10:49","date_gmt":"2014-07-10T14:10:49","guid":{"rendered":"http:\/\/www.eloriente.net\/home\/?p=29266"},"modified":"2014-07-10T12:11:51","modified_gmt":"2014-07-10T18:11:51","slug":"jovenes-felices","status":"publish","type":"post","link":"https:\/\/www.eloriente.net\/home\/2014\/07\/10\/jovenes-felices\/","title":{"rendered":"J\u00f3venes \u00bfFelices?"},"content":{"rendered":"<p>eloriente.net<\/p>\n<p>10\/julio\/2014<\/p>\n<p style=\"text-align: right\">Por: <a href=\"http:\/\/www.eloriente.net\/home\/category\/colaboradores\/alejandra-silva-soriano\/\" target=\"_blank\">Alejandra Silva Soriano<\/a><\/p>\n<p>El pasado viernes, durante la Segunda Sesi\u00f3n Ordinaria del Consejo Ciudadano de Seguimiento a Pol\u00edticas P\u00fablicas en Materia de Juventud del IMJUVE, tuvimos la oportunidad de conocer el trabajo que est\u00e1n realizando en la organizaci\u00f3n Imagina M\u00e9xico, A.C.<\/p>\n<p>Me sorprend\u00ed al saber que hay j\u00f3venes en M\u00e9xico generando informaci\u00f3n para saber d\u00f3nde estamos, hacia d\u00f3nde vamos y cu\u00e1les son los elementos que impactan en la felicidad de los mexicanos.<\/p>\n<p>Nos compartieron que en su organizaci\u00f3n buscan cambiar el paradigma de <em>bienestar<\/em>, generalmente concebido como sin\u00f3nimo de crecimiento econ\u00f3mico. Ellos est\u00e1n convencidos de que el verdadero significado de bienestar, debe ser gente satisfecha con su vida, gente feliz.<\/p>\n<p>El objetivo de generar informaci\u00f3n sobre el bienestar y la felicidad de las personas, es proporcionar las herramientas a gobiernos, ONG\u2019s, personas y empresas para una mejor toma de decisiones que les permita mejorar la calidad de vida de las personas.<\/p>\n<p>Por otro lado, nos compartieron un estudio que realizaron denominado \u201cVisiones de los j\u00f3venes en M\u00e9xico\u201d, el cual en base a una encuesta, analiza la satisfacci\u00f3n de vida que tiene este grupo poblacional.<\/p>\n<p>La importancia de estudiar la felicidad y satisfacci\u00f3n en los j\u00f3venes, responde al inter\u00e9s por saber qu\u00e9 necesita la juventud para ser feliz, ya que sin duda, esto abona a construir un futuro promisorio para la poblaci\u00f3n actual y las nuevas generaciones.<\/p>\n<p>El estudio consisti\u00f3 en 90 encuestas aplicadas en un sitio electr\u00f3nico del 01 al 17 de marzo de este a\u00f1o, dirigidas a personas entre 18 y 35 a\u00f1os de edad. Las preguntas fueron orientadas a saber la satisfacci\u00f3n de vida de los encuestados, sus afectos positivos y negativos, entre otros.<\/p>\n<p>Los resultados que arroj\u00f3 este an\u00e1lisis son bastante interesantes, pues reportan que el dominio de vida con el que se encuentran m\u00e1s satisfechos los j\u00f3venes es la familia, mientras que el que menos les satisface es el dominio que tienen sobre su tiempo libre.<\/p>\n<p>Por otro lado, con lo que me quedo, y que sin duda es motivo para seguir impulsando movimientos de j\u00f3venes en M\u00e9xico es lo siguiente:<\/p>\n<p>De cada 10 j\u00f3venes:<\/p>\n<p>\u2022 9 dijo que se sienten responsables de convertir al mundo en un mejor lugar para vivir.<\/p>\n<p>\u2022 8 dijo que sus tareas diarias son importantes para la sociedad.<\/p>\n<p>\u2022 7 inform\u00f3 que pasa mucho tiempo preocupados por el bienestar de la humanidad.<\/p>\n<p>\u2022 8 dijo que brindar\u00eda ayuda a un desconocido, casi sin dudarlo.<\/p>\n<p>\u00bfQu\u00e9 opinan? Que tengan una bonita semana, Dios nos siga bendiciendo y recuerden decir s\u00ed al redondeo en Oxxo, en favor de Una luz m\u00e1s en Oaxaca.<\/p>\n<p>&nbsp;<\/p>\n<p><a href=\"http:\/\/www.eloriente.net\/home\/wp-content\/uploads\/2012\/08\/juventud2.jpg\"><img loading=\"lazy\" decoding=\"async\" class=\"alignnone size-medium wp-image-1889\" src=\"http:\/\/www.eloriente.net\/home\/wp-content\/uploads\/2012\/08\/juventud2-300x225.jpg\" alt=\"\" width=\"300\" height=\"225\" srcset=\"https:\/\/www.eloriente.net\/home\/wp-content\/uploads\/2012\/08\/juventud2-300x225.jpg 300w, https:\/\/www.eloriente.net\/home\/wp-content\/uploads\/2012\/08\/juventud2.jpg 640w\" sizes=\"(max-width: 300px) 100vw, 300px\" \/><\/a><\/p>\n<p>&nbsp;<\/p>\n<p><strong>Entradas relacionadas:<\/strong><\/p>\n<p><a title=\"Permalink to \u00bfQu\u00e9 es Una luz m\u00e1s en Oaxaca?\" href=\"http:\/\/www.eloriente.net\/home\/2014\/07\/03\/que-es-una-luz-mas-en-oaxaca\/\" rel=\"bookmark\">\u00bfQu\u00e9 es Una luz m\u00e1s en Oaxaca?<\/a><\/p>\n<p><a href=\"http:\/\/www.eloriente.net\/home\/2014\/07\/03\/que-es-una-luz-mas-en-oaxaca\/\" rel=\"bookmark\"><img decoding=\"async\" src=\"http:\/\/www.eloriente.net\/home\/wp-content\/themes\/city-desk\/timthumb.php?src=http%3A%2F%2Fwww.eloriente.net%2Fhome%2Fwp-content%2Fuploads%2F2014%2F07%2FUna-luz-m%C3%A1s-en-Oaxaca.jpg&amp;q=90&amp;w=160&amp;h=106&amp;zc=1\" alt=\"\u00bfQu\u00e9 es Una luz m\u00e1s en Oaxaca?\" \/><\/a><\/p>\n<p>eloriente.net 3\/julio\/2014 Por: Alejandra Silva Soriano Hace ya cinco a\u00f1os y medio iniciamos con un sue\u00f1o: impulsar una mirada diferente hacia las personas con discapacidad, reconociendo que son seres humanos en igualdad de derechos y dignidad que todos dem\u00e1s. Pero \u00bfqu\u00e9 fue lo que origin\u00f3 Una luz m\u00e1s en Oaxaca, A.C.? A lo largo de [&#8230;]<\/p>\n<p>July 3, 2014<\/p>\n<div>\n<p><a title=\"Permalink to Inversi\u00f3n en capital humano\" href=\"http:\/\/www.eloriente.net\/home\/2014\/06\/26\/inversion-en-capital-humano\/\" rel=\"bookmark\">Inversi\u00f3n en capital humano<\/a><\/p>\n<p><a href=\"http:\/\/www.eloriente.net\/home\/2014\/06\/26\/inversion-en-capital-humano\/\" rel=\"bookmark\"><img decoding=\"async\" src=\"http:\/\/www.eloriente.net\/home\/wp-content\/themes\/city-desk\/timthumb.php?src=http%3A%2F%2Fwww.eloriente.net%2Fhome%2Fwp-content%2Fuploads%2F2013%2F12%2FDerechos-humanos.jpg&amp;q=90&amp;w=160&amp;h=106&amp;zc=1\" alt=\"Inversi\u00f3n en capital humano\" \/><\/a><\/p>\n<p>eloriente.net 26\/junio\/2014 Por: Alejandra Silva Soriano \u00bfPor qu\u00e9 invertir en las personas? \u00bfPor qu\u00e9 los recursos destinados a la poblaci\u00f3n y a proyectos sociales deben verse como una inversi\u00f3n y no como un gasto? Se\u00f1ala Bernardo Kliksberg, un economista argentino, referente en Latinoam\u00e9rica en temas de pobreza y responsabilidad social, que seg\u00fan datos del Banco [&#8230;]<\/p>\n<p>June 26, 2014<\/p>\n<\/div>\n<div>\n<p><a title=\"Permalink to La meritocracia\" href=\"http:\/\/www.eloriente.net\/home\/2014\/06\/19\/la-meritocracia\/\" rel=\"bookmark\">La meritocracia<\/a><\/p>\n<p><a href=\"http:\/\/www.eloriente.net\/home\/2014\/06\/19\/la-meritocracia\/\" rel=\"bookmark\"><img decoding=\"async\" src=\"http:\/\/www.eloriente.net\/home\/wp-content\/themes\/city-desk\/timthumb.php?src=http%3A%2F%2Fwww.eloriente.net%2Fhome%2Fwp-content%2Fuploads%2F2014%2F06%2FMedallas-Por-%40CONADE.jpg&amp;q=90&amp;w=160&amp;h=106&amp;zc=1\" alt=\"La meritocracia\" \/><\/a><\/p>\n<p>eloriente.net 19\/junio\/2014 Por: Alejandra Silva Soriano En estos d\u00edas, he estado leyendo un texto de Francois Dubet, titulado \u201cRepensar la Justicia Social\u201d, el cual se los recomiendo ampliamente, pues nos ayuda a reflexionar sobre la idea que tenemos de lo que es (o deber\u00eda ser) la justicia social. Es justo en esa lectura donde encontr\u00e9 [&#8230;]<\/p>\n<p>June 19, 2014<\/p>\n<\/div>\n\n\t\t\t  <div \n\t\t\t  \tclass = \"fb-comments\" \n\t\t\t  \tdata-href = \"https:\/\/www.eloriente.net\/home\/2014\/07\/10\/jovenes-felices\/\"\n\t\t\t  \tdata-numposts = \"10\"\n\t\t\t\tdata-colorscheme = \"dark\"\n\t\t\t\tdata-order-by = \"social\"\n\t\t\t\tdata-mobile=true>\n\t\t\t  <\/div>\n\t\t  <style>\n\t\t\t.fb_iframe_widget_fluid_desktop iframe {\n\t\t\t    width: 100% !important;\n\t\t\t}\n\t\t  <\/style>\n\t\t  ","protected":false},"excerpt":{"rendered":"<p>eloriente.net 10\/julio\/2014 Por: Alejandra Silva Soriano El pasado viernes, durante la Segunda Sesi\u00f3n Ordinaria del Consejo Ciudadano de Seguimiento a Pol\u00edticas P\u00fablicas en Materia de Juventud del IMJUVE, tuvimos la oportunidad de conocer el trabajo que est\u00e1n realizando en la organizaci\u00f3n Imagina M\u00e9xico, A.C. Me sorprend\u00ed al saber que hay j\u00f3venes en M\u00e9xico generando informaci\u00f3n [&hellip;]<\/p>\n","protected":false},"author":20,"featured_media":1889,"comment_status":"open","ping_status":"open","sticky":false,"template":"","format":"standard","meta":{"_jetpack_memberships_contains_paid_content":false,"footnotes":""},"categories":[72,11,18,32,10,21],"tags":[],"class_list":["post-29266","post","type-post","status-publish","format-standard","has-post-thumbnail","hentry","category-alejandra-silva-soriano","category-colaboradores","category-educacion-y-cultura","category-entradas","category-lo-mas-reciente","category-politica-y-gobierno"],"jetpack_featured_media_url":"https:\/\/www.eloriente.net\/home\/wp-content\/uploads\/2012\/08\/juventud2.jpg","jetpack_sharing_enabled":true,"_links":{"self":[{"href":"https:\/\/www.eloriente.net\/home\/wp-json\/wp\/v2\/posts\/29266"}],"collection":[{"href":"https:\/\/www.eloriente.net\/home\/wp-json\/wp\/v2\/posts"}],"about":[{"href":"https:\/\/www.eloriente.net\/home\/wp-json\/wp\/v2\/types\/post"}],"author":[{"embeddable":true,"href":"https:\/\/www.eloriente.net\/home\/wp-json\/wp\/v2\/users\/20"}],"replies":[{"embeddable":true,"href":"https:\/\/www.eloriente.net\/home\/wp-json\/wp\/v2\/comments?post=29266"}],"version-history":[{"count":3,"href":"https:\/\/www.eloriente.net\/home\/wp-json\/wp\/v2\/posts\/29266\/revisions"}],"predecessor-version":[{"id":29272,"href":"https:\/\/www.eloriente.net\/home\/wp-json\/wp\/v2\/posts\/29266\/revisions\/29272"}],"wp:featuredmedia":[{"embeddable":true,"href":"https:\/\/www.eloriente.net\/home\/wp-json\/wp\/v2\/media\/1889"}],"wp:attachment":[{"href":"https:\/\/www.eloriente.net\/home\/wp-json\/wp\/v2\/media?parent=29266"}],"wp:term":[{"taxonomy":"category","embeddable":true,"href":"https:\/\/www.eloriente.net\/home\/wp-json\/wp\/v2\/categories?post=29266"},{"taxonomy":"post_tag","embeddable":true,"href":"https:\/\/www.eloriente.net\/home\/wp-json\/wp\/v2\/tags?post=29266"}],"curies":[{"name":"wp","href":"https:\/\/api.w.org\/{rel}","templated":true}]}}