{"id":29269,"date":"2014-07-10T09:43:36","date_gmt":"2014-07-10T15:43:36","guid":{"rendered":"http:\/\/www.eloriente.net\/home\/?p=29269"},"modified":"2014-07-10T09:52:26","modified_gmt":"2014-07-10T15:52:26","slug":"mexico-tiene-3-nuevos-partidos-politicos-desde-ayer","status":"publish","type":"post","link":"https:\/\/www.eloriente.net\/home\/2014\/07\/10\/mexico-tiene-3-nuevos-partidos-politicos-desde-ayer\/","title":{"rendered":"M\u00e9xico tiene 3 nuevos Partidos Pol\u00edticos desde ayer"},"content":{"rendered":"<p>eloriente.net\/<a href=\"http:\/\/www.ine.mx\/\" target=\"_blank\">Instituto Nacional Electoral<\/a><\/p>\n<p>10 de julio de 2014<\/p>\n<ul>\n<li><strong><em>Implementar\u00e1 INE medidas transitorias en materia de fiscalizaci\u00f3n<\/em><\/strong>El Consejo General del Instituto Nacional Electoral (INE) otorg\u00f3, por unanimidad, el registro como partidos pol\u00edticos nacionales a Movimiento Regeneraci\u00f3n Nacional que en lo sucesivo se denominar\u00e1 MORENA; a la agrupaci\u00f3n pol\u00edtica nacional Encuentro Social, que se identificar\u00e1 como Encuentro Social; y a la Organizaci\u00f3n de Ciudadanos Frente Humanista, cuya denominaci\u00f3n ser\u00e1 Partido Humanista.En sesi\u00f3n extraordinaria, el Consejero Presidente, Lorenzo C\u00f3rdova, se\u00f1al\u00f3 que la existencia de un mayor n\u00famero de partidos favorece la representaci\u00f3n de la pluralidad y la diversidad social e intensifica la contienda para obtener el voto ciudadano y acceder a los poderes p\u00fablicos. Apunt\u00f3 que la competencia pol\u00edtica se enriquecer\u00e1 con la participaci\u00f3n de estas tres nuevas fuerzas electorales.\n<p>C\u00f3rdova\u00a0Vianello\u00a0destac\u00f3 que la incorporaci\u00f3n de los tres nuevos partidos pol\u00edticos no implica un incremento en el monto del financiamiento p\u00fablico aprobado para el conjunto de los partidos en el 2014 ni lo har\u00e1 en los a\u00f1os por venir . Desde el 2007, el monto de la bolsa se asigna con independencia del n\u00famero de partidos que haya en el sistema electoral, por lo que interpretar que la participaci\u00f3n de nuevos partidos incrementar\u00e1 la bolsa, lo digo categ\u00f3ricamente, no es as\u00ed .<\/p>\n<p>El Consejero Presidente concluy\u00f3 que la participaci\u00f3n de miles de ciudadanos libre y voluntariamente en la construcci\u00f3n de nuevos partidos pol\u00edticos abona a la recreaci\u00f3n y fortalecimiento de la democracia.<\/p>\n<p>Por su parte la Consejera Pamela San Mart\u00edn, Presidenta de la Comisi\u00f3n de Prerrogativas y Partidos Pol\u00edticos mencion\u00f3 que la constituci\u00f3n de nuevos partidos ayuda a que la pluralidad de visiones e ideolog\u00edas que existen en nuestro pa\u00eds tenga cabida institucional, con un cauce para su expresi\u00f3n, y una v\u00eda de participaci\u00f3n para incidir en las pol\u00edticas p\u00fablicas. Subray\u00f3 que la participaci\u00f3n de los ciudadanos que conforman estas tres nuevas fuerzas constituye un valioso esfuerzo para la construcci\u00f3n de ciudadan\u00eda plena .<\/p>\n<p>La determinaci\u00f3n del Consejo General se da despu\u00e9s de que la Direcci\u00f3n Ejecutiva de Prerrogativas y Partidos Pol\u00edticos verific\u00f3 que cada una de las organizaciones que solicitaron su registro cumpliera con todos los requisitos de ley.<\/p>\n<table width=\"612\" border=\"1\" cellspacing=\"0\" cellpadding=\"0\">\n<tbody>\n<tr>\n<td width=\"187\">\n<p align=\"center\"><strong>Organizaci\u00f3n<\/strong><\/p>\n<\/td>\n<td width=\"143\">\n<p align=\"center\"><strong>Asambleas celebradas<\/strong><\/p>\n<\/td>\n<td width=\"146\">\n<p align=\"center\"><strong>Afiliados acreditados<\/strong><\/p>\n<\/td>\n<td width=\"137\">\n<p align=\"center\"><strong>Denominaci\u00f3n como partido pol\u00edtico<\/strong><\/p>\n<\/td>\n<\/tr>\n<tr>\n<td width=\"187\">Movimiento Regeneraci\u00f3n Nacional<\/td>\n<td width=\"143\">\n<p align=\"center\">30 estatales<\/p>\n<\/td>\n<td width=\"146\">\n<p align=\"center\">496,729<\/p>\n<\/td>\n<td width=\"137\">\n<p align=\"center\">MORENA<\/p>\n<\/td>\n<\/tr>\n<tr>\n<td width=\"187\">Organizaci\u00f3n de Ciudadanos Frente Humanista<\/td>\n<td width=\"143\">\n<p align=\"center\">211 distritales<\/p>\n<\/td>\n<td width=\"146\">\n<p align=\"center\">270,966<\/p>\n<\/td>\n<td width=\"137\">\n<p align=\"center\">Partido Humanista<\/p>\n<\/td>\n<\/tr>\n<tr>\n<td width=\"187\">APN Encuentro Social<\/td>\n<td width=\"143\">\n<p align=\"center\">236 distritales<\/p>\n<\/td>\n<td width=\"146\">\n<p align=\"center\">308,997<\/p>\n<\/td>\n<td width=\"137\">\n<p align=\"center\">Encuentro Social<\/p>\n<\/td>\n<\/tr>\n<\/tbody>\n<\/table>\n<p>Cabe mencionar que los tres nuevos partidos pol\u00edticos gozar\u00e1n de las prerrogativas de ley correspondientes a partir del 1 de agosto pr\u00f3ximo: acceso a radio y televisi\u00f3n; financiamiento p\u00fablico para el desarrollo de sus actividades; r\u00e9gimen fiscal de partido pol\u00edtico; y el uso de franquicias postales y telegr\u00e1ficas para el cumplimiento de sus funciones.<\/p>\n<p>Al respecto, el Consejero Electoral Ciro Murayama afirm\u00f3 que en M\u00e9xico el n\u00famero de partidos lo define el ciudadano a trav\u00e9s de su voto libre, la contribuci\u00f3n del conjunto de los partidos a la democracia m\u00e1s que estrictamente num\u00e9rica, cu\u00e1ntos son- es y debe ser cualitativa, su principal apuesta ha de ser la transformaci\u00f3n de la realidad nacional, m\u00e1s que la simple aspiraci\u00f3n al poder .<\/p>\n<p>Por su parte el Consejero Enrique Andrade argument\u00f3 que sin ciudadan\u00eda no puede haber democracia, la ciudadan\u00eda exige estrechar a\u00fan m\u00e1s el v\u00ednculo entre sus demandas y los partidos pol\u00edticos; si bien existe democracia y pluralidad, tambi\u00e9n una ciudadan\u00eda m\u00e1s exigente, cr\u00edtica y participativa . Por ello, agreg\u00f3, los nuevos partidos deber\u00e1n cumplir con sus obligaciones legales as\u00ed como sus compromisos con la sociedad.<\/p>\n<p>El Consejero Marco Ba\u00f1os resalt\u00f3 el trabajo de la comisi\u00f3n examinadora (Comisi\u00f3n de Prerrogativas y Partidos Pol\u00edticos) encargada de llevar a cabo la revisi\u00f3n a detalle del cumplimiento, por parte de las organizaciones que presentaron su solicitud para convertirse en partidos pol\u00edticos, de cada uno de los requisitos establecidos en la legislaci\u00f3n: la validez de las asambleas realizadas, la verificaci\u00f3n de sus miembros correspondientes al .26 por ciento de los inscritos en el Padr\u00f3n Electoral y la constitucionalidad de sus documentos.<\/p>\n<p>Durante la sesi\u00f3n el Consejo General aprob\u00f3 las medidas transitorias en materia de fiscalizaci\u00f3n a fin de que el Instituto cuente con elementos suficientes para una adecuada rendici\u00f3n de cuentas de los recursos de los partidos pol\u00edticos correspondientes al ejercicio 2015, mismas que facilitar\u00e1n la transici\u00f3n a un nuevo modelo fiscalizador, derivado de la reforma electoral.<\/p>\n<p>El Consejero Electoral Benito\u00a0Nacif, Presidente de la Comisi\u00f3n de Fiscalizaci\u00f3n se\u00f1al\u00f3 que el acuerdo distribuye claramente las competencias durante el per\u00edodo de transici\u00f3n, y se establece que la fiscalizaci\u00f3n de las precampa\u00f1as y campa\u00f1as locales de las entidades con jornada electoral en el 2015 ya empezar\u00e1n a ser fiscalizadas por el INE, seg\u00fan la nueva legislaci\u00f3n electoral.<\/li>\n<\/ul>\n<p><a href=\"http:\/\/www.eloriente.net\/home\/wp-content\/uploads\/2014\/04\/Electoral-Por-INE.jpg\"><img loading=\"lazy\" decoding=\"async\" class=\"alignnone size-medium wp-image-24182\" title=\"Electoral-Por INE\" src=\"http:\/\/www.eloriente.net\/home\/wp-content\/uploads\/2014\/04\/Electoral-Por-INE-300x202.jpg\" alt=\"\" width=\"300\" height=\"202\" srcset=\"https:\/\/www.eloriente.net\/home\/wp-content\/uploads\/2014\/04\/Electoral-Por-INE-300x202.jpg 300w, https:\/\/www.eloriente.net\/home\/wp-content\/uploads\/2014\/04\/Electoral-Por-INE-1024x689.jpg 1024w\" sizes=\"(max-width: 300px) 100vw, 300px\" \/><\/a><\/p>\n<p>Foto: Archivo<\/p>\n<p><strong>OTRAS ENTRADAS:<\/strong><\/p>\n<p><a title=\"Permalink to 21\/Julio\/2014: Apertura del curso \u201cEmpleando veh\u00edculos a\u00e9reos no tripulados\u201d\" href=\"http:\/\/www.eloriente.net\/home\/2014\/07\/01\/21julio2014-apertura-del-curso-empleando-vehiculos-aereos-no-tripulados\/\" rel=\"bookmark\">21\/Julio\/2014: Apertura del curso \u201cEmpleando veh\u00edculos a\u00e9reos no tripulados\u201d<\/a><\/p>\n<p><a href=\"http:\/\/www.eloriente.net\/home\/2014\/07\/01\/21julio2014-apertura-del-curso-empleando-vehiculos-aereos-no-tripulados\/\" rel=\"bookmark\"><img decoding=\"async\" title=\"21\/Julio\/2014: Apertura del curso \u201cEmpleando veh\u00edculos a\u00e9reos no tripulados\u201d\" src=\"http:\/\/www.eloriente.net\/home\/wp-content\/themes\/city-desk\/timthumb.php?src=http%3A%2F%2Fwww.eloriente.net%2Fhome%2Fwp-content%2Fuploads%2F2014%2F07%2FCartograf%C3%ADa-Por-Fotodrone.jpg&amp;q=90&amp;w=160&amp;h=106&amp;zc=1\" alt=\"21\/Julio\/2014: Apertura del curso \u201cEmpleando veh\u00edculos a\u00e9reos no tripulados\u201d\" \/><\/a><\/p>\n<p>eloriente.net 1\/julio\/2014 Recibe un 5% de descuento si al momento de tu inscripci\u00f3n mencionas que le\u00edste sobre el curso en ELORIENTE.NET La Universidad Santander Oaxaca (UNISAN) invita a la comunidad tecnol\u00f3gica y cient\u00edfica de la entidad a participar en el curso \u201cGeneraci\u00f3n de productos cartogr\u00e1ficos: empleando veh\u00edculos a\u00e9reos no tripulados\u201d, el cual se llevar\u00e1 cabo [&#8230;]<\/p>\n<pre>July 1, 2014<\/pre>\n<div id=\"post-28440\">\n<p><a title=\"Permalink to Convocan a integrar el Consejo General del IEEPCO\" href=\"http:\/\/www.eloriente.net\/home\/2014\/06\/26\/convocan-a-integrar-el-consejo-general-del-ieepco\/\" rel=\"bookmark\">Convocan a integrar el Consejo General del IEEPCO<\/a><\/p>\n<p><a href=\"http:\/\/www.eloriente.net\/home\/2014\/06\/26\/convocan-a-integrar-el-consejo-general-del-ieepco\/\" rel=\"bookmark\"><img decoding=\"async\" title=\"Convocan a integrar el Consejo General del IEEPCO\" src=\"http:\/\/www.eloriente.net\/home\/wp-content\/themes\/city-desk\/timthumb.php?src=http%3A%2F%2Fwww.eloriente.net%2Fhome%2Fwp-content%2Fuploads%2F2014%2F06%2FConvocatoria.jpg&amp;q=90&amp;w=160&amp;h=106&amp;zc=1\" alt=\"Convocan a integrar el Consejo General del IEEPCO\" \/><\/a>eloriente.net\/INE Oaxaca 26\/junio\/2014 Gobernadores, legisladores y partidos pol\u00edticos deben abstenerse de intervenir en el proceso de selecci\u00f3n: RHCS Roberto Heycher Cardiel Soto, delegado estatal del Instituto Nacional Electoral (INE), reiter\u00f3 el llamado a los ciudadanos de Oaxaca con deseos de contribuir en el desarrollo democr\u00e1tico de la entidad a participar en la convocatoria para integrar [&#8230;]<\/p>\n<address>June 26, 2014<\/address>\n<\/div>\n<div id=\"post-27953\">\n<p><a title=\"Permalink to 4 de cada 10 mexicanos tienen inter\u00e9s en la pol\u00edtica: IFE\" href=\"http:\/\/www.eloriente.net\/home\/2014\/06\/17\/4-de-cada-10-mexicanos-tienen-interes-en-la-politica-ife\/\" rel=\"bookmark\">4 de cada 10 mexicanos tienen inter\u00e9s en la pol\u00edtica: IFE<\/a><\/p>\n<p><a href=\"http:\/\/www.eloriente.net\/home\/2014\/06\/17\/4-de-cada-10-mexicanos-tienen-interes-en-la-politica-ife\/\" rel=\"bookmark\"><img decoding=\"async\" title=\"4 de cada 10 mexicanos tienen inter\u00e9s en la pol\u00edtica: IFE\" src=\"http:\/\/www.eloriente.net\/home\/wp-content\/themes\/city-desk\/timthumb.php?src=http%3A%2F%2Fwww.eloriente.net%2Fhome%2Fwp-content%2Fuploads%2F2014%2F06%2FProtesta-Por-Eneas.jpg&amp;q=90&amp;w=160&amp;h=106&amp;zc=1\" alt=\"4 de cada 10 mexicanos tienen inter\u00e9s en la pol\u00edtica: IFE\" \/><\/a>eloriente.net 17\/junio\/2014 De acuerdo a informaci\u00f3n de la Encuesta Nacional sobre Calidad de la Ciudadan\u00eda del Instituto Federal Electoral (IFE) del a\u00f1o 2013, en M\u00e9xico la principal forma de participaci\u00f3n pol\u00edtica distinta a la electoral es mediante conversaciones con otras personas sobre temas pol\u00edticos con casi 40%, es decir, 4 de cada 10 mexicanos tienen [&#8230;]<\/p>\n<p>June 17, 2014<\/p>\n<\/div>\n\n\t\t\t  <div \n\t\t\t  \tclass = \"fb-comments\" \n\t\t\t  \tdata-href = \"https:\/\/www.eloriente.net\/home\/2014\/07\/10\/mexico-tiene-3-nuevos-partidos-politicos-desde-ayer\/\"\n\t\t\t  \tdata-numposts = \"10\"\n\t\t\t\tdata-colorscheme = \"dark\"\n\t\t\t\tdata-order-by = \"social\"\n\t\t\t\tdata-mobile=true>\n\t\t\t  <\/div>\n\t\t  <style>\n\t\t\t.fb_iframe_widget_fluid_desktop iframe {\n\t\t\t    width: 100% !important;\n\t\t\t}\n\t\t  <\/style>\n\t\t  ","protected":false},"excerpt":{"rendered":"<p>eloriente.net\/Instituto Nacional Electoral 10 de julio de 2014 Implementar\u00e1 INE medidas transitorias en materia de fiscalizaci\u00f3nEl Consejo General del Instituto Nacional Electoral (INE) otorg\u00f3, por unanimidad, el registro como partidos pol\u00edticos nacionales a Movimiento Regeneraci\u00f3n Nacional que en lo sucesivo se denominar\u00e1 MORENA; a la agrupaci\u00f3n pol\u00edtica nacional Encuentro Social, que se identificar\u00e1 como Encuentro [&hellip;]<\/p>\n","protected":false},"author":1,"featured_media":24182,"comment_status":"open","ping_status":"open","sticky":false,"template":"","format":"standard","meta":{"_jetpack_memberships_contains_paid_content":false,"footnotes":""},"categories":[1588,49,71,32,10,24,21,31],"tags":[],"class_list":["post-29269","post","type-post","status-publish","format-standard","has-post-thumbnail","hentry","category-comunicados-y-boletines","category-destacadas","category-elecciones","category-entradas","category-lo-mas-reciente","category-mexico-y-el-mundo","category-politica-y-gobierno","category-principal"],"jetpack_featured_media_url":"https:\/\/www.eloriente.net\/home\/wp-content\/uploads\/2014\/04\/Electoral-Por-INE.jpg","jetpack_sharing_enabled":true,"_links":{"self":[{"href":"https:\/\/www.eloriente.net\/home\/wp-json\/wp\/v2\/posts\/29269"}],"collection":[{"href":"https:\/\/www.eloriente.net\/home\/wp-json\/wp\/v2\/posts"}],"about":[{"href":"https:\/\/www.eloriente.net\/home\/wp-json\/wp\/v2\/types\/post"}],"author":[{"embeddable":true,"href":"https:\/\/www.eloriente.net\/home\/wp-json\/wp\/v2\/users\/1"}],"replies":[{"embeddable":true,"href":"https:\/\/www.eloriente.net\/home\/wp-json\/wp\/v2\/comments?post=29269"}],"version-history":[{"count":2,"href":"https:\/\/www.eloriente.net\/home\/wp-json\/wp\/v2\/posts\/29269\/revisions"}],"predecessor-version":[{"id":29271,"href":"https:\/\/www.eloriente.net\/home\/wp-json\/wp\/v2\/posts\/29269\/revisions\/29271"}],"wp:featuredmedia":[{"embeddable":true,"href":"https:\/\/www.eloriente.net\/home\/wp-json\/wp\/v2\/media\/24182"}],"wp:attachment":[{"href":"https:\/\/www.eloriente.net\/home\/wp-json\/wp\/v2\/media?parent=29269"}],"wp:term":[{"taxonomy":"category","embeddable":true,"href":"https:\/\/www.eloriente.net\/home\/wp-json\/wp\/v2\/categories?post=29269"},{"taxonomy":"post_tag","embeddable":true,"href":"https:\/\/www.eloriente.net\/home\/wp-json\/wp\/v2\/tags?post=29269"}],"curies":[{"name":"wp","href":"https:\/\/api.w.org\/{rel}","templated":true}]}}