{"id":29286,"date":"2014-07-10T17:26:05","date_gmt":"2014-07-10T23:26:05","guid":{"rendered":"http:\/\/www.eloriente.net\/home\/?p=29286"},"modified":"2014-07-10T17:26:05","modified_gmt":"2014-07-10T23:26:05","slug":"boicoteara-s-22-guelaguetza-si-gobierno-no-cumple-demandas","status":"publish","type":"post","link":"https:\/\/www.eloriente.net\/home\/2014\/07\/10\/boicoteara-s-22-guelaguetza-si-gobierno-no-cumple-demandas\/","title":{"rendered":"Boicotear\u00e1 S-22 Guelaguetza si gobierno no cumple demandas"},"content":{"rendered":"<p>eloriente.net<\/p>\n<p>10\/julio\/2014<\/p>\n<p><strong>No cesan las movilizaciones y bloqueos por parte de la Secci\u00f3n 22 en la capital y al interior del estado de Oaxaca. <\/strong><\/p>\n<p>Si el gobierno del estado de Oaxaca no cumple con los acuerdos y demandas de la Secci\u00f3n 22 del Sindicato Nacional de Trabajadores de la Educaci\u00f3n (SNTE), los maestros boicotear\u00e1n la llamada m\u00e1xima fiesta de los oaxaque\u00f1os, la Guelaguetza, durante su emisi\u00f3n los d\u00edas 21 y 28 de julio de 2014, as\u00ed lo acord\u00f3 el magisterio en su \u00faltima asamblea estatal del pasado 2 de julio.<\/p>\n<p>Bajo esta advertencia, el gremio exige el cumplimiento de las minutas firmadas sobre las escuelas donde no operan profesores de la secci\u00f3n; los pagos retenidos de los integrantes del Movimiento Democr\u00e1tico de los Trabajadores de la Educaci\u00f3n de Oaxaca (MDTEO); la aprobaci\u00f3n de la Ley Estatal de Educaci\u00f3n de Oaxaca; y su permanente pliego de demandas nacional y estatal.<\/p>\n<p>Las acciones de protesta no se dejaron esperar, el pasado 4 de julio un grupo de maestros realizaron pintas a las afueras del auditorio Guelaguetza en el cerro del Fort\u00edn, con mensajes alusivos a la \u00abGuelaguetza popular\u00bb que la Secci\u00f3n 22 lleva a cabo desde el a\u00f1o 2006, bajo el argumento de que el gobierno estatal comercializa la identidad cultural de los oaxaque\u00f1os.<\/p>\n<p>&nbsp;<\/p>\n<blockquote class=\"twitter-tweet\" lang=\"es\"><p>Maestros de la Secci\u00f3n 22 realizan pintas en el auditorio Guelaguetza de la ciudad de Oaxaca. <a href=\"http:\/\/t.co\/MXnkfOrVCO\">pic.twitter.com\/MXnkfOrVCO<\/a><\/p>\n<p>\u2014 Jos\u00e9 de Jes\u00fas Cort\u00e9s (@jj_cortes) <a href=\"https:\/\/twitter.com\/jj_cortes\/statuses\/485121495731941377\">julio 4, 2014<\/a><\/p><\/blockquote>\n<p>&nbsp;<\/p>\n<blockquote class=\"twitter-tweet\" lang=\"es\"><p>Fin\u00edsimas personas. Trabajadores de la secci\u00f3n 22. <a href=\"http:\/\/t.co\/mFoh3KZaPo\">pic.twitter.com\/mFoh3KZaPo<\/a><\/p>\n<p>\u2014 Zuriel Borbolla Mata (@zborbolla) <a href=\"https:\/\/twitter.com\/zborbolla\/statuses\/485132164401340416\">julio 4, 2014<\/a><\/p><\/blockquote>\n<p>&nbsp;<\/p>\n<p>Aunado a ello, el lunes 7 de julio, los maestros dieron acceso libre en las casetas de peaje, impidieron el paso a tiendas transnacionales, dependencias de gobierno y carreteras federales.<\/p>\n<p>Seg\u00fan cifras de la Secci\u00f3n 22, participaron en esta movilizaci\u00f3n alrededor de 74 mil trabajadores de la educaci\u00f3n, integrantes de los 37 sectores, con el objetivo de exigir adem\u00e1s la derogaci\u00f3n de la reforma educativa, propuesta por el presidente de la Rep\u00fablica, Enrique Pe\u00f1a Nieto.<\/p>\n<p>&nbsp;<\/p>\n<p><a href=\"http:\/\/www.eloriente.net\/home\/wp-content\/uploads\/2014\/07\/Bloqueo-Por-Secci\u00f3n-22.jpg\"><img loading=\"lazy\" decoding=\"async\" class=\"alignnone size-medium wp-image-29291\" title=\"Bloqueo-Por Secci\u00f3n 22\" src=\"http:\/\/www.eloriente.net\/home\/wp-content\/uploads\/2014\/07\/Bloqueo-Por-Secci\u00f3n-22-300x225.jpg\" alt=\"\" width=\"300\" height=\"225\" srcset=\"https:\/\/www.eloriente.net\/home\/wp-content\/uploads\/2014\/07\/Bloqueo-Por-Secci\u00f3n-22-300x225.jpg 300w, https:\/\/www.eloriente.net\/home\/wp-content\/uploads\/2014\/07\/Bloqueo-Por-Secci\u00f3n-22.jpg 800w\" sizes=\"(max-width: 300px) 100vw, 300px\" \/><\/a><\/p>\n<p>Foto: Secci\u00f3n 22<\/p>\n<p>&nbsp;<\/p>\n<p><strong>Entradas relacionadas:<\/strong><\/p>\n<p><a title=\"Permalink to Reforma pol\u00edtica: \u00bfCongreso va por otro tumbo?\" href=\"http:\/\/www.eloriente.net\/home\/2014\/07\/02\/reforma-politica-congreso-va-por-otro-tumbo\/\" rel=\"bookmark\">Reforma pol\u00edtica: \u00bfCongreso va por otro tumbo?<\/a><\/p>\n<p><a href=\"http:\/\/www.eloriente.net\/home\/2014\/07\/02\/reforma-politica-congreso-va-por-otro-tumbo\/\" rel=\"bookmark\"><img decoding=\"async\" title=\"Reforma pol\u00edtica: \u00bfCongreso va por otro tumbo?\" src=\"http:\/\/www.eloriente.net\/home\/wp-content\/themes\/city-desk\/timthumb.php?src=http%3A%2F%2Fwww.eloriente.net%2Fhome%2Fwp-content%2Fuploads%2F2014%2F03%2FPRD-Por-Congreso.jpg&amp;q=90&amp;w=160&amp;h=106&amp;zc=1\" alt=\"Reforma pol\u00edtica: \u00bfCongreso va por otro tumbo?\" \/><\/a><\/p>\n<p>eloriente.net 2\/julio\/2014 Por: Adri\u00e1n Ort\u00edz Romero Reforma pol\u00edtica: \u00bfCongreso va por otro tumbo?\u00a0 No entienden que armonizaci\u00f3n no es potestativa Como si a Oaxaca le faltaran problemas por la improductividad e ineficiencia del Poder Legislativo. Parece que nuestro estado va en camino a una nueva crisis por la adecuaci\u00f3n de las normas estatales a la [&#8230;]<\/p>\n<p>July 2, 2014<\/p>\n<p><a title=\"Permalink to S-22: pedir desafuero de diputados, una patra\u00f1a\" href=\"http:\/\/www.eloriente.net\/home\/2014\/06\/27\/s-22-pedir-desafuero-de-diputados-una-patrana\/\" rel=\"bookmark\">S-22: pedir desafuero de diputados, una patra\u00f1a<\/a><\/p>\n<p><a href=\"http:\/\/www.eloriente.net\/home\/2014\/06\/27\/s-22-pedir-desafuero-de-diputados-una-patrana\/\" rel=\"bookmark\"><img decoding=\"async\" title=\"S-22: pedir desafuero de diputados, una patra\u00f1a\" src=\"http:\/\/www.eloriente.net\/home\/wp-content\/themes\/city-desk\/timthumb.php?src=http%3A%2F%2Fwww.eloriente.net%2Fhome%2Fwp-content%2Fuploads%2F2014%2F06%2FMarchas-Por-Secci%C3%B3n-22.jpg&amp;q=90&amp;w=160&amp;h=106&amp;zc=1\" alt=\"S-22: pedir desafuero de diputados, una patra\u00f1a\" \/><\/a><\/p>\n<p>eloriente.net 27\/junio\/2014 Por: Adri\u00e1n Ortiz Romero S-22: pedir desafuero de diputados, una patra\u00f1a Soberbia lleva a maestros a entuertos sin sentido Embriagados completamente por el poder que irresponsablemente le han dado los poderes Ejecutivo y Legislativo, los profesores de la Secci\u00f3n 22 del SNTE rayan en el delirio al demandar el desafuero de los 42 [&#8230;]<\/p>\n<p>June 27, 2014<\/p>\n<div id=\"post-27762\">\n<p><a title=\"Permalink to CNTE-Gobierno: \u00bfnueva ley ser\u00e1 irrelevante?\" href=\"http:\/\/www.eloriente.net\/home\/2014\/06\/13\/cnte-gobierno-nueva-ley-sera-irrelevante\/\" rel=\"bookmark\">CNTE-Gobierno: \u00bfnueva ley ser\u00e1 irrelevante?<\/a><\/p>\n<p><a href=\"http:\/\/www.eloriente.net\/home\/2014\/06\/13\/cnte-gobierno-nueva-ley-sera-irrelevante\/\" rel=\"bookmark\"><img decoding=\"async\" title=\"CNTE-Gobierno: \u00bfnueva ley ser\u00e1 irrelevante?\" src=\"http:\/\/www.eloriente.net\/home\/wp-content\/themes\/city-desk\/timthumb.php?src=http%3A%2F%2Fwww.eloriente.net%2Fhome%2Fwp-content%2Fuploads%2F2014%2F03%2FFirma-Ley-Educaci%C3%B3n.jpg&amp;q=90&amp;w=160&amp;h=106&amp;zc=1\" alt=\"CNTE-Gobierno: \u00bfnueva ley ser\u00e1 irrelevante?\" \/><\/a><\/p>\n<p>eloriente.net 13\/junio\/2014 Por: Adri\u00e1n Ortiz Romero CNTE-Gobierno: \u00bfnueva ley ser\u00e1 irrelevante? Deber y desd\u00e9n institucional afectan a Oaxaca Los poderes Ejecutivo y Legislativo reiteran su promesa de que antes de que inicie el ciclo escolar 2014-2015 \u2013es decir, el 18 de agosto pr\u00f3ximo\u2013 Oaxaca tendr\u00e1 una nueva Ley Estatal de Educaci\u00f3n. Seg\u00fan lo que han [&#8230;]<\/p>\n<p>June 13, 2014<\/p>\n<\/div>\n\n\t\t\t  <div \n\t\t\t  \tclass = \"fb-comments\" \n\t\t\t  \tdata-href = \"https:\/\/www.eloriente.net\/home\/2014\/07\/10\/boicoteara-s-22-guelaguetza-si-gobierno-no-cumple-demandas\/\"\n\t\t\t  \tdata-numposts = \"10\"\n\t\t\t\tdata-colorscheme = \"dark\"\n\t\t\t\tdata-order-by = \"social\"\n\t\t\t\tdata-mobile=true>\n\t\t\t  <\/div>\n\t\t  <style>\n\t\t\t.fb_iframe_widget_fluid_desktop iframe {\n\t\t\t    width: 100% !important;\n\t\t\t}\n\t\t  <\/style>\n\t\t  ","protected":false},"excerpt":{"rendered":"<p>eloriente.net 10\/julio\/2014 No cesan las movilizaciones y bloqueos por parte de la Secci\u00f3n 22 en la capital y al interior del estado de Oaxaca. Si el gobierno del estado de Oaxaca no cumple con los acuerdos y demandas de la Secci\u00f3n 22 del Sindicato Nacional de Trabajadores de la Educaci\u00f3n (SNTE), los maestros boicotear\u00e1n la [&hellip;]<\/p>\n","protected":false},"author":26,"featured_media":29291,"comment_status":"open","ping_status":"open","sticky":false,"template":"","format":"standard","meta":{"_jetpack_memberships_contains_paid_content":false,"footnotes":""},"categories":[18,32,63,10,464,21],"tags":[848,184,277,1250,371,374,373],"class_list":["post-29286","post","type-post","status-publish","format-standard","has-post-thumbnail","hentry","category-educacion-y-cultura","category-entradas","category-estados","category-lo-mas-reciente","category-oaxaca-estados","category-politica-y-gobierno","tag-demandas","tag-educacion","tag-gobierno","tag-guelaguetza","tag-maestros","tag-seccion-22","tag-snte"],"jetpack_featured_media_url":"https:\/\/www.eloriente.net\/home\/wp-content\/uploads\/2014\/07\/Bloqueo-Por-Secci\u00f3n-22.jpg","jetpack_sharing_enabled":true,"_links":{"self":[{"href":"https:\/\/www.eloriente.net\/home\/wp-json\/wp\/v2\/posts\/29286"}],"collection":[{"href":"https:\/\/www.eloriente.net\/home\/wp-json\/wp\/v2\/posts"}],"about":[{"href":"https:\/\/www.eloriente.net\/home\/wp-json\/wp\/v2\/types\/post"}],"author":[{"embeddable":true,"href":"https:\/\/www.eloriente.net\/home\/wp-json\/wp\/v2\/users\/26"}],"replies":[{"embeddable":true,"href":"https:\/\/www.eloriente.net\/home\/wp-json\/wp\/v2\/comments?post=29286"}],"version-history":[{"count":6,"href":"https:\/\/www.eloriente.net\/home\/wp-json\/wp\/v2\/posts\/29286\/revisions"}],"predecessor-version":[{"id":29293,"href":"https:\/\/www.eloriente.net\/home\/wp-json\/wp\/v2\/posts\/29286\/revisions\/29293"}],"wp:featuredmedia":[{"embeddable":true,"href":"https:\/\/www.eloriente.net\/home\/wp-json\/wp\/v2\/media\/29291"}],"wp:attachment":[{"href":"https:\/\/www.eloriente.net\/home\/wp-json\/wp\/v2\/media?parent=29286"}],"wp:term":[{"taxonomy":"category","embeddable":true,"href":"https:\/\/www.eloriente.net\/home\/wp-json\/wp\/v2\/categories?post=29286"},{"taxonomy":"post_tag","embeddable":true,"href":"https:\/\/www.eloriente.net\/home\/wp-json\/wp\/v2\/tags?post=29286"}],"curies":[{"name":"wp","href":"https:\/\/api.w.org\/{rel}","templated":true}]}}