{"id":29314,"date":"2014-07-10T19:43:00","date_gmt":"2014-07-11T01:43:00","guid":{"rendered":"http:\/\/www.eloriente.net\/home\/?p=29314"},"modified":"2014-07-10T19:43:00","modified_gmt":"2014-07-11T01:43:00","slug":"inicia-campana-nacional-de-reforestacion-en-mexico","status":"publish","type":"post","link":"https:\/\/www.eloriente.net\/home\/2014\/07\/10\/inicia-campana-nacional-de-reforestacion-en-mexico\/","title":{"rendered":"Inicia campa\u00f1a nacional de reforestaci\u00f3n en M\u00e9xico"},"content":{"rendered":"<p>eloriente.net<\/p>\n<p>10\/julio\/2014<\/p>\n<p>Hoy se conmemora en M\u00e9xico el D\u00eda del \u00c1rbol; en el marco de dicha celebraci\u00f3n el presidente de la Rep\u00fablica, Enrique Pe\u00f1a Nieto, anunci\u00f3 el inicio de la Campa\u00f1a Nacional de Reforestaci\u00f3n 2014, la cual tiene como objetivo recuperar 170 mil hect\u00e1reas verdes en todo el pa\u00eds, con 190 millones plantas.<\/p>\n<p>Con un presupuesto de 7 mil 700 millones de pesos, regulados por la Comisi\u00f3n Nacional Forestal (Conafor), la primera etapa de la campa\u00f1a iniciar\u00e1 en el municipio de\u00a0Chignahuapan, Puebla; lugar que de acuerdo con su gobernador, Rafael Moreno Valle, ocupa el primer lugar en producci\u00f3n forestal a nivel estatal y cuenta con el mayor n\u00famero de productores acreditados para su explotaci\u00f3n.<\/p>\n<p>Adem\u00e1s, Pe\u00f1a Nieto destac\u00f3 la importancia de cuidar y reforestar los bosques de M\u00e9xico porque significa la generaci\u00f3n de ox\u00edgeno, agua y materias primas que benefician a la mejora del medio ambiente; as\u00ed como motiva al pa\u00eds hacia un crecimiento econ\u00f3mico verde y sustentable.<\/p>\n<p>Por otra parte, consider\u00f3 necesario apoyar la campa\u00f1a de reforestaci\u00f3n combatiendo la deforestaci\u00f3n, degradaci\u00f3n, incendios, tala clandestina y cambio clim\u00e1tico, factores que ponen en riesgo los 138 millones de hect\u00e1reas con los que M\u00e9xico cuenta, equivalente al 70% del territorio nacional.<\/p>\n<p>Finalmente, coment\u00f3 que en reconocimiento a los m\u00e1s de 14 mil 500 combatientes de incendios forestales del pa\u00eds, a partir de este a\u00f1o, el 11 de julio ser\u00e1 el\u00a0D\u00eda Nacional del Combatiente de Incendios Forestales.<\/p>\n<p><em>Con informaci\u00f3n de la Presidencia de la Rep\u00fablica<\/em><\/p>\n<p>&nbsp;<\/p>\n<p><iframe loading=\"lazy\" src=\"\/\/www.youtube.com\/embed\/FeoHOYgTtp8\" frameborder=\"0\" width=\"560\" height=\"315\"><\/iframe><\/p>\n<p>&nbsp;<\/p>\n<p><img loading=\"lazy\" decoding=\"async\" style=\"-webkit-user-select: none; cursor: -webkit-zoom-in;\" src=\"http:\/\/www.eloriente.net\/home\/wp-content\/uploads\/2014\/07\/%C3%81rbol-Presidencia.jpg\" alt=\"\" width=\"392\" height=\"392\" \/><\/p>\n<p>Infograf\u00eda: Presidencia de la Rep\u00fablica<\/p>\n<p>&nbsp;<\/p>\n<p><a href=\"http:\/\/www.eloriente.net\/home\/wp-content\/uploads\/2014\/07\/Bosques-Christian-Frausto-Bernal.jpg\"><img loading=\"lazy\" decoding=\"async\" class=\"alignnone size-medium wp-image-29323\" title=\"Bosques-Christian Frausto Bernal\" src=\"http:\/\/www.eloriente.net\/home\/wp-content\/uploads\/2014\/07\/Bosques-Christian-Frausto-Bernal-300x225.jpg\" alt=\"\" width=\"300\" height=\"225\" srcset=\"https:\/\/www.eloriente.net\/home\/wp-content\/uploads\/2014\/07\/Bosques-Christian-Frausto-Bernal-300x225.jpg 300w, https:\/\/www.eloriente.net\/home\/wp-content\/uploads\/2014\/07\/Bosques-Christian-Frausto-Bernal.jpg 1024w\" sizes=\"(max-width: 300px) 100vw, 300px\" \/><\/a><\/p>\n<p>Foto:\u00a0<a href=\"https:\/\/www.flickr.com\/photos\/cfrausto\/\">Christian Frausto Bernal<\/a><\/p>\n<p>&nbsp;<\/p>\n<p><strong>Entradas relacionadas:<\/strong><\/p>\n<p><a title=\"Permalink to Se calculan 2 millones 786 mil empleos verdes en M\u00e9xico: OIT\" href=\"http:\/\/www.eloriente.net\/home\/2014\/05\/13\/se-calcula-hay-2-millones-786-mil-empleos-verdes-en-mexico-oit\/\" rel=\"bookmark\">Se calculan 2 millones 786 mil empleos verdes en M\u00e9xico: OIT<\/a><\/p>\n<p><a href=\"http:\/\/www.eloriente.net\/home\/2014\/05\/13\/se-calcula-hay-2-millones-786-mil-empleos-verdes-en-mexico-oit\/\" rel=\"bookmark\"><img decoding=\"async\" title=\"Se calculan 2 millones 786 mil empleos verdes en M\u00e9xico: OIT\" src=\"http:\/\/www.eloriente.net\/home\/wp-content\/themes\/city-desk\/timthumb.php?src=http%3A%2F%2Fwww.eloriente.net%2Fhome%2Fwp-content%2Fuploads%2F2014%2F05%2FZoologico-Por-Filipe-Rivelli.jpg&amp;q=90&amp;w=160&amp;h=106&amp;zc=1\" alt=\"Se calculan 2 millones 786 mil empleos verdes en M\u00e9xico: OIT\" \/><\/a><\/p>\n<p>eloriente.net 13 de mayo de 2014 De acuerdo con cifras de la Organizaci\u00f3n Internacional del Trabajo (OIT) en M\u00e9xico, se calcula hay 2 millones 786 mil empleos verdes en el pa\u00eds; los cuales se caracterizan por ayudar a reducir las emisiones de carb\u00f3n, la p\u00e9rdida de diversidad biol\u00f3gica y ecosistemas, entre otros beneficios. La OIT [&#8230;]<\/p>\n<p>May 13, 2014<\/p>\n<p><a title=\"Permalink to Oaxaca registra mayor n\u00famero de sismos en el pa\u00eds en lo que va del a\u00f1o\" href=\"http:\/\/www.eloriente.net\/home\/2014\/05\/10\/oaxaca-registra-mayor-numero-de-sismos-en-el-pais-en-lo-que-va-del-ano\/\" rel=\"bookmark\">Oaxaca registra mayor n\u00famero de sismos en el pa\u00eds en lo que va del a\u00f1o<\/a><\/p>\n<p><a href=\"http:\/\/www.eloriente.net\/home\/2014\/05\/10\/oaxaca-registra-mayor-numero-de-sismos-en-el-pais-en-lo-que-va-del-ano\/\" rel=\"bookmark\"><img decoding=\"async\" title=\"Oaxaca registra mayor n\u00famero de sismos en el pa\u00eds en lo que va del a\u00f1o\" src=\"http:\/\/www.eloriente.net\/home\/wp-content\/themes\/city-desk\/timthumb.php?src=http%3A%2F%2Fwww.eloriente.net%2Fhome%2Fwp-content%2Fuploads%2F2014%2F05%2Fsismografo.jpg&amp;q=90&amp;w=160&amp;h=106&amp;zc=1\" alt=\"Oaxaca registra mayor n\u00famero de sismos en el pa\u00eds en lo que va del a\u00f1o\" \/><\/a><\/p>\n<p>eloriente.net 10 de mayo de 2014 De acuerdo con informaci\u00f3n del Servicio Sismol\u00f3gico Nacional (SSN) del Instituto de Geof\u00edsica de la Universidad Nacional Aut\u00f3noma de M\u00e9xico (UNAM), entre el 1 de enero y 8 de mayo de 2014 en el estado de Oaxaca se han registrado 581 sismos, lo que representa el 28.5% de los [&#8230;]<\/p>\n<p>May 10, 2014<\/p>\n<p><a title=\"Permalink to Discutir\u00e1n expertos cambio clim\u00e1tico en el senado\" href=\"http:\/\/www.eloriente.net\/home\/2014\/04\/14\/discutiran-expertos-cambio-climatico-en-el-senado\/\" rel=\"bookmark\">Discutir\u00e1n expertos cambio clim\u00e1tico en el senado<\/a><\/p>\n<p><a href=\"http:\/\/www.eloriente.net\/home\/2014\/04\/14\/discutiran-expertos-cambio-climatico-en-el-senado\/\" rel=\"bookmark\"><img decoding=\"async\" title=\"Discutir\u00e1n expertos cambio clim\u00e1tico en el senado\" src=\"http:\/\/www.eloriente.net\/home\/wp-content\/themes\/city-desk\/timthumb.php?src=http%3A%2F%2Fwww.eloriente.net%2Fhome%2Fwp-content%2Fuploads%2F2014%2F04%2FClima-Por-joiseyshowaa.jpg&amp;q=90&amp;w=160&amp;h=106&amp;zc=1\" alt=\"Discutir\u00e1n expertos cambio clim\u00e1tico en el senado\" \/><\/a><\/p>\n<p>eloriente.net\/Academia Mexicana de Ciencias 14 de abril de 2014 En dos mesas de trabajo, especialistas de M\u00e9xico y Estados Unidos analizar\u00e1n junto con los legisladores los impactos del cambio clim\u00e1tico y las acciones necesarias para enfrentarlo. De particular inter\u00e9s resultan los impactos regionales de este fen\u00f3meno que incluyen a Norteam\u00e9rica y en particular a M\u00e9xico. [&#8230;]<\/p>\n<p>April 14, 2014<\/p>\n\n\t\t\t  <div \n\t\t\t  \tclass = \"fb-comments\" \n\t\t\t  \tdata-href = \"https:\/\/www.eloriente.net\/home\/2014\/07\/10\/inicia-campana-nacional-de-reforestacion-en-mexico\/\"\n\t\t\t  \tdata-numposts = \"10\"\n\t\t\t\tdata-colorscheme = \"dark\"\n\t\t\t\tdata-order-by = \"social\"\n\t\t\t\tdata-mobile=true>\n\t\t\t  <\/div>\n\t\t  <style>\n\t\t\t.fb_iframe_widget_fluid_desktop iframe {\n\t\t\t    width: 100% !important;\n\t\t\t}\n\t\t  <\/style>\n\t\t  ","protected":false},"excerpt":{"rendered":"<p>eloriente.net 10\/julio\/2014 Hoy se conmemora en M\u00e9xico el D\u00eda del \u00c1rbol; en el marco de dicha celebraci\u00f3n el presidente de la Rep\u00fablica, Enrique Pe\u00f1a Nieto, anunci\u00f3 el inicio de la Campa\u00f1a Nacional de Reforestaci\u00f3n 2014, la cual tiene como objetivo recuperar 170 mil hect\u00e1reas verdes en todo el pa\u00eds, con 190 millones plantas. Con un [&hellip;]<\/p>\n","protected":false},"author":26,"featured_media":29323,"comment_status":"open","ping_status":"open","sticky":false,"template":"","format":"standard","meta":{"_jetpack_memberships_contains_paid_content":false,"footnotes":""},"categories":[32,63,10,20,23,21],"tags":[],"class_list":["post-29314","post","type-post","status-publish","format-standard","has-post-thumbnail","hentry","category-entradas","category-estados","category-lo-mas-reciente","category-medio-ambiente","category-municipios","category-politica-y-gobierno"],"jetpack_featured_media_url":"https:\/\/www.eloriente.net\/home\/wp-content\/uploads\/2014\/07\/Bosques-Christian-Frausto-Bernal.jpg","jetpack_sharing_enabled":true,"_links":{"self":[{"href":"https:\/\/www.eloriente.net\/home\/wp-json\/wp\/v2\/posts\/29314"}],"collection":[{"href":"https:\/\/www.eloriente.net\/home\/wp-json\/wp\/v2\/posts"}],"about":[{"href":"https:\/\/www.eloriente.net\/home\/wp-json\/wp\/v2\/types\/post"}],"author":[{"embeddable":true,"href":"https:\/\/www.eloriente.net\/home\/wp-json\/wp\/v2\/users\/26"}],"replies":[{"embeddable":true,"href":"https:\/\/www.eloriente.net\/home\/wp-json\/wp\/v2\/comments?post=29314"}],"version-history":[{"count":8,"href":"https:\/\/www.eloriente.net\/home\/wp-json\/wp\/v2\/posts\/29314\/revisions"}],"predecessor-version":[{"id":29324,"href":"https:\/\/www.eloriente.net\/home\/wp-json\/wp\/v2\/posts\/29314\/revisions\/29324"}],"wp:featuredmedia":[{"embeddable":true,"href":"https:\/\/www.eloriente.net\/home\/wp-json\/wp\/v2\/media\/29323"}],"wp:attachment":[{"href":"https:\/\/www.eloriente.net\/home\/wp-json\/wp\/v2\/media?parent=29314"}],"wp:term":[{"taxonomy":"category","embeddable":true,"href":"https:\/\/www.eloriente.net\/home\/wp-json\/wp\/v2\/categories?post=29314"},{"taxonomy":"post_tag","embeddable":true,"href":"https:\/\/www.eloriente.net\/home\/wp-json\/wp\/v2\/tags?post=29314"}],"curies":[{"name":"wp","href":"https:\/\/api.w.org\/{rel}","templated":true}]}}