{"id":29573,"date":"2014-06-30T19:41:16","date_gmt":"2014-07-01T01:41:16","guid":{"rendered":"http:\/\/www.eloriente.net\/home\/?p=29573"},"modified":"2014-07-16T10:54:01","modified_gmt":"2014-07-16T16:54:01","slug":"exhiben-fotografias-de-salamandras-para-concienciar-sobre-ecologia","status":"publish","type":"post","link":"https:\/\/www.eloriente.net\/home\/2014\/06\/30\/exhiben-fotografias-de-salamandras-para-concienciar-sobre-ecologia\/","title":{"rendered":"Exhiben fotograf\u00edas de salamandras para concienciar sobre ecolog\u00eda"},"content":{"rendered":"<p>eloriente.net\/<a href=\"http:\/\/www.uabjo.mx\/\" target=\"_blank\">UABJO<\/a><\/p>\n<p>30\/junio\/2014<\/p>\n<p>Derivado del Primer Congreso de Anfibios realizado en la Escuela de Medicina Veterinaria y Zootecnia de la Universidad Aut\u00f3noma \u201cBenito Ju\u00e1rez\u201d de Oaxaca (UABJO), se present\u00f3 la Segunda Exposici\u00f3n Fotogr\u00e1fica colectiva e itinerante \u201cAnfibios Centinelas Ambientales: Salamandras\u201d la cual se encuentra exhibida en el vest\u00edbulo del edificio de rector\u00eda.<\/p>\n<p>De acuerdo con los organizadores, la intenci\u00f3n de esta muestra es llamar la atenci\u00f3n del p\u00fablico urbano sobre la belleza de estos animales y concienciar sobre su importancia en el equilibrio ecol\u00f3gico.<\/p>\n<p>Las salamandras en conjunto con las cecilias, ranas y sapos son vertebrados que pertenecen al grupo de los anfibios. Son componentes muy valiosos en los ecosistemas naturales, pues aportan una variedad de bienes y servicios ecosist\u00e9micos, tales como: mantener el equilibrio de las poblaciones de insectos, ya que act\u00faan de forma natural como un \u201ccontrol de plagas\u201d.<\/p>\n<p>Dentro de la educaci\u00f3n e investigaci\u00f3n ayudan a que la gente entiende la importancia de proteger las \u00e1reas naturales de los que dependen muchas especies y con las que est\u00e1n asociadas, tienen un valor cultural ya que se les relaciona con el resguardo de cavernas, cuevas o cuerpos de agua, l\u00edquido vital para la vida de todos los organismos.<\/p>\n<p>En la medicina, muchas salamandras consumen insectos como mosquitos que transmiten enfermedades como el virus del Nilo Occidental, la fiebre amarilla, enfermedad de Lyme malaria, ellas ayudan a mantener los niveles de la poblaci\u00f3n de estos portadores bajo control. Tambi\u00e9n se est\u00e1 estudiando la mec\u00e1nica de su regeneraci\u00f3n de extremidades para aplicarlo en la regeneraci\u00f3n del tejido humano.<\/p>\n<p>Esta exposici\u00f3n cuenta con 50 fotograf\u00edas de 18 autores de los estados de Chiapas, Coahuila, DF, Hidalgo, Jalisco, Morelos, Nayarit, Oaxaca, Puebla, Quer\u00e9taro, Tabasco, Veracruz y Yucat\u00e1n. Entre las fotograf\u00edas incluidas se encuentran las de una Ambystoma rosaceum, fotografiada por Jes\u00fas Rodr\u00edguez Canseco; una Ambystoma velasci y una Pseudoeurycea platydactyla fotografiadas por Mat\u00edas Dom\u00ednguez Laso, entre otras especies.<\/p>\n<p>&nbsp;<\/p>\n<p><a href=\"http:\/\/www.eloriente.net\/home\/wp-content\/uploads\/2014\/07\/302-1.jpg\"><img loading=\"lazy\" decoding=\"async\" class=\"alignnone size-medium wp-image-29574\" title=\"30(2) (1)\" src=\"http:\/\/www.eloriente.net\/home\/wp-content\/uploads\/2014\/07\/302-1-300x200.jpg\" alt=\"\" width=\"300\" height=\"200\" srcset=\"https:\/\/www.eloriente.net\/home\/wp-content\/uploads\/2014\/07\/302-1-300x200.jpg 300w, https:\/\/www.eloriente.net\/home\/wp-content\/uploads\/2014\/07\/302-1-1024x682.jpg 1024w\" sizes=\"(max-width: 300px) 100vw, 300px\" \/><\/a><\/p>\n<p>Foto: UABJO<\/p>\n<p>&nbsp;<\/p>\n<p><strong>Entradas relacionadas:<\/strong><\/p>\n<p><a title=\"Permalink to Afecta virus Chikungunya en Caribe; primer caso en M\u00e9xico\" href=\"http:\/\/www.eloriente.net\/home\/2014\/06\/28\/afecta-virus-chikungunya-en-caribe-primer-caso-en-mexico\/\" rel=\"bookmark\">Afecta virus Chikungunya en Caribe; primer caso en M\u00e9xico<\/a><\/p>\n<p><a href=\"http:\/\/www.eloriente.net\/home\/2014\/06\/28\/afecta-virus-chikungunya-en-caribe-primer-caso-en-mexico\/\" rel=\"bookmark\"><img decoding=\"async\" title=\"Afecta virus Chikungunya en Caribe; primer caso en M\u00e9xico\" src=\"http:\/\/www.eloriente.net\/home\/wp-content\/themes\/city-desk\/timthumb.php?src=http%3A%2F%2Fwww.eloriente.net%2Fhome%2Fwp-content%2Fuploads%2F2014%2F06%2FMosquito-Por-naturegirl-78.jpg&amp;q=90&amp;w=160&amp;h=106&amp;zc=1\" alt=\"Afecta virus Chikungunya en Caribe; primer caso en M\u00e9xico\" \/><\/a><\/p>\n<p>eloriente.net 28\/junio\/2014 Chikungunya es un virus que causa fiebre, dolor en articulaciones y erupci\u00f3n cut\u00e1nea que se transmite por la picadura de un mosquito. En diciembre de 2013 se detect\u00f3 el primer caso de esta enfermedad en Am\u00e9rica, a la fecha ha afectado a 18 pa\u00edses, principalmente del Caribe,\u00a0inform\u00f3 la Secretar\u00eda de Salud. Asimismo, se\u00f1al\u00f3 [&#8230;]<\/p>\n<p>June 28, 2014<\/p>\n<p><a title=\"Permalink to Realizan auditor\u00eda externa a la matr\u00edcula universitaria estatal\" href=\"http:\/\/www.eloriente.net\/home\/2014\/06\/26\/realizan-auditoria-externa-a-la-matricula-universitaria-estatal\/\" rel=\"bookmark\">Realizan auditor\u00eda externa a la matr\u00edcula universitaria estatal<\/a><\/p>\n<p><a href=\"http:\/\/www.eloriente.net\/home\/2014\/06\/26\/realizan-auditoria-externa-a-la-matricula-universitaria-estatal\/\" rel=\"bookmark\"><img decoding=\"async\" title=\"Realizan auditor\u00eda externa a la matr\u00edcula universitaria estatal\" src=\"http:\/\/www.eloriente.net\/home\/wp-content\/themes\/city-desk\/timthumb.php?src=http%3A%2F%2Fwww.eloriente.net%2Fhome%2Fwp-content%2Fuploads%2F2014%2F06%2FAuditor%C3%ADa-UABJO.jpg&amp;q=90&amp;w=160&amp;h=106&amp;zc=1\" alt=\"Realizan auditor\u00eda externa a la matr\u00edcula universitaria estatal\" \/><\/a><\/p>\n<p>eloriente.net\/UABJO 26\/junio\/2014 La Universidad Aut\u00f3noma \u201cBenito Ju\u00e1rez\u201d de Oaxaca (UABJO) recibi\u00f3 al organismo auditor externo proveniente de la Universidad Aut\u00f3noma de Morelos, mismo que dio inicio a la auditor\u00eda de la matr\u00edcula de la instituci\u00f3n para dar cumplimiento a la petici\u00f3n del Congreso de la Uni\u00f3n y estar en condiciones de concursar por financiamiento a [&#8230;]<\/p>\n<p>June 26, 2014<\/p>\n<div id=\"post-29568\">\n<p><a title=\"Permalink to Con platillos tradicionales mexicanos, realizan primer feria gastron\u00f3mica\" href=\"http:\/\/www.eloriente.net\/home\/2014\/06\/20\/con-platillos-tradicionales-mexicanos-realizan-primer-feria-gastronomica\/\" rel=\"bookmark\">Con platillos tradicionales mexicanos, realizan primer feria gastron\u00f3mica<\/a><\/p>\n<p><a href=\"http:\/\/www.eloriente.net\/home\/2014\/06\/20\/con-platillos-tradicionales-mexicanos-realizan-primer-feria-gastronomica\/\" rel=\"bookmark\"><img decoding=\"async\" title=\"Con platillos tradicionales mexicanos, realizan primer feria gastron\u00f3mica\" src=\"http:\/\/www.eloriente.net\/home\/wp-content\/themes\/city-desk\/timthumb.php?src=http%3A%2F%2Fwww.eloriente.net%2Fhome%2Fwp-content%2Fuploads%2F2014%2F07%2F20-1.jpg&amp;q=90&amp;w=160&amp;h=106&amp;zc=1\" alt=\"Con platillos tradicionales mexicanos, realizan primer feria gastron\u00f3mica\" \/><\/a><\/p>\n<p>eloriente.net\/UABJO 20\/junio\/2014 Con el prop\u00f3sito de promover el rescate de aspectos culturales a trav\u00e9s de los alimentos, estudiantes de la Licenciatura en Turismo y Desarrollo Sustentable de la Facultad de Contadur\u00eda y Administraci\u00f3n de la Universidad Aut\u00f3noma \u201cBenito Ju\u00e1rez\u201d de Oaxaca, presentaron la Primera Muestra Gastron\u00f3mica. El acto inaugural estuvo presidido por el director de [&#8230;]<\/p>\n<p>June 20, 2014<\/p>\n<\/div>\n\n\t\t\t  <div \n\t\t\t  \tclass = \"fb-comments\" \n\t\t\t  \tdata-href = \"https:\/\/www.eloriente.net\/home\/2014\/06\/30\/exhiben-fotografias-de-salamandras-para-concienciar-sobre-ecologia\/\"\n\t\t\t  \tdata-numposts = \"10\"\n\t\t\t\tdata-colorscheme = \"dark\"\n\t\t\t\tdata-order-by = \"social\"\n\t\t\t\tdata-mobile=true>\n\t\t\t  <\/div>\n\t\t  <style>\n\t\t\t.fb_iframe_widget_fluid_desktop iframe {\n\t\t\t    width: 100% !important;\n\t\t\t}\n\t\t  <\/style>\n\t\t  ","protected":false},"excerpt":{"rendered":"<p>eloriente.net\/UABJO 30\/junio\/2014 Derivado del Primer Congreso de Anfibios realizado en la Escuela de Medicina Veterinaria y Zootecnia de la Universidad Aut\u00f3noma \u201cBenito Ju\u00e1rez\u201d de Oaxaca (UABJO), se present\u00f3 la Segunda Exposici\u00f3n Fotogr\u00e1fica colectiva e itinerante \u201cAnfibios Centinelas Ambientales: Salamandras\u201d la cual se encuentra exhibida en el vest\u00edbulo del edificio de rector\u00eda. De acuerdo con los [&hellip;]<\/p>\n","protected":false},"author":26,"featured_media":29574,"comment_status":"open","ping_status":"open","sticky":false,"template":"","format":"standard","meta":{"_jetpack_memberships_contains_paid_content":false,"footnotes":""},"categories":[1588,18,32,10,20,84],"tags":[606,710,1292,1984,958,1003,182],"class_list":["post-29573","post","type-post","status-publish","format-standard","has-post-thumbnail","hentry","category-comunicados-y-boletines","category-educacion-y-cultura","category-entradas","category-lo-mas-reciente","category-medio-ambiente","category-universidades","tag-ambiente","tag-ecologia","tag-exhibicion","tag-fotografias","tag-naturaleza","tag-salamandra","tag-uabjo"],"jetpack_featured_media_url":"https:\/\/www.eloriente.net\/home\/wp-content\/uploads\/2014\/07\/302-1.jpg","jetpack_sharing_enabled":true,"_links":{"self":[{"href":"https:\/\/www.eloriente.net\/home\/wp-json\/wp\/v2\/posts\/29573"}],"collection":[{"href":"https:\/\/www.eloriente.net\/home\/wp-json\/wp\/v2\/posts"}],"about":[{"href":"https:\/\/www.eloriente.net\/home\/wp-json\/wp\/v2\/types\/post"}],"author":[{"embeddable":true,"href":"https:\/\/www.eloriente.net\/home\/wp-json\/wp\/v2\/users\/26"}],"replies":[{"embeddable":true,"href":"https:\/\/www.eloriente.net\/home\/wp-json\/wp\/v2\/comments?post=29573"}],"version-history":[{"count":5,"href":"https:\/\/www.eloriente.net\/home\/wp-json\/wp\/v2\/posts\/29573\/revisions"}],"predecessor-version":[{"id":29576,"href":"https:\/\/www.eloriente.net\/home\/wp-json\/wp\/v2\/posts\/29573\/revisions\/29576"}],"wp:featuredmedia":[{"embeddable":true,"href":"https:\/\/www.eloriente.net\/home\/wp-json\/wp\/v2\/media\/29574"}],"wp:attachment":[{"href":"https:\/\/www.eloriente.net\/home\/wp-json\/wp\/v2\/media?parent=29573"}],"wp:term":[{"taxonomy":"category","embeddable":true,"href":"https:\/\/www.eloriente.net\/home\/wp-json\/wp\/v2\/categories?post=29573"},{"taxonomy":"post_tag","embeddable":true,"href":"https:\/\/www.eloriente.net\/home\/wp-json\/wp\/v2\/tags?post=29573"}],"curies":[{"name":"wp","href":"https:\/\/api.w.org\/{rel}","templated":true}]}}