{"id":30763,"date":"2014-08-11T01:00:59","date_gmt":"2014-08-11T07:00:59","guid":{"rendered":"http:\/\/www.eloriente.net\/home\/?p=30763"},"modified":"2014-08-11T10:39:59","modified_gmt":"2014-08-11T16:39:59","slug":"una-mirada-al-pasado-conflicto-magisterial-de-2006","status":"publish","type":"post","link":"https:\/\/www.eloriente.net\/home\/2014\/08\/11\/una-mirada-al-pasado-conflicto-magisterial-de-2006\/","title":{"rendered":"Una mirada al pasado: Conflicto Magisterial de 2006"},"content":{"rendered":"<p>eloriente.net<\/p>\n<p>11\/agosto\/2014<\/p>\n<p>Las marchas, barricadas y plantones, eran el pan de cada d\u00eda hace 8 a\u00f1os en la ciudad de Oaxaca y m\u00e1s localidades al interior del estado. \u00bfCu\u00e1l fue el origen del movimiento? \u00bfQu\u00e9 sucesos marcaron la historia moderna de Oaxaca? \u00bfProvoc\u00f3 alg\u00fan cambio? Acomp\u00e1\u00f1anos en el recuento cronol\u00f3gico de mayo a noviembre de 2006.<\/p>\n<div class=\"storify\"><iframe loading=\"lazy\" src=\"\/\/storify.com\/ELORIENTE\/una-mirada-al-pasado-conflicto-magisterial-de-2006\/embed?header=false\" frameborder=\"no\" width=\"100%\" height=\"750\"><\/iframe><script type=\"text\/javascript\" src=\"\/\/storify.com\/ELORIENTE\/una-mirada-al-pasado-conflicto-magisterial-de-2006.js?header=false\"><\/script><br \/>\n<noscript>[&amp;lt;a href=\u00bb\/\/storify.com\/ELORIENTE\/una-mirada-al-pasado-conflicto-magisterial-de-2006&#8243; target=\u00bb_blank\u00bb&amp;gt;View the story \u00abUna mirada al pasado: Conflicto Magisterial de 2006\u00bb on Storify&amp;lt;\/a&amp;gt;]<\/noscript><\/div>\n<p><a href=\"http:\/\/www.eloriente.net\/home\/wp-content\/uploads\/2014\/08\/appo.jpg\"><img loading=\"lazy\" decoding=\"async\" class=\"alignnone size-medium wp-image-30803\" title=\"appo\" src=\"http:\/\/www.eloriente.net\/home\/wp-content\/uploads\/2014\/08\/appo-300x157.jpg\" alt=\"\" width=\"300\" height=\"157\" srcset=\"https:\/\/www.eloriente.net\/home\/wp-content\/uploads\/2014\/08\/appo-300x157.jpg 300w, https:\/\/www.eloriente.net\/home\/wp-content\/uploads\/2014\/08\/appo-1024x538.jpg 1024w, https:\/\/www.eloriente.net\/home\/wp-content\/uploads\/2014\/08\/appo.jpg 2044w\" sizes=\"(max-width: 300px) 100vw, 300px\" \/><\/a><\/p>\n<p>Foto: newsoaxaca.com<\/p>\n<p><strong>Entradas relacionadas:<\/strong><\/p>\n<p><a title=\"Permalink to Una mirada al pasado: \u201cLos directores del IEEPO\u201d\" href=\"http:\/\/www.eloriente.net\/home\/2014\/04\/28\/una-mirada-al-pasado-los-directores-del-ieepo\/\" rel=\"bookmark\">Una mirada al pasado: \u201cLos directores del IEEPO\u201d<\/a><\/p>\n<p><a href=\"http:\/\/www.eloriente.net\/home\/2014\/04\/28\/una-mirada-al-pasado-los-directores-del-ieepo\/\" rel=\"bookmark\"><img decoding=\"async\" title=\"Una mirada al pasado: \u201cLos directores del IEEPO\u201d\" src=\"http:\/\/www.eloriente.net\/home\/wp-content\/themes\/city-desk\/timthumb.php?src=http%3A%2F%2Fwww.eloriente.net%2Fhome%2Fwp-content%2Fuploads%2F2014%2F01%2FHomenaje-a-la-bandera.jpg&amp;q=90&amp;w=160&amp;h=106&amp;zc=1\" alt=\"Una mirada al pasado: \u201cLos directores del IEEPO\u201d\" \/><\/a><\/p>\n<p>eloriente.net 28 de abril de 2014 Desde su fundaci\u00f3n el Instituto Estatal de Educaci\u00f3n P\u00fablica de Oaxaca (IEEPO) en 1992, \u00f3rgano responsable de ejecutar los Programas Educativos Nacionales dentro del sector educativo estatal, se ha visto afectado por una serie de conflictos tanto internos como externos, debido a intereses pol\u00edticos, econ\u00f3micos y sociales que existen [&#8230;]<\/p>\n<p>April 28, 2014<\/p>\n<p><a title=\"Permalink to Una mirada al pasado: \u201cLa velaria del auditorio Guelaguetza\u201d\" href=\"http:\/\/www.eloriente.net\/home\/2014\/05\/12\/una-mirada-al-pasado-la-velaria-del-auditorio-guelaguetza\/\" rel=\"bookmark\">Una mirada al pasado: \u201cLa velaria del auditorio Guelaguetza\u201d<\/a><\/p>\n<p><a href=\"http:\/\/www.eloriente.net\/home\/2014\/05\/12\/una-mirada-al-pasado-la-velaria-del-auditorio-guelaguetza\/\" rel=\"bookmark\"><img decoding=\"async\" title=\"Una mirada al pasado: \u201cLa velaria del auditorio Guelaguetza\u201d\" src=\"http:\/\/www.eloriente.net\/home\/wp-content\/themes\/city-desk\/timthumb.php?src=http%3A%2F%2Fwww.eloriente.net%2Fhome%2Fwp-content%2Fuploads%2F2014%2F05%2FVelaria-Principal-Por-Gabino-Cu%C3%A9-Monteagudo.jpg&amp;q=90&amp;w=160&amp;h=106&amp;zc=1\" alt=\"Una mirada al pasado: \u201cLa velaria del auditorio Guelaguetza\u201d\" \/><\/a><\/p>\n<p>eloriente.net 12 de mayo de 2014 eloriente.net, 12 de mayo de 2014, Oaxaca de Ju\u00e1rez, Oax.- Ayer por la tarde dio inicio el retiro de la parte trasera de la velaria que cubre el Auditorio Guelaguetza en el cerro del Fort\u00edn de la capital oaxaque\u00f1a, seg\u00fan inform\u00f3\u00a0la Secretar\u00eda de las Infraestructuras y el Ordenamiento Territorial [&#8230;]<\/p>\n<p>May 12, 2014<\/p>\n<p><a title=\"Permalink to Una mirada al pasado de CORTV\" href=\"http:\/\/www.eloriente.net\/home\/2014\/04\/05\/una-mirada-al-pasado-de-cortv-juan-jose-gutierrez-bello-nuevo-director\/\" rel=\"bookmark\">Una mirada al pasado de CORTV<\/a><\/p>\n<p><a href=\"http:\/\/www.eloriente.net\/home\/2014\/04\/05\/una-mirada-al-pasado-de-cortv-juan-jose-gutierrez-bello-nuevo-director\/\" rel=\"bookmark\"><img decoding=\"async\" title=\"Una mirada al pasado de CORTV\" src=\"http:\/\/www.eloriente.net\/home\/wp-content\/themes\/city-desk\/timthumb.php?src=http%3A%2F%2Fwww.eloriente.net%2Fhome%2Fwp-content%2Fuploads%2F2014%2F04%2FIntersecciones-Por-CORTV.jpg&amp;q=90&amp;w=160&amp;h=106&amp;zc=1\" alt=\"Una mirada al pasado de CORTV\" \/><\/a><\/p>\n<p>April 30, 2014: Emilio De Leo a CORTV; Felipe Reyna, a Protecci\u00f3n Civil: Gabino Cu\u00e9 eloriente.net\/Gobierno de Oaxaca* 30 de abril de 2014 El Gobernador Gabino Cu\u00e9 Monteagudo afirm\u00f3 que de conformidad al Art\u00edculo 79 de la Constituci\u00f3n del Estado de Oaxaca, design\u00f3 al Licenciado Emilio de Leo Blanco, en la Direcci\u00f3n General de la [&#8230;]<\/p>\n<p>April 5, 2014<\/p>\n<p><noscript>[&amp;amp;amp;amp;amp;amp;amp;amp;lt;a href=\u00bb\/\/storify.com\/ELORIENTE\/una-mirada-al-pasado-conflicto-magisterial-de-2006&#8243; target=\u00bb_blank\u00bb&amp;amp;amp;amp;amp;amp;amp;amp;gt;View the story \u00abUna mirada al pasado: Conflicto Magisterial de 2006\u00bb on Storify&amp;amp;amp;amp;amp;amp;amp;amp;lt;\/a&amp;amp;amp;amp;amp;amp;amp;amp;gt;]<\/noscript><\/p>\n\n\t\t\t  <div \n\t\t\t  \tclass = \"fb-comments\" \n\t\t\t  \tdata-href = \"https:\/\/www.eloriente.net\/home\/2014\/08\/11\/una-mirada-al-pasado-conflicto-magisterial-de-2006\/\"\n\t\t\t  \tdata-numposts = \"10\"\n\t\t\t\tdata-colorscheme = \"dark\"\n\t\t\t\tdata-order-by = \"social\"\n\t\t\t\tdata-mobile=true>\n\t\t\t  <\/div>\n\t\t  <style>\n\t\t\t.fb_iframe_widget_fluid_desktop iframe {\n\t\t\t    width: 100% !important;\n\t\t\t}\n\t\t  <\/style>\n\t\t  ","protected":false},"excerpt":{"rendered":"<p>eloriente.net 11\/agosto\/2014 Las marchas, barricadas y plantones, eran el pan de cada d\u00eda hace 8 a\u00f1os en la ciudad de Oaxaca y m\u00e1s localidades al interior del estado. \u00bfCu\u00e1l fue el origen del movimiento? \u00bfQu\u00e9 sucesos marcaron la historia moderna de Oaxaca? \u00bfProvoc\u00f3 alg\u00fan cambio? Acomp\u00e1\u00f1anos en el recuento cronol\u00f3gico de mayo a noviembre de [&hellip;]<\/p>\n","protected":false},"author":1,"featured_media":30803,"comment_status":"open","ping_status":"open","sticky":false,"template":"","format":"standard","meta":{"_jetpack_memberships_contains_paid_content":false,"footnotes":""},"categories":[49,32,13,10,464,31],"tags":[1671,2250,374,373],"class_list":["post-30763","post","type-post","status-publish","format-standard","has-post-thumbnail","hentry","category-destacadas","category-entradas","category-especiales","category-lo-mas-reciente","category-oaxaca-estados","category-principal","tag-1671","tag-conflicto-magisterial","tag-seccion-22","tag-snte"],"jetpack_featured_media_url":"https:\/\/www.eloriente.net\/home\/wp-content\/uploads\/2014\/08\/appo.jpg","jetpack_sharing_enabled":true,"_links":{"self":[{"href":"https:\/\/www.eloriente.net\/home\/wp-json\/wp\/v2\/posts\/30763"}],"collection":[{"href":"https:\/\/www.eloriente.net\/home\/wp-json\/wp\/v2\/posts"}],"about":[{"href":"https:\/\/www.eloriente.net\/home\/wp-json\/wp\/v2\/types\/post"}],"author":[{"embeddable":true,"href":"https:\/\/www.eloriente.net\/home\/wp-json\/wp\/v2\/users\/1"}],"replies":[{"embeddable":true,"href":"https:\/\/www.eloriente.net\/home\/wp-json\/wp\/v2\/comments?post=30763"}],"version-history":[{"count":4,"href":"https:\/\/www.eloriente.net\/home\/wp-json\/wp\/v2\/posts\/30763\/revisions"}],"predecessor-version":[{"id":30765,"href":"https:\/\/www.eloriente.net\/home\/wp-json\/wp\/v2\/posts\/30763\/revisions\/30765"}],"wp:featuredmedia":[{"embeddable":true,"href":"https:\/\/www.eloriente.net\/home\/wp-json\/wp\/v2\/media\/30803"}],"wp:attachment":[{"href":"https:\/\/www.eloriente.net\/home\/wp-json\/wp\/v2\/media?parent=30763"}],"wp:term":[{"taxonomy":"category","embeddable":true,"href":"https:\/\/www.eloriente.net\/home\/wp-json\/wp\/v2\/categories?post=30763"},{"taxonomy":"post_tag","embeddable":true,"href":"https:\/\/www.eloriente.net\/home\/wp-json\/wp\/v2\/tags?post=30763"}],"curies":[{"name":"wp","href":"https:\/\/api.w.org\/{rel}","templated":true}]}}