{"id":30790,"date":"2014-08-11T09:15:03","date_gmt":"2014-08-11T15:15:03","guid":{"rendered":"http:\/\/www.eloriente.net\/home\/?p=30790"},"modified":"2014-08-14T16:30:56","modified_gmt":"2014-08-14T22:30:56","slug":"denuncia-publica","status":"publish","type":"post","link":"https:\/\/www.eloriente.net\/home\/2014\/08\/11\/denuncia-publica\/","title":{"rendered":"Denuncia P\u00fablica, Correo del lector: Denuncia sobre cuotas escolares"},"content":{"rendered":"<p>eloriente.net<\/p>\n<p>11\/agosto\/2014<\/p>\n<p>A la opini\u00f3n p\u00fablica<\/p>\n<p>A los medios de comunicaci\u00f3n<\/p>\n<p>A las autoridades educativas<\/p>\n<p>Destapando la cloaca<\/p>\n<p>Cuotas Escolares, Bot\u00edn de comit\u00e9s y directores en Oaxaca<\/p>\n<p>Mientras que en el estado de Veracruz implementan medidas de control para evitar estafas en\u00a0 las escuelas que cobren cuotas obligatorias de inscripci\u00f3n a padres de familia con\u00a0 multas de hasta 300 salarios m\u00ednimos, equivalente a 16 mil pesos.<\/p>\n<p>En Oaxaca sucede lo contrario ya que en contubernio con presidentes, tesoreros de comit\u00e9s y directores exigen cuotas de preinscripci\u00f3n e inscripci\u00f3n alegando \u201cmejoras para la escuela\u201d ante la complacencia de autoridades educativas y sindicato, quienes se nieguen a estas pr\u00e1cticas, son chantajeados con la entrega de papeles o acusados de alg\u00fan delito en represalia.<\/p>\n<p>Tal es el caso de la escuela Gregorio Torres Quintero donde padres de familia han sido hasta golpeados por exigir cuentas al comit\u00e9 quienes en contubernio con el Director, V\u00edctor Manuel G\u00f3mez Ag\u00fcero manejan las aportaciones a su antojo siendo cantidades\u00a0 de 70 mil pesos por ciclo escolar que se embolsan sin justificar gastos.<\/p>\n<p>Ante la asamblea de padres de familia expuse sobre los malos manejos del dinero que ellos con grandes esfuerzos realizan para beneficio de la escuela ya que en este ciclo fui elegida como tesorera por mayor\u00eda de votos y a ra\u00edz de esto pude darme cuenta\u00a0 al investigar en IEEPO que no existe ninguna dependencia para respaldar al comit\u00e9 o en el caso a los padres de familia para la revisi\u00f3n de estos asuntos en una reuni\u00f3n fue que se abri\u00f3 la cloaca al exponer los malos manejos que se han realizado el Director en contubernio con el comit\u00e9.<\/p>\n<p>Por tal motivo no me entreg\u00f3 los documentos de mi hija y me dijo tajantemente que si no me retractaba de todo lo que expuse en la asamblea no me los\u00a0 entregar\u00eda, y que cumpli\u00f3 al ver mi negativa al decirle que de ninguna manera defraudar\u00eda la confianza que los padres depositaron en m\u00ed \u00a0ya que mis valores y principios est\u00e1n ante todo que es la verdad y la honestidad.<\/p>\n<p>Ante esta actitud \u00a0recurr\u00ed al IEEPO a denunciar el hecho donde solo me respondieron que ellos no pod\u00edan hacer nada al ser el director protegido del sindicato secci\u00f3n 22\u00a0 y no hay ninguna ley o reglamento que regule estas situaciones.<\/p>\n<p>Se interpuso una denuncia en la Comisi\u00f3n de los Derechos Humanos donde el d\u00eda de hoy hicieron una visita a mi domicilio para comunicarme que este asunto sigue adelante por lo que he presionado ante las instancias correspondientes.<\/p>\n<p>Como \u00faltimo recurso hice lo mismo en la supervisi\u00f3n escolar 070 con el mismo resultado por lo que ahora recurro a la opini\u00f3n p\u00fablica y los medios de prensa para demandar la entrega de la documentaci\u00f3n ya que peligra el pr\u00f3ximo cursos \u00a0escolar de mi\u00a0 hija al no contar con su boleta para su inscripci\u00f3n.<\/p>\n<p>Asimismo exhorto a los padres de familia de todas las escuelas oficiales a que no acepten estas impositivas cuotas que durante a\u00f1os han sido bot\u00edn de corruptos comit\u00e9s y directores ya que al haber un vac\u00edo jur\u00eddico que los regule ninguna denuncia prospera y la impunidad continuar\u00e1 haciendo de las aportaciones voluntarias un negocio redondo para gente sin escr\u00fapulos<\/p>\n<p>Atentamente<\/p>\n<p>Roc\u00edo Morales<\/p>\n<p>rociomoralezcavalaxhi@gmail.com<\/p>\n<p>Se anexa los documentos donde se hace la denuncia por escrito a las diversas instancias legales.<\/p>\n<p><a href=\"http:\/\/www.eloriente.net\/home\/wp-content\/uploads\/2014\/08\/solicitud-de-gastos.jpg\"><img loading=\"lazy\" decoding=\"async\" class=\"alignnone size-medium wp-image-30792\" title=\"solicitud de gastos\" src=\"http:\/\/www.eloriente.net\/home\/wp-content\/uploads\/2014\/08\/solicitud-de-gastos-230x300.jpg\" alt=\"\" width=\"230\" height=\"300\" srcset=\"https:\/\/www.eloriente.net\/home\/wp-content\/uploads\/2014\/08\/solicitud-de-gastos-230x300.jpg 230w, https:\/\/www.eloriente.net\/home\/wp-content\/uploads\/2014\/08\/solicitud-de-gastos-786x1024.jpg 786w, https:\/\/www.eloriente.net\/home\/wp-content\/uploads\/2014\/08\/solicitud-de-gastos-1024x1333.jpg 1024w\" sizes=\"(max-width: 230px) 100vw, 230px\" \/><\/a><\/p>\n<p><a href=\"http:\/\/www.eloriente.net\/home\/wp-content\/uploads\/2014\/08\/respuesta-DH.jpg\"><img loading=\"lazy\" decoding=\"async\" class=\"alignnone size-medium wp-image-30791\" title=\"respuesta DH\" src=\"http:\/\/www.eloriente.net\/home\/wp-content\/uploads\/2014\/08\/respuesta-DH-230x300.jpg\" alt=\"\" width=\"230\" height=\"300\" srcset=\"https:\/\/www.eloriente.net\/home\/wp-content\/uploads\/2014\/08\/respuesta-DH-230x300.jpg 230w, https:\/\/www.eloriente.net\/home\/wp-content\/uploads\/2014\/08\/respuesta-DH-786x1024.jpg 786w, https:\/\/www.eloriente.net\/home\/wp-content\/uploads\/2014\/08\/respuesta-DH-1024x1333.jpg 1024w\" sizes=\"(max-width: 230px) 100vw, 230px\" \/><\/a><\/p>\n<p><strong>Entradas relacionadas:<\/strong><\/p>\n<p><a title=\"Permalink to Alcanza 92.3% cifra negra en seguridad en Oaxaca\" href=\"http:\/\/www.eloriente.net\/home\/2014\/07\/14\/alcanza-92-3-cifra-negra-en-seguridad-en-oaxaca\/\" rel=\"bookmark\">Alcanza 92.3% cifra negra en seguridad en Oaxaca<\/a><\/p>\n<p><a href=\"http:\/\/www.eloriente.net\/home\/2014\/07\/14\/alcanza-92-3-cifra-negra-en-seguridad-en-oaxaca\/\" rel=\"bookmark\"><img decoding=\"async\" title=\"Alcanza 92.3% cifra negra en seguridad en Oaxaca\" src=\"http:\/\/www.eloriente.net\/home\/wp-content\/themes\/city-desk\/timthumb.php?src=http%3A%2F%2Fwww.eloriente.net%2Fhome%2Fwp-content%2Fuploads%2F2014%2F07%2FC%C3%A1rcel-Por-Rock-Rejas-Sonidos-desde-la-C%C3%A1rcel-Gira-2003.jpg&amp;q=90&amp;w=160&amp;h=106&amp;zc=1\" alt=\"Alcanza 92.3% cifra negra en seguridad en Oaxaca\" \/><\/a><\/p>\n<p>eloriente.net 14\/julio\/2014 De acuerdo con la Encuesta Nacional de Victimizaci\u00f3n y Percepci\u00f3n sobre Seguridad P\u00fablica (Envipe) 2013, del Instituto Nacional de Estad\u00edstica y Geograf\u00eda (INEGI), publicado en septiembre de 2013, la cifra negra en el estado de Oaxaca alcanz\u00f3 una tasa de 92.3% durante el a\u00f1o 2012. \u00a0 \u00a0 La organizaci\u00f3n M\u00e9xico Eval\u00faa define como [&#8230;]<\/p>\n<p>July 14, 2014<\/p>\n<div id=\"post-29450\">\n<p><a title=\"Permalink to Video: Las cifras negras en seguridad, M\u00e9xico Eval\u00faa\" href=\"http:\/\/www.eloriente.net\/home\/2014\/07\/14\/video-las-cifras-negras-en-seguridad-mexico-evalua\/\" rel=\"bookmark\">Video: Las cifras negras en seguridad, M\u00e9xico Eval\u00faa<\/a><\/p>\n<p><a href=\"http:\/\/www.eloriente.net\/home\/2014\/07\/14\/video-las-cifras-negras-en-seguridad-mexico-evalua\/\" rel=\"bookmark\"><img decoding=\"async\" title=\"Video: Las cifras negras en seguridad, M\u00e9xico Eval\u00faa\" src=\"http:\/\/www.eloriente.net\/home\/wp-content\/themes\/city-desk\/timthumb.php?src=http%3A%2F%2Fwww.eloriente.net%2Fhome%2Fwp-content%2Fuploads%2F2014%2F07%2FEdna-Jaime-Youtube.png&amp;q=90&amp;w=160&amp;h=106&amp;zc=1\" alt=\"Video: Las cifras negras en seguridad, M\u00e9xico Eval\u00faa\" \/><\/a><\/p>\n<p>eloriente.net 14\/junio\/2014 En entrevista para la organizaci\u00f3n Red por la Rendici\u00f3n de Cuentas, Edna Jaime, directora de M\u00e9xico Eval\u00faa, instituci\u00f3n que se enfoca en la\u00a0evaluaci\u00f3n y monitoreo de la operaci\u00f3n gubernamental, habl\u00f3 sobre la transparencia entorno a la seguridad p\u00fablica y a los recursos que se ejercen en el pa\u00eds. Edna Jaime se\u00f1al\u00f3 que la [&#8230;]<\/p>\n<p>July 14, 2014<\/p>\n<\/div>\n<div id=\"post-29330\">\n<p><a title=\"Permalink to \u00bfDe verdad S-59 va a ir a la Corte Interamericana?\" href=\"http:\/\/www.eloriente.net\/home\/2014\/07\/11\/de-verdad-s-59-va-a-ir-a-la-corte-interamericana\/\" rel=\"bookmark\">\u00bfDe verdad S-59 va a ir a la Corte Interamericana?<\/a><\/p>\n<p><a href=\"http:\/\/www.eloriente.net\/home\/2014\/07\/11\/de-verdad-s-59-va-a-ir-a-la-corte-interamericana\/\" rel=\"bookmark\"><img decoding=\"async\" title=\"\u00bfDe verdad S-59 va a ir a la Corte Interamericana?\" src=\"http:\/\/www.eloriente.net\/home\/wp-content\/themes\/city-desk\/timthumb.php?src=http%3A%2F%2Fwww.eloriente.net%2Fhome%2Fwp-content%2Fuploads%2F2014%2F07%2FCorte-Interamericana-de-Derechos-Humanos-Por-Amnisti%CC%81a.jpg&amp;q=90&amp;w=160&amp;h=106&amp;zc=1\" alt=\"\u00bfDe verdad S-59 va a ir a la Corte Interamericana?\" \/><\/a><\/p>\n<p>eloriente.net 11\/julio\/2o14 Por: Adri\u00e1n Ort\u00edz Romero \u00bfDe verdad S-59 va a ir a la Corte Interamericana? Da\u00f1os a la educaci\u00f3n, vigentes; el medio, err\u00f3neo Dice la Secci\u00f3n 59 del Sindicato Nacional de Trabajadores de la Educaci\u00f3n \u2014disidente del magisterio democr\u00e1tico de la 22\u2014 que en breve iniciar\u00e1n una caravana motorizada rumbo a Costa Rica, para [&#8230;]<\/p>\n<p>July 11, 2014<\/p>\n<\/div>\n\n\t\t\t  <div \n\t\t\t  \tclass = \"fb-comments\" \n\t\t\t  \tdata-href = \"https:\/\/www.eloriente.net\/home\/2014\/08\/11\/denuncia-publica\/\"\n\t\t\t  \tdata-numposts = \"10\"\n\t\t\t\tdata-colorscheme = \"dark\"\n\t\t\t\tdata-order-by = \"social\"\n\t\t\t\tdata-mobile=true>\n\t\t\t  <\/div>\n\t\t  <style>\n\t\t\t.fb_iframe_widget_fluid_desktop iframe {\n\t\t\t    width: 100% !important;\n\t\t\t}\n\t\t  <\/style>\n\t\t  ","protected":false},"excerpt":{"rendered":"<p>eloriente.net 11\/agosto\/2014 A la opini\u00f3n p\u00fablica A los medios de comunicaci\u00f3n A las autoridades educativas Destapando la cloaca Cuotas Escolares, Bot\u00edn de comit\u00e9s y directores en Oaxaca Mientras que en el estado de Veracruz implementan medidas de control para evitar estafas en\u00a0 las escuelas que cobren cuotas obligatorias de inscripci\u00f3n a padres de familia con\u00a0 [&hellip;]<\/p>\n","protected":false},"author":1,"featured_media":30792,"comment_status":"open","ping_status":"open","sticky":false,"template":"","format":"standard","meta":{"_jetpack_memberships_contains_paid_content":false,"footnotes":""},"categories":[29,1588,49,18,32,63,10,23,464],"tags":[2258,2257],"class_list":["post-30790","post","type-post","status-publish","format-standard","has-post-thumbnail","hentry","category-capital","category-comunicados-y-boletines","category-destacadas","category-educacion-y-cultura","category-entradas","category-estados","category-lo-mas-reciente","category-municipios","category-oaxaca-estados","tag-escuela-gregorio-torres-quintero","tag-victor-manuel-gomez-aguero"],"jetpack_featured_media_url":"https:\/\/www.eloriente.net\/home\/wp-content\/uploads\/2014\/08\/solicitud-de-gastos.jpg","jetpack_sharing_enabled":true,"_links":{"self":[{"href":"https:\/\/www.eloriente.net\/home\/wp-json\/wp\/v2\/posts\/30790"}],"collection":[{"href":"https:\/\/www.eloriente.net\/home\/wp-json\/wp\/v2\/posts"}],"about":[{"href":"https:\/\/www.eloriente.net\/home\/wp-json\/wp\/v2\/types\/post"}],"author":[{"embeddable":true,"href":"https:\/\/www.eloriente.net\/home\/wp-json\/wp\/v2\/users\/1"}],"replies":[{"embeddable":true,"href":"https:\/\/www.eloriente.net\/home\/wp-json\/wp\/v2\/comments?post=30790"}],"version-history":[{"count":5,"href":"https:\/\/www.eloriente.net\/home\/wp-json\/wp\/v2\/posts\/30790\/revisions"}],"predecessor-version":[{"id":31003,"href":"https:\/\/www.eloriente.net\/home\/wp-json\/wp\/v2\/posts\/30790\/revisions\/31003"}],"wp:featuredmedia":[{"embeddable":true,"href":"https:\/\/www.eloriente.net\/home\/wp-json\/wp\/v2\/media\/30792"}],"wp:attachment":[{"href":"https:\/\/www.eloriente.net\/home\/wp-json\/wp\/v2\/media?parent=30790"}],"wp:term":[{"taxonomy":"category","embeddable":true,"href":"https:\/\/www.eloriente.net\/home\/wp-json\/wp\/v2\/categories?post=30790"},{"taxonomy":"post_tag","embeddable":true,"href":"https:\/\/www.eloriente.net\/home\/wp-json\/wp\/v2\/tags?post=30790"}],"curies":[{"name":"wp","href":"https:\/\/api.w.org\/{rel}","templated":true}]}}