{"id":31594,"date":"2014-08-28T08:40:53","date_gmt":"2014-08-28T14:40:53","guid":{"rendered":"http:\/\/www.eloriente.net\/home\/?p=31594"},"modified":"2014-08-28T08:43:09","modified_gmt":"2014-08-28T14:43:09","slug":"invalidas-las-elecciones-extraordinarias-de-san-antonio-de-la-cal","status":"publish","type":"post","link":"https:\/\/www.eloriente.net\/home\/2014\/08\/28\/invalidas-las-elecciones-extraordinarias-de-san-antonio-de-la-cal\/","title":{"rendered":"Invalidan las elecciones extraordinarias de San Antonio de la Cal"},"content":{"rendered":"<p>eloriente.net<\/p>\n<p>28\/agosto\/2014<\/p>\n<p>En sesi\u00f3n p\u00fablica del 25 de Agosto de 2014, la Sala Regional Xalapa del Tribunal Electoral del Poder Judicial de la Federaci\u00f3n, <a href=\"https:\/\/twitter.com\/@JaimeGuerrero08\">invalid\u00f3 las elecciones extraordinarias de San Antonio de la Cal<\/a> al considerar que se vulner\u00f3 el derecho de igualdad entre mujeres y hombres.<\/p>\n<p>Con esa determinaci\u00f3n del m\u00e1ximo tribunal electoral del pa\u00eds, quedaron revocadas las constancias de mayor\u00eda y validez otorgadas a favor de Juvenal Margarito Garc\u00eda M\u00e9ndez, Edgar M\u00e9ndez Cortes, Marcelino Canseco G\u00f3mez, David Arag\u00f3n Mecinas, Antonio Garc\u00eda Cuevas.<\/p>\n<p>Lo mismo de Juvenal Mart\u00ednez Mart\u00ednez, Roberto Morales M\u00e9ndez, Joel Alberto L\u00f3pez Canseco, Gregorio Mart\u00ednez Canseco, Jes\u00fas Antonio L\u00f3pez y Dionicio Efr\u00e9n Garc\u00eda Cuevas, as\u00ed como la de sus respectivos suplentes.<br \/>\nLos magistrados de la Sala Regional Xalapa del TEPJF, ordenaron al Instituto Estatal Electoral y de Participaci\u00f3n Ciudadana de Oaxaca (IEEPC) a que de inmediato, disponga lo necesario, suficiente y razonable para que se realicen nuevas elecciones de concejales en el municipio de San Antonio de la Cal.<\/p>\n<p>Para ello pidi\u00f3 que en Asambleas Generales Comunitarias se fijen reglas que permitan garantizar el efectivo acceso de las mujeres a ocupar cargos de elecci\u00f3n popular, para cuyos efectos se deber\u00e1 integrar, cuando menos, una terna, tanto de propietarios como suplentes, conformada exclusivamente por mujeres.<\/p>\n<p>Del mismo modo el TEPJF vincul\u00f3 a la LXII Legislatura y al Gobernador del Estado, Gabino Cu\u00e9 Monteagudo, para que en ejercicio de sus atribuciones determine lo que en derecho corresponda respecto de la administraci\u00f3n del Municipio de San Antonio de la Cal.<\/p>\n<p>Y es que los magistrados determinaron que conforme con lo dispuesto por en el art\u00edculo 1 de la Constituci\u00f3n las propias autoridades municipales tienen el deber jur\u00eddico de promover, respetar, proteger y garantizar los derechos humanos, de conformidad con los principios de universalidad, interdependencia, indivisibilidad y progresividad.<\/p>\n<p>Ello implica que si la comunidad de San Antonio de la Cal, ya hab\u00eda determinado que las mujeres integraran el cabildo de su municipio, no resulta v\u00e1lido que ahora dicho cabildo est\u00e9 conformado en su totalidad por hombres: \u00abEllo constituye una acci\u00f3n regresiva respecto del reconocimiento del derecho de las mujeres para ocupar cargos de representaci\u00f3n popular, inobservando la obligaci\u00f3n de adoptar acciones tendientes a eliminar toda pr\u00e1ctica discriminatoria y establecer mecanismos que aseguren a la mujer el acceso efectivo a desempe\u00f1ar cargos p\u00fablicos\u00bb, asienta el resolutivo.<\/p>\n<p>En tal sentido, se revoc\u00f3 la resoluci\u00f3n dictada por el Tribunal Estatal Electoral del Poder Judicial de Oaxaca, en el expediente JDCI\/26\/2014 y su acumulado JDCI\/27\/2014 que confirm\u00f3 la validez de la elecci\u00f3n de Concejales al Ayuntamiento de San Antonio de la Cal, celebrada el 26 de abril del 2014.<\/p>\n<p>De la misma manera se revoc\u00f3 el acuerdo CG-IEEPCO-SNI-8\/2014, de 8 de mayo de 2014, emitido por el IEEPCO, por el que declar\u00f3 la validez de la elecci\u00f3n de concejales del ayuntamiento de San Antonio de la Cal.<\/p>\n<p>ELORIENTE.NET pone a tu disposici\u00f3n el video de la sesi\u00f3n p\u00fablica del 25 de agosto bajo el siguiente enlace: <a href=\"http:\/\/www.trife.gob.mx\/noticias-opinion-y-eventos\/sesiones-publicas\/3\/1409010300#video\">Sesi\u00f3n P\u00fablica del TEPJF, Sala Xalapa &#8211; 25 de agosto 2014<\/a>.<\/p>\n<p><a href=\"http:\/\/www.eloriente.net\/home\/wp-content\/uploads\/2014\/08\/San-Antonio-de-la-Cal.jpg\"><img loading=\"lazy\" decoding=\"async\" class=\"alignnone size-medium wp-image-31595\" title=\"San Antonio de la Cal\" src=\"http:\/\/www.eloriente.net\/home\/wp-content\/uploads\/2014\/08\/San-Antonio-de-la-Cal-300x225.jpg\" alt=\"\" width=\"300\" height=\"225\" srcset=\"https:\/\/www.eloriente.net\/home\/wp-content\/uploads\/2014\/08\/San-Antonio-de-la-Cal-300x225.jpg 300w, https:\/\/www.eloriente.net\/home\/wp-content\/uploads\/2014\/08\/San-Antonio-de-la-Cal.jpg 640w\" sizes=\"(max-width: 300px) 100vw, 300px\" \/><\/a><\/p>\n<p><a title=\"Ir a la galer\u00eda de Matt Lavin\" href=\"https:\/\/www.flickr.com\/photos\/plant_diversity\/\" data-track=\"attributionNameClick\" data-rapid_p=\"21\">Matt Lavin<\/a>\u00a0&#8211;\u00a0<a href=\"https:\/\/creativecommons.org\/licenses\/by-sa\/2.0\/\">Algunos derechos reservados<\/a><\/p>\n<p><strong>Entradas relacionadas:<\/strong><\/p>\n<p><a title=\"Permalink to Presentan examen oral aspirantes a plazas de secretarios judiciales\" href=\"http:\/\/www.eloriente.net\/home\/2014\/08\/26\/presentan-examen-oral-aspirantes-a-plazas-de-secretarios-judiciales\/\" rel=\"bookmark\">Presentan examen oral aspirantes a plazas de secretarios judiciales<\/a><\/p>\n<p><a href=\"http:\/\/www.eloriente.net\/home\/2014\/08\/26\/presentan-examen-oral-aspirantes-a-plazas-de-secretarios-judiciales\/\" rel=\"bookmark\"><img decoding=\"async\" title=\"Presentan examen oral aspirantes a plazas de secretarios judiciales\" src=\"http:\/\/www.eloriente.net\/home\/wp-content\/themes\/city-desk\/timthumb.php?src=http%3A%2F%2Fwww.eloriente.net%2Fhome%2Fwp-content%2Fuploads%2F2014%2F08%2FPostulantes-al-cargo-de-secretarios-contin%C3%BAan-siendo-evaluados-T.jpg&amp;q=90&amp;w=160&amp;h=106&amp;zc=1\" alt=\"Presentan examen oral aspirantes a plazas de secretarios judiciales\" \/><\/a><\/p>\n<p>eloriente.net 26\/agosto\/2014 \u2022 El magistrado Alfredo Lagunas Rivera se reuni\u00f3 con los 86 postulantes que este lunes presentaron examen oral ante el Consejo de la Judicatura El titular del Poder Judicial del Estado, magistrado Alfredo Rodrigo Lagunas Rivera, atestigu\u00f3 este lunes el proceso de evaluaci\u00f3n oral correspondiente a la segunda etapa del concurso de oposici\u00f3n [&#8230;]<\/p>\n<p>August 26, 2014<\/p>\n<div id=\"post-31419\">\n<p><a title=\"Permalink to La orden de protecci\u00f3n como garant\u00eda para las mujeres v\u00edctimas de violencia\" href=\"http:\/\/www.eloriente.net\/home\/2014\/08\/25\/la-orden-de-proteccion-como-garantia-para-las-mujeres-victimas-de-violencia\/\" rel=\"bookmark\">La orden de protecci\u00f3n como garant\u00eda para las mujeres v\u00edctimas de violencia<\/a><\/p>\n<p><a href=\"http:\/\/www.eloriente.net\/home\/2014\/08\/25\/la-orden-de-proteccion-como-garantia-para-las-mujeres-victimas-de-violencia\/\" rel=\"bookmark\"><img decoding=\"async\" title=\"La orden de protecci\u00f3n como garant\u00eda para las mujeres v\u00edctimas de violencia\" src=\"http:\/\/www.eloriente.net\/home\/wp-content\/themes\/city-desk\/timthumb.php?src=http%3A%2F%2Fwww.eloriente.net%2Fhome%2Fwp-content%2Fuploads%2F2014%2F08%2FHombres-y-mujeres-se-informan-sobre-las-%C3%B3rdenes-de-protecci%C3%B3n.jpg&amp;q=90&amp;w=160&amp;h=106&amp;zc=1\" alt=\"La orden de protecci\u00f3n como garant\u00eda para las mujeres v\u00edctimas de violencia\" \/><\/a><\/p>\n<p>eloriente.net 25\/agosto\/2014 \u00b7 En el marco del D\u00eda Naranja, el Poder Judicial del Estado distribuir\u00e1 folletos informativos sobre el tema, anunci\u00f3 el magistrado Alfredo Rodrigo Lagunas Rivera Ante el riesgo de perder la vida o ver afectada su integridad f\u00edsica y emocional, toda mujer tiene la facultad de acudir a la autoridad jurisdiccional y solicitar [&#8230;]<\/p>\n<p>August 25, 2014<\/p>\n<\/div>\n<div id=\"post-31372\">\n<p><a title=\"Permalink to Programa de Empleo Temporal por Municipio de Oaxaca y SEDESOL\" href=\"http:\/\/www.eloriente.net\/home\/2014\/08\/23\/programa-de-empleo-temporal-por-municipio-de-oaxaca-y-sedesol\/\" rel=\"bookmark\">Programa de Empleo Temporal por Municipio de Oaxaca y SEDESOL<\/a><\/p>\n<p><a href=\"http:\/\/www.eloriente.net\/home\/2014\/08\/23\/programa-de-empleo-temporal-por-municipio-de-oaxaca-y-sedesol\/\" rel=\"bookmark\"><img decoding=\"async\" title=\"Programa de Empleo Temporal por Municipio de Oaxaca y SEDESOL\" src=\"http:\/\/www.eloriente.net\/home\/wp-content\/themes\/city-desk\/timthumb.php?src=http%3A%2F%2Fwww.eloriente.net%2Fhome%2Fwp-content%2Fuploads%2F2014%2F08%2FFirma-de-convenio-SEDESOL-2.jpg&amp;q=90&amp;w=160&amp;h=106&amp;zc=1\" alt=\"Programa de Empleo Temporal por Municipio de Oaxaca y SEDESOL\" \/><\/a><\/p>\n<p>eloriente.net 23\/agosto\/2014 El Municipio de Oaxaca de Ju\u00e1rez y la Secretar\u00eda de Desarrollo Social (SEDESOL) establecieron un convenio de colaboraci\u00f3n que permitir\u00e1 ejercer en la capital recursos del Programa de Empleo Temporal por un monto de 12 millones 457 mil 777 pesos, beneficiando con ello a 5 mil 273 oaxaque\u00f1os que habitan en zonas de [&#8230;]<\/p>\n<p>August 23, 2014<\/p>\n<\/div>\n<p>&nbsp;<\/p>\n\n\t\t\t  <div \n\t\t\t  \tclass = \"fb-comments\" \n\t\t\t  \tdata-href = \"https:\/\/www.eloriente.net\/home\/2014\/08\/28\/invalidas-las-elecciones-extraordinarias-de-san-antonio-de-la-cal\/\"\n\t\t\t  \tdata-numposts = \"10\"\n\t\t\t\tdata-colorscheme = \"dark\"\n\t\t\t\tdata-order-by = \"social\"\n\t\t\t\tdata-mobile=true>\n\t\t\t  <\/div>\n\t\t  <style>\n\t\t\t.fb_iframe_widget_fluid_desktop iframe {\n\t\t\t    width: 100% !important;\n\t\t\t}\n\t\t  <\/style>\n\t\t  ","protected":false},"excerpt":{"rendered":"<p>eloriente.net 28\/agosto\/2014 En sesi\u00f3n p\u00fablica del 25 de Agosto de 2014, la Sala Regional Xalapa del Tribunal Electoral del Poder Judicial de la Federaci\u00f3n, invalid\u00f3 las elecciones extraordinarias de San Antonio de la Cal al considerar que se vulner\u00f3 el derecho de igualdad entre mujeres y hombres. Con esa determinaci\u00f3n del m\u00e1ximo tribunal electoral del [&hellip;]<\/p>\n","protected":false},"author":1,"featured_media":31595,"comment_status":"open","ping_status":"open","sticky":false,"template":"","format":"standard","meta":{"_jetpack_memberships_contains_paid_content":false,"footnotes":""},"categories":[71,32,63,10,464,21],"tags":[369,2495,1182],"class_list":["post-31594","post","type-post","status-publish","format-standard","has-post-thumbnail","hentry","category-elecciones","category-entradas","category-estados","category-lo-mas-reciente","category-oaxaca-estados","category-politica-y-gobierno","tag-elecciones-2","tag-san-antonio-de-la-cal","tag-tepjf"],"jetpack_featured_media_url":"https:\/\/www.eloriente.net\/home\/wp-content\/uploads\/2014\/08\/San-Antonio-de-la-Cal.jpg","jetpack_sharing_enabled":true,"_links":{"self":[{"href":"https:\/\/www.eloriente.net\/home\/wp-json\/wp\/v2\/posts\/31594"}],"collection":[{"href":"https:\/\/www.eloriente.net\/home\/wp-json\/wp\/v2\/posts"}],"about":[{"href":"https:\/\/www.eloriente.net\/home\/wp-json\/wp\/v2\/types\/post"}],"author":[{"embeddable":true,"href":"https:\/\/www.eloriente.net\/home\/wp-json\/wp\/v2\/users\/1"}],"replies":[{"embeddable":true,"href":"https:\/\/www.eloriente.net\/home\/wp-json\/wp\/v2\/comments?post=31594"}],"version-history":[{"count":2,"href":"https:\/\/www.eloriente.net\/home\/wp-json\/wp\/v2\/posts\/31594\/revisions"}],"predecessor-version":[{"id":31597,"href":"https:\/\/www.eloriente.net\/home\/wp-json\/wp\/v2\/posts\/31594\/revisions\/31597"}],"wp:featuredmedia":[{"embeddable":true,"href":"https:\/\/www.eloriente.net\/home\/wp-json\/wp\/v2\/media\/31595"}],"wp:attachment":[{"href":"https:\/\/www.eloriente.net\/home\/wp-json\/wp\/v2\/media?parent=31594"}],"wp:term":[{"taxonomy":"category","embeddable":true,"href":"https:\/\/www.eloriente.net\/home\/wp-json\/wp\/v2\/categories?post=31594"},{"taxonomy":"post_tag","embeddable":true,"href":"https:\/\/www.eloriente.net\/home\/wp-json\/wp\/v2\/tags?post=31594"}],"curies":[{"name":"wp","href":"https:\/\/api.w.org\/{rel}","templated":true}]}}