{"id":32430,"date":"2014-09-22T00:00:46","date_gmt":"2014-09-22T06:00:46","guid":{"rendered":"http:\/\/www.eloriente.net\/home\/?p=32430"},"modified":"2014-09-23T08:28:38","modified_gmt":"2014-09-23T14:28:38","slug":"oaxaca-que-es-la-ley-chaleco-lunesdepolitica","status":"publish","type":"post","link":"https:\/\/www.eloriente.net\/home\/2014\/09\/22\/oaxaca-que-es-la-ley-chaleco-lunesdepolitica\/","title":{"rendered":"Oaxaca: \u00bfQu\u00e9 es la Ley Chaleco? #LunesdePol\u00edtica"},"content":{"rendered":"<p>eloriente.net<\/p>\n<p>22\/septiembre\/2014<\/p>\n<p>El pasado 8 de septiembre, el Secretario de Seguridad P\u00fablica de Oaxaca, Alberto Esteva Salinas, anunci\u00f3\u00a0la implementaci\u00f3n del uso obligatorio del chaleco y casco rotulado para los motociclistas del estado. A partir de enero de 2015,\u00a0toda persona que circule en este tipo de unidades deber\u00e1 portar un chaleco con cintas reflejantes en el que deber\u00e1 mostrar en la espalda su n\u00famero de placas. El titular de la SSPO justifica la acci\u00f3n, afirmando que muchos delitos son cometidos utilizando este medio de transporte y que la medida busca la reducci\u00f3n de los mismos. Una iniciativa similar en el estado de Colima, fue denominada \u00abLey Chaleco\u00bb pero fue derogada dicha al ser violatoria de los derechos humanos de los conductores de motocicletas.<\/p>\n<p>Los primeros en oponerse a la iniciativa han sido los mismos motociclistas, <a href=\"https:\/\/www.facebook.com\/profile.php?id=100007948969381\" target=\"_blank\">quienes a trav\u00e9s de una convocatoria v\u00eda redes sociales<\/a>, organizaron una protesta el 14 de septiembre que tuvo como punto de reuni\u00f3n el Paseo Ju\u00e1rez \u00abEl Llano\u00bb, donde una\u00a0comisi\u00f3n representando a Alberto Esteva Salinas, conformada por Eduardo Mart\u00ednez Olivera, director de la PABIC; Gustavo Vel\u00e1squez Lavariega, coordinador de asesores de la SSP \u00a0y Manuel Maza S\u00e1nchez, ex director del Instituto Estatal de Protecci\u00f3n Civil, asisti\u00f3 para dialogar con los manifestantes.<\/p>\n<p>En palabras de los organizadores de esta protesta y replicadas por <a href=\"http:\/\/imparcialoaxaca.mx\/la-capital\/SD\/motociclistas-se-mofan-de-ley-chaleco\" target=\"_blank\">El Imparcial<\/a>: <em>\u00abLos precios que se\u00f1alan son: alta de placas 900 pesos; tenencia del a\u00f1o, mil 200 pesos; casco \u201ccertificado por vialidad y transporte\u201d, cinco mil pesos; chaleco con matr\u00edcula certificada, dos mil pesos; verificaci\u00f3n de contaminantes, 500 pesos, verificaci\u00f3n f\u00edsico-mec\u00e1nica, 300 pesos e impuestos varios, 800 pesos\u00bb,<\/em>\u00a0precios que parecen excesivos, considerando que pueden los veh\u00edculos nuevos de este tipo m\u00e1s baratos, pueden adquirirse sobre los 10 mil pesos.<\/p>\n<p>Otro grupo que se ha postulado en contra de la propuesta, est\u00e1 integrado por los diputados Gerardo Garc\u00eda Henestroza, Fredy Gil Pineda Gopar, Manuel P\u00e9rez Morales y Alejandra Garc\u00eda Morlan. El diputado <a href=\"http:\/\/www.tvbus.tv\/portal\/index.php?op=noticias&amp;seccion=estatal&amp;id=37110\" target=\"_blank\">Garc\u00eda Henestroza<\/a>, afirm\u00f3 que el programa se propuso sin el respaldo de un estudio o consulta, a pesar de existir quejas por parte de los motociclistas de ser un acto violatorio a sus derechos humanos y al Art\u00edculo Primero Constitucional; tambi\u00e9n dijo que\u00a0los delitos que se cometen en mayor n\u00famero en nuestro Estado no tienen relaci\u00f3n alguna con el uso de la motocicleta, como el secuestro o la extorsi\u00f3n: <em>\u00abNos pronunciamos por la implementaci\u00f3n de las placas y casco obligatorios, as\u00ed como la circulaci\u00f3n por el carril derecho y que el n\u00famero de pasajeros no sea mayor de dos y mayores de edad, a fin de garantizar la seguridad de los propios motociclistas, de otros conductores y de los peatones\u00bb<\/em> palabras apoyadas por uno de los voceros de los motociclistas: <em>\u00abEstamos conscientes en el uso del casco, de la reglamentaci\u00f3n necesaria en las motocicletas, pero eso de que quieran imponernos el uso del chaleco con la matr\u00edcula&#8230;\u00bb<\/em><\/p>\n<p>Por el momento, la vigente Ley de Transporte del Estado de Oaxaca, aprobada el 12 de noviembre del 2013 y publicado en el Perio\u0301dico Oficial Extra del 9 de diciembre del 2013, no contempla ning\u00fan concepto relativo al chaleco en los motociclistas.\u00a0Lo que s\u00ed es un hecho, es que la propuesta presentada durante el informe mensual de resultados del programa estatal de prevenci\u00f3n y combate a la inseguridad de la procuradur\u00eda estatal y de la Secretar\u00eda de Seguridad P\u00fablica, s\u00ed <a href=\"http:\/\/www.jornada.unam.mx\/2014\/09\/09\/estados\/034n2est\" target=\"_blank\">obligar\u00e1 a\u00a0los polic\u00edas a cumplir la disposici\u00f3n del casco y chaleco de manera inmediata<\/a>.<\/p>\n<p>Ponemos a tu disposici\u00f3n la Ley de Transporte del Estado de Oaxaca:<\/p>\n<p><iframe loading=\"lazy\" src=\"\/\/e.issuu.com\/embed.html#5422719\/9398445\" frameborder=\"0\" width=\"525\" height=\"340\"><\/iframe><\/p>\n<p><a href=\"http:\/\/www.eloriente.net\/home\/wp-content\/uploads\/2014\/09\/Moto-bergaralfoto.jpg\"><img loading=\"lazy\" decoding=\"async\" class=\"alignnone size-medium wp-image-32434\" title=\"Moto - bergaralfoto\" src=\"http:\/\/www.eloriente.net\/home\/wp-content\/uploads\/2014\/09\/Moto-bergaralfoto-300x200.jpg\" alt=\"\" width=\"300\" height=\"200\" \/><\/a><\/p>\n<p>Foto:\u00a0<a title=\"Ir a la galer\u00eda de &quot;bergaralphoto&quot; Ramon Rodriguez Martinez\" href=\"https:\/\/www.flickr.com\/photos\/28806635@N08\/\" data-track=\"attributionNameClick\" data-rapid_p=\"22\">\u00abbergaralphoto\u00bb Ramon R<\/a>\u00a0&#8211;\u00a0<a href=\"https:\/\/creativecommons.org\/licenses\/by-sa\/2.0\/\">Algunos derechos reservados<\/a><\/p>\n<p><strong>Entradas relacionadas:<\/strong><\/p>\n<p><a title=\"Permalink to Conflicto pol\u00edtico de Seguridad en Oaxaca\" href=\"http:\/\/www.eloriente.net\/home\/2014\/09\/15\/conflicto-politico-de-seguridad-en-oaxaca\/\" rel=\"bookmark\">Conflicto pol\u00edtico de Seguridad en Oaxaca<\/a><\/p>\n<p><a href=\"http:\/\/www.eloriente.net\/home\/2014\/09\/15\/conflicto-politico-de-seguridad-en-oaxaca\/\" rel=\"bookmark\"><img decoding=\"async\" title=\"Conflicto pol\u00edtico de Seguridad en Oaxaca\" src=\"http:\/\/www.eloriente.net\/home\/wp-content\/themes\/city-desk\/timthumb.php?src=http%3A%2F%2Fwww.eloriente.net%2Fhome%2Fwp-content%2Fuploads%2F2013%2F10%2FPARED-DE-OAXACA-Atribucio%CC%81nCompartir-bajo-la-misma-licencia-Algunos-derechos-reservados-por-Mal-de-Ojo-Inseguridad.jpg&amp;q=90&amp;w=160&amp;h=106&amp;zc=1\" alt=\"Conflicto pol\u00edtico de Seguridad en Oaxaca\" \/><\/a><\/p>\n<p>eloriente.net 15 de septiembre de 2014 Ninguna fecha pudo ser mejor seleccionada por los organizadores del paro de la polic\u00eda local como este 15 de septiembre. Al cuarto para las doce, cuando los esfuerzos de negociaci\u00f3n gubernamentales y la atenci\u00f3n de los medios de comunicaci\u00f3n se enfocaban en los profesores de la Secci\u00f3n 22 y [&#8230;]<\/p>\n<p>September 15, 2014<\/p>\n<p><a title=\"Permalink to CORTV: directivos hacen indeseable a TV oficial\" href=\"http:\/\/www.eloriente.net\/home\/2014\/09\/19\/cortv-directivos-hacen-indeseable-a-tv-oficial\/\" rel=\"bookmark\">CORTV: directivos hacen indeseable a TV oficial<\/a><\/p>\n<p><a href=\"http:\/\/www.eloriente.net\/home\/2014\/09\/19\/cortv-directivos-hacen-indeseable-a-tv-oficial\/\" rel=\"bookmark\"><img decoding=\"async\" title=\"CORTV: directivos hacen indeseable a TV oficial\" src=\"http:\/\/www.eloriente.net\/home\/wp-content\/themes\/city-desk\/timthumb.php?src=http%3A%2F%2Fwww.eloriente.net%2Fhome%2Fwp-content%2Fuploads%2F2014%2F04%2FIntersecciones-Por-CORTV.jpg&amp;q=90&amp;w=160&amp;h=106&amp;zc=1\" alt=\"CORTV: directivos hacen indeseable a TV oficial\" \/><\/a><\/p>\n<p>eloriente.net 19\/septiembre\/2014 Por\u00a0Adri\u00e1n Ortiz Romero Demuestran su sometimiento e inconsciencia Durante el Desfile C\u00edvico-Militar del 16 de septiembre en Oaxaca, la Corporaci\u00f3n Oaxaque\u00f1a de Radio y Televisi\u00f3n (CORTV) decidi\u00f3 interrumpir la transmisi\u00f3n para evitar que aparecieran, en las pantallas de sus televidentes, im\u00e1genes de las protestas que realizan empleados y elementos de la Secretar\u00eda de [&#8230;]<\/p>\n<p>September 19, 2014<\/p>\n<p><a title=\"Permalink to Polic\u00edas de Oaxaca en paro\" href=\"http:\/\/www.eloriente.net\/home\/2014\/09\/14\/policias-de-oaxaca-en-paro\/\" rel=\"bookmark\">Polic\u00edas de Oaxaca en paro<\/a><\/p>\n<p><a href=\"http:\/\/www.eloriente.net\/home\/2014\/09\/14\/policias-de-oaxaca-en-paro\/\" rel=\"bookmark\"><img decoding=\"async\" title=\"Polic\u00edas de Oaxaca en paro\" src=\"http:\/\/www.eloriente.net\/home\/wp-content\/themes\/city-desk\/timthumb.php?src=http%3A%2F%2Fwww.eloriente.net%2Fhome%2Fwp-content%2Fuploads%2F2013%2F01%2FSSP.jpg&amp;q=90&amp;w=160&amp;h=106&amp;zc=1\" alt=\"Polic\u00edas de Oaxaca en paro\" \/><\/a><\/p>\n<p>eloriente.net 15\/septiembre\/2014 La ma\u00f1ana de ayer domingo, Polic\u00edas de Oaxaca iniciaron un paro de labores, en el que tienen como m\u00e1xima exigencia, la renuncia de Alberto Esteva Salinas, Secretario de Seguridad P\u00fablica, as\u00ed como una auditor\u00eda de su gesti\u00f3n. El anuncio de paro fue dado el viernes pasado, pero fue hasta el domingo que unos [&#8230;]<\/p>\n<p>September 14, 2014<\/p>\n\n\t\t\t  <div \n\t\t\t  \tclass = \"fb-comments\" \n\t\t\t  \tdata-href = \"https:\/\/www.eloriente.net\/home\/2014\/09\/22\/oaxaca-que-es-la-ley-chaleco-lunesdepolitica\/\"\n\t\t\t  \tdata-numposts = \"10\"\n\t\t\t\tdata-colorscheme = \"dark\"\n\t\t\t\tdata-order-by = \"social\"\n\t\t\t\tdata-mobile=true>\n\t\t\t  <\/div>\n\t\t  <style>\n\t\t\t.fb_iframe_widget_fluid_desktop iframe {\n\t\t\t    width: 100% !important;\n\t\t\t}\n\t\t  <\/style>\n\t\t  ","protected":false},"excerpt":{"rendered":"<p>eloriente.net 22\/septiembre\/2014 El pasado 8 de septiembre, el Secretario de Seguridad P\u00fablica de Oaxaca, Alberto Esteva Salinas, anunci\u00f3\u00a0la implementaci\u00f3n del uso obligatorio del chaleco y casco rotulado para los motociclistas del estado. A partir de enero de 2015,\u00a0toda persona que circule en este tipo de unidades deber\u00e1 portar un chaleco con cintas reflejantes en el [&hellip;]<\/p>\n","protected":false},"author":1,"featured_media":32503,"comment_status":"open","ping_status":"open","sticky":false,"template":"","format":"standard","meta":{"_jetpack_memberships_contains_paid_content":false,"footnotes":""},"categories":[2434,32,10,21,31],"tags":[2624,4082,2625],"class_list":["post-32430","post","type-post","status-publish","format-standard","has-post-thumbnail","hentry","category-lunesdepolitica","category-entradas","category-lo-mas-reciente","category-politica-y-gobierno","category-principal","tag-leychaleco","tag-lunesdepolitica","tag-ley-chaleco"],"jetpack_featured_media_url":"https:\/\/www.eloriente.net\/home\/wp-content\/uploads\/2014\/09\/Moto-bergaralfoto2.jpg","jetpack_sharing_enabled":true,"_links":{"self":[{"href":"https:\/\/www.eloriente.net\/home\/wp-json\/wp\/v2\/posts\/32430"}],"collection":[{"href":"https:\/\/www.eloriente.net\/home\/wp-json\/wp\/v2\/posts"}],"about":[{"href":"https:\/\/www.eloriente.net\/home\/wp-json\/wp\/v2\/types\/post"}],"author":[{"embeddable":true,"href":"https:\/\/www.eloriente.net\/home\/wp-json\/wp\/v2\/users\/1"}],"replies":[{"embeddable":true,"href":"https:\/\/www.eloriente.net\/home\/wp-json\/wp\/v2\/comments?post=32430"}],"version-history":[{"count":5,"href":"https:\/\/www.eloriente.net\/home\/wp-json\/wp\/v2\/posts\/32430\/revisions"}],"predecessor-version":[{"id":32436,"href":"https:\/\/www.eloriente.net\/home\/wp-json\/wp\/v2\/posts\/32430\/revisions\/32436"}],"wp:featuredmedia":[{"embeddable":true,"href":"https:\/\/www.eloriente.net\/home\/wp-json\/wp\/v2\/media\/32503"}],"wp:attachment":[{"href":"https:\/\/www.eloriente.net\/home\/wp-json\/wp\/v2\/media?parent=32430"}],"wp:term":[{"taxonomy":"category","embeddable":true,"href":"https:\/\/www.eloriente.net\/home\/wp-json\/wp\/v2\/categories?post=32430"},{"taxonomy":"post_tag","embeddable":true,"href":"https:\/\/www.eloriente.net\/home\/wp-json\/wp\/v2\/tags?post=32430"}],"curies":[{"name":"wp","href":"https:\/\/api.w.org\/{rel}","templated":true}]}}