{"id":32557,"date":"2014-09-25T00:00:35","date_gmt":"2014-09-25T06:00:35","guid":{"rendered":"http:\/\/www.eloriente.net\/home\/?p=32557"},"modified":"2014-09-25T08:20:55","modified_gmt":"2014-09-25T14:20:55","slug":"la-mision-una-partitura-que-hace-de-esta-pelicula-algo-eterno","status":"publish","type":"post","link":"https:\/\/www.eloriente.net\/home\/2014\/09\/25\/la-mision-una-partitura-que-hace-de-esta-pelicula-algo-eterno\/","title":{"rendered":"\u00abLa Misi\u00f3n\u00bb: Una partitura que hace de esta pel\u00edcula algo eterno"},"content":{"rendered":"<p>eloriente.net<\/p>\n<p>25\/septiembre\/2014<\/p>\n<p style=\"text-align: right;\"><a href=\"http:\/\/www.eloriente.net\/home\/category\/colaboradores\/vitor-lopez-velarde\/\" target=\"_blank\">Por V\u00edctor L\u00f3pez Velarde<\/a><\/p>\n<p>\u00abLa Misi\u00f3n\u00bb es de aquellas pel\u00edculas en las que el di\u00e1logo escasea. Quiz\u00e1 sea porque las actuaciones de DeNiro e Irons dicen m\u00e1s que un discurso de redenci\u00f3n, tal vez se deba a que su fotograf\u00eda es capaz de retratar la belleza que pobla nuestro planeta o puede que la banda sonora de Ennio Morricone sea el mejor narrador de una historia en la que se muestra lo mejor y peor de la condici\u00f3n humana, as\u00ed como su inevitable debilidad.<\/p>\n<p>A pesar de que la religi\u00f3n est\u00e9 presente en gran parte del argumento de la pel\u00edcula, no ser\u00eda correcto catalogarla como una historia religiosa, pues el gui\u00f3n s\u00f3lo se apoya en la religi\u00f3n para diseccionar el tema a partir del cual girar\u00e1 toda la historia: la fe humana y lo f\u00e1cil que es quebrantarla.<\/p>\n<p>Un implacable Jeremy Irons une fuerzas con un extraordinario Robert DeNiro (entra\u00f1able \u00e9poca en la que ambos actores sab\u00edan escoger buenos papeles) para retratar este viaje de auto redenci\u00f3n en el que se erige un discurso en el cual se discute la naturaleza del ser humano, capaz de destruir todo lo que encuentre a su paso con tal de saciarse de poder.<\/p>\n<p>Mientras Irons asume el papel que retrata la bondad y el perd\u00f3n, DeNiro borda un papel que representa la ira y desesperanza, un personaje que pasar\u00e1 a expiar sus culpas en una de de las escenas m\u00e1s emblem\u00e1ticas del filme. Los caracteres de estos dos hombres ser\u00e1n el cimiento de una de las traves\u00edas m\u00e1s esperanzadoras del cine.<\/p>\n<p>As\u00ed es como el Padre Gabriel (Irons) se hace cargo de liderar la misi\u00f3n evangelizadora de San Carlos, a la vez de lidiar con la falta de fe de Rodrigo Mendoza (DeNiro), un alma culpable que divaga por su vida traficando a ind\u00edgenas de las tierras latinoamericanasy que se tortura por el asesinato de su hermano, un hecho que dej\u00f3 su vida hecha pedazos.<\/p>\n<p>El padre Gabriel se dar\u00e1 la tarea de encaminar a dicha causa perdida y es as\u00ed que a trav\u00e9s del contacto con esta nueva cultura, Rodrigo podr\u00e1 liberar los rencores y culpas que lo ten\u00edan atado a una vida carente de significado y de ese modo renacer bajo el manto de las tradiciones de este nuevo mundo que sana su da\u00f1ado esp\u00edritu.<\/p>\n<p>Se podr\u00eda acusar que la pel\u00edcula es pretenciosa tanto en su argumento (en esa constante necesidad de evocar frases y reflexiones sobre la fe y la existencia humana que tanto encanta a La Academia) as\u00ed como en su cuidada est\u00e9tica, pero es precisamente este tratamiento lo que hace que la pel\u00edcula alcance pasajes po\u00e9ticos que precisamente son un di\u00e1logos interno con el alma de los espectadores .<\/p>\n<p>Varias secuencias adem\u00e1s de poseer una aut\u00e9ntica belleza; pueden dar lugar a distintas lecturas seg\u00fan la interpretaci\u00f3n que decida darleespectador y ah\u00ed es cuando quiz\u00e1s la religi\u00f3n pueda darle quiz\u00e1s un significado mayor o menor a cada uno de las met\u00e1foras planteadas en el filme. La relaci\u00f3n entre el Padre Gabriel y Rodrigo Mendoza es tan sincera, que ambos terminan convirti\u00e9ndose en personas cercanas a la audiencia, adem\u00e1s de dejar frases que por momentos podr\u00edan funcionar como la moraleja de una f\u00e1bula.<\/p>\n<p>A la par de una puesta en escena deslumbrante, el gui\u00f3n igualmente remata cualquier emoci\u00f3n a trav\u00e9s de un logrado desarrollo de la psique de los personajes, as\u00ed podemos evolucionar junto con ellos y vivir la experiencia como si tambi\u00e9n nosotros fu\u00e9ramos parte de La Misi\u00f3n.<\/p>\n<p>Adem\u00e1s de la notable direcci\u00f3n, maravillosa fotograf\u00eda y grandes interpretaciones; si hay algo que hace de esta pel\u00edcula inmortal, es la partitura que se fusiona con las portentosas l\u00e1grimas de DeNiro y dota de voz a ese paisaje, haciendo que esta pel\u00edcula sea algo m\u00e1s que un simple largometraje, sino que sea un viaje en el que nos reconciliemos con nuestra fe.<\/p>\n<p><a href=\"http:\/\/www.eloriente.net\/home\/wp-content\/uploads\/2014\/09\/Robert-de-Niro-Siebbi.jpg\"><img loading=\"lazy\" decoding=\"async\" class=\"alignnone size-medium wp-image-32558\" title=\"Robert de Niro - Siebbi\" src=\"http:\/\/www.eloriente.net\/home\/wp-content\/uploads\/2014\/09\/Robert-de-Niro-Siebbi-300x200.jpg\" alt=\"\" width=\"300\" height=\"200\" srcset=\"https:\/\/www.eloriente.net\/home\/wp-content\/uploads\/2014\/09\/Robert-de-Niro-Siebbi-300x200.jpg 300w, https:\/\/www.eloriente.net\/home\/wp-content\/uploads\/2014\/09\/Robert-de-Niro-Siebbi.jpg 1024w\" sizes=\"(max-width: 300px) 100vw, 300px\" \/><\/a><\/p>\n<p>Foto:\u00a0<a title=\"Ir a la galer\u00eda de Siebbi\" href=\"https:\/\/www.flickr.com\/photos\/siebbi\/\" data-track=\"attributionNameClick\" data-rapid_p=\"22\">Siebbi<\/a>\u00a0&#8211;\u00a0<a href=\"https:\/\/creativecommons.org\/licenses\/by-sa\/2.0\/\">Algunos derechos reservados<\/a><\/p>\n<p><strong>Entradas relacionadas:<\/strong><\/p>\n<p><a title=\"Permalink to Entrevista a Edui Tijerina Chapa, guionista de Cantinflas #JuevesdeCineySeries\" href=\"http:\/\/www.eloriente.net\/home\/2014\/09\/18\/entrevista-a-edui-tijerina-chapa-guionista-de-cantinflas-juevesdecineyseries\/\" rel=\"bookmark\">Entrevista a Edui Tijerina Chapa, guionista de Cantinflas #JuevesdeCineySeries<\/a><\/p>\n<p><a href=\"http:\/\/www.eloriente.net\/home\/2014\/09\/18\/entrevista-a-edui-tijerina-chapa-guionista-de-cantinflas-juevesdecineyseries\/\" rel=\"bookmark\"><img decoding=\"async\" title=\"Entrevista a Edui Tijerina Chapa, guionista de Cantinflas #JuevesdeCineySeries\" src=\"http:\/\/www.eloriente.net\/home\/wp-content\/themes\/city-desk\/timthumb.php?src=http%3A%2F%2Fwww.eloriente.net%2Fhome%2Fwp-content%2Fuploads%2F2014%2F09%2FCantinflas-Gabriel-Flores-Romero.jpg&amp;q=90&amp;w=160&amp;h=106&amp;zc=1\" alt=\"Entrevista a Edui Tijerina Chapa, guionista de Cantinflas #JuevesdeCineySeries\" \/><\/a><\/p>\n<p>eloriente.net 18\/septiembre\/2014 Por V\u00edctor L\u00f3pez Velarde Santib\u00e1\u00f1ez \u201cEn el guion est\u00e1 el detalle\u201d \u201cLa primera obligaci\u00f3n del ser humano es ser feliz, la segunda, hacer felices a los dem\u00e1s\u201d La frase anterior, es una de las tantas memorables citas del Mimo de M\u00e9xico-Mario Moreno \u201cCantinflas\u201d-, frase que adem\u00e1s supo llevar de la teor\u00eda a la [&#8230;]<\/p>\n<p>September 18, 2014<\/p>\n<p><a title=\"Permalink to Cuando de la tragedia surge el humor y viceversa #JuevesdeCineySeries\" href=\"http:\/\/www.eloriente.net\/home\/2014\/09\/11\/cuando-de-la-tragedia-surge-el-humor-y-viceversa-juevesdecineyseries\/\" rel=\"bookmark\">Cuando de la tragedia surge el humor y viceversa #JuevesdeCineySeries<\/a><\/p>\n<p><a href=\"http:\/\/www.eloriente.net\/home\/2014\/09\/11\/cuando-de-la-tragedia-surge-el-humor-y-viceversa-juevesdecineyseries\/\" rel=\"bookmark\"><img decoding=\"async\" title=\"Cuando de la tragedia surge el humor y viceversa #JuevesdeCineySeries\" src=\"http:\/\/www.eloriente.net\/home\/wp-content\/themes\/city-desk\/timthumb.php?src=http%3A%2F%2Fwww.eloriente.net%2Fhome%2Fwp-content%2Fuploads%2F2014%2F09%2F7288883356_af0fda4cdb_o.jpg&amp;q=90&amp;w=160&amp;h=106&amp;zc=1\" alt=\"Cuando de la tragedia surge el humor y viceversa #JuevesdeCineySeries\" \/><\/a><\/p>\n<p>eloriente.net 11\/septiembre\/2014 Por V\u00edctor L\u00f3pez Velarde Santib\u00e1\u00f1ez Aunque quiz\u00e1s mucha gente al momento de sintonizar una serie de comedia espere simplemente encontrarse con una historia simple y que le invite a carcajearse un rato, en el siglo XXI la televisi\u00f3n americana puso de moda la tendencia de crear series de tv que est\u00e9n m\u00e1s cerca [&#8230;]<\/p>\n<p>September 11, 2014<\/p>\n<p><a title=\"Permalink to Las adaptaciones del siglo XXI en la pantalla chica, un art\u00edculo de V\u00edctor L\u00f3pez Velarde Santib\u00e1\u00f1ez\" href=\"http:\/\/www.eloriente.net\/home\/2014\/09\/04\/las-adaptaciones-del-siglo-xxi-en-la-pantalla-chica-un-articulo-de-victor-lopez-velarde-santibanez\/\" rel=\"bookmark\">Las adaptaciones del siglo XXI en la pantalla chica, un art\u00edculo de V\u00edctor L\u00f3pez Velarde Santib\u00e1\u00f1ez<\/a><\/p>\n<p><a href=\"http:\/\/www.eloriente.net\/home\/2014\/09\/04\/las-adaptaciones-del-siglo-xxi-en-la-pantalla-chica-un-articulo-de-victor-lopez-velarde-santibanez\/\" rel=\"bookmark\"><img decoding=\"async\" title=\"Las adaptaciones del siglo XXI en la pantalla chica, un art\u00edculo de V\u00edctor L\u00f3pez Velarde Santib\u00e1\u00f1ez\" src=\"http:\/\/www.eloriente.net\/home\/wp-content\/themes\/city-desk\/timthumb.php?src=http%3A%2F%2Fwww.eloriente.net%2Fhome%2Fwp-content%2Fuploads%2F2014%2F09%2FTV-Ara%C3%AD-Riva-Zucchelli.jpg&amp;q=90&amp;w=160&amp;h=106&amp;zc=1\" alt=\"Las adaptaciones del siglo XXI en la pantalla chica, un art\u00edculo de V\u00edctor L\u00f3pez Velarde Santib\u00e1\u00f1ez\" \/><\/a><\/p>\n<p>eloriente.net 4\/septiembre\/2014 Adaptar reconocidas obras literarias al lenguaje del s\u00e9ptimo arte, es una actividad frecuente en el vasto universo cinematogr\u00e1fico. Populares sagas literarias, novelas o incluso peque\u00f1os cuentos encontraron en el cine una v\u00eda para narrar sus historias, a trav\u00e9s de actores de carne y hueso que dieron voz a esos personajes m\u00e1s all\u00e1 de [&#8230;]<\/p>\n<p>September 4, 2014<\/p>\n<p>&nbsp;<\/p>\n\n\t\t\t  <div \n\t\t\t  \tclass = \"fb-comments\" \n\t\t\t  \tdata-href = \"https:\/\/www.eloriente.net\/home\/2014\/09\/25\/la-mision-una-partitura-que-hace-de-esta-pelicula-algo-eterno\/\"\n\t\t\t  \tdata-numposts = \"10\"\n\t\t\t\tdata-colorscheme = \"dark\"\n\t\t\t\tdata-order-by = \"social\"\n\t\t\t\tdata-mobile=true>\n\t\t\t  <\/div>\n\t\t  <style>\n\t\t\t.fb_iframe_widget_fluid_desktop iframe {\n\t\t\t    width: 100% !important;\n\t\t\t}\n\t\t  <\/style>\n\t\t  ","protected":false},"excerpt":{"rendered":"<p>eloriente.net 25\/septiembre\/2014 Por V\u00edctor L\u00f3pez Velarde \u00abLa Misi\u00f3n\u00bb es de aquellas pel\u00edculas en las que el di\u00e1logo escasea. Quiz\u00e1 sea porque las actuaciones de DeNiro e Irons dicen m\u00e1s que un discurso de redenci\u00f3n, tal vez se deba a que su fotograf\u00eda es capaz de retratar la belleza que pobla nuestro planeta o puede que [&hellip;]<\/p>\n","protected":false},"author":33,"featured_media":32558,"comment_status":"open","ping_status":"open","sticky":false,"template":"","format":"standard","meta":{"_jetpack_memberships_contains_paid_content":false,"footnotes":""},"categories":[56,11,32,10,2612],"tags":[2610],"class_list":["post-32557","post","type-post","status-publish","format-standard","has-post-thumbnail","hentry","category-cine","category-colaboradores","category-entradas","category-lo-mas-reciente","category-vitor-lopez-velarde","tag-victor-lopez-velarde"],"jetpack_featured_media_url":"https:\/\/www.eloriente.net\/home\/wp-content\/uploads\/2014\/09\/Robert-de-Niro-Siebbi.jpg","jetpack_sharing_enabled":true,"_links":{"self":[{"href":"https:\/\/www.eloriente.net\/home\/wp-json\/wp\/v2\/posts\/32557"}],"collection":[{"href":"https:\/\/www.eloriente.net\/home\/wp-json\/wp\/v2\/posts"}],"about":[{"href":"https:\/\/www.eloriente.net\/home\/wp-json\/wp\/v2\/types\/post"}],"author":[{"embeddable":true,"href":"https:\/\/www.eloriente.net\/home\/wp-json\/wp\/v2\/users\/33"}],"replies":[{"embeddable":true,"href":"https:\/\/www.eloriente.net\/home\/wp-json\/wp\/v2\/comments?post=32557"}],"version-history":[{"count":3,"href":"https:\/\/www.eloriente.net\/home\/wp-json\/wp\/v2\/posts\/32557\/revisions"}],"predecessor-version":[{"id":32575,"href":"https:\/\/www.eloriente.net\/home\/wp-json\/wp\/v2\/posts\/32557\/revisions\/32575"}],"wp:featuredmedia":[{"embeddable":true,"href":"https:\/\/www.eloriente.net\/home\/wp-json\/wp\/v2\/media\/32558"}],"wp:attachment":[{"href":"https:\/\/www.eloriente.net\/home\/wp-json\/wp\/v2\/media?parent=32557"}],"wp:term":[{"taxonomy":"category","embeddable":true,"href":"https:\/\/www.eloriente.net\/home\/wp-json\/wp\/v2\/categories?post=32557"},{"taxonomy":"post_tag","embeddable":true,"href":"https:\/\/www.eloriente.net\/home\/wp-json\/wp\/v2\/tags?post=32557"}],"curies":[{"name":"wp","href":"https:\/\/api.w.org\/{rel}","templated":true}]}}