{"id":32562,"date":"2014-09-25T00:00:21","date_gmt":"2014-09-25T06:00:21","guid":{"rendered":"http:\/\/www.eloriente.net\/home\/?p=32562"},"modified":"2014-09-24T21:24:26","modified_gmt":"2014-09-25T03:24:26","slug":"la-espera-esta-por-terminar-the-flash-juevesdecineyseries","status":"publish","type":"post","link":"https:\/\/www.eloriente.net\/home\/2014\/09\/25\/la-espera-esta-por-terminar-the-flash-juevesdecineyseries\/","title":{"rendered":"La espera est\u00e1 por terminar \u00abThe Flash\u00bb #JuevesdeCineySeries"},"content":{"rendered":"<p>eloriente.net<\/p>\n<p>25\/septiembre\/2014<\/p>\n<p>La tragedia de Barry Allen, comenz\u00f3 a la corta de edad de 11 a\u00f1os, cuando su madre fue asesinada y su padre fue condenado injustamente del crimen, lo que lo condujo a prisi\u00f3n. Fueron a\u00f1os en esa dif\u00edcil etapa, pero Allen supo sobreponerse y a\u00f1os m\u00e1s tarde se convirti\u00f3 en un excelente investigador dotado de una mente asombrosa. No es de extra\u00f1ar que utiliza su habilidad para descubrir lo que realmente sucedi\u00f3 en el asesinato de su madre.<\/p>\n<p>El superh\u00e9roe nace producto de un accidente. Al estar trabajando en un proyecto en un acelerador de part\u00edculas, Barry es alcanzado por un rayo, hecho que lo mantiene nueve meses en estado de coma. Al despertar, nota que algo ha cambiado, ha adquirido una velocidad sobrenatural.<\/p>\n<p>\u2018The Flash\u2019 ha sido producida por Bonanza Productions junto a Berlanti Productions y Warner Bross Televisi\u00f3n, se tiene previsto su estreno para el 7 de octubre de 2014 por la cadena CW. Destacan en el reparto Grant Gustin (&#8216;Glee&#8217;) como Barry Allen, Candice Patton (&#8216;The Game&#8217;) como Iris West, Rick Cosnett (&#8216;The Vampire Diaries&#8217;) como Eddie Thawne, Danielle Panabaker (&#8216;Justified&#8217;) como Caitlin Snow, Carlos Valdes como Cisco Ramon, Tom Cavanagh (&#8216;Eli Stone&#8217;) como Harrison Wells y Jesse L. Martin (&#8216;Ley y Orden&#8217;) como el detective West.<\/p>\n<p>La primera temporada se compone de 13 cap\u00edtulos y la expectativa generada en torno a uno de los superh\u00e9roes m\u00e1s peculiares, hacen suponer un \u00e9xito televisivo.<\/p>\n<p><a href=\"http:\/\/www.eloriente.net\/home\/wp-content\/uploads\/2014\/09\/Flash.jpg\"><img loading=\"lazy\" decoding=\"async\" class=\"alignnone size-medium wp-image-32563\" title=\"Flash\" src=\"http:\/\/www.eloriente.net\/home\/wp-content\/uploads\/2014\/09\/Flash-300x199.jpg\" alt=\"\" width=\"300\" height=\"199\" srcset=\"https:\/\/www.eloriente.net\/home\/wp-content\/uploads\/2014\/09\/Flash-300x199.jpg 300w, https:\/\/www.eloriente.net\/home\/wp-content\/uploads\/2014\/09\/Flash.jpg 1024w\" sizes=\"(max-width: 300px) 100vw, 300px\" \/><\/a><\/p>\n<p>Foto:\u00a0<a title=\"Ir a la galer\u00eda de JD Hancock\" href=\"https:\/\/www.flickr.com\/photos\/jdhancock\/\" data-track=\"attributionNameClick\" data-rapid_p=\"22\">JD Hancock<\/a>\u00a0&#8211;\u00a0<a href=\"https:\/\/creativecommons.org\/licenses\/by\/2.0\/\" rel=\"license cc:license\" target=\"_newtab\" data-rapid_p=\"28\">Algunos derechos reservados<\/a><\/p>\n<p><strong>Entradas relacionadas:<\/strong><\/p>\n<p><a title=\"Permalink to La Sangre al R\u00edo: Video entrevista con el autor Ra\u00fal Herrera M\u00e1rquez\" href=\"http:\/\/www.eloriente.net\/home\/2014\/09\/21\/la-sangre-al-rio-video-entrevista-con-el-autor-raul-herrera-marquez\/\" rel=\"bookmark\">La Sangre al R\u00edo: Video entrevista con el autor Ra\u00fal Herrera M\u00e1rquez<\/a><\/p>\n<p><a href=\"http:\/\/www.eloriente.net\/home\/2014\/09\/21\/la-sangre-al-rio-video-entrevista-con-el-autor-raul-herrera-marquez\/\" rel=\"bookmark\"><img decoding=\"async\" title=\"La Sangre al R\u00edo: Video entrevista con el autor Ra\u00fal Herrera M\u00e1rquez\" src=\"http:\/\/www.eloriente.net\/home\/wp-content\/themes\/city-desk\/timthumb.php?src=http%3A%2F%2Fwww.eloriente.net%2Fhome%2Fwp-content%2Fuploads%2F2014%2F09%2FPancho-Villa.jpg&amp;q=90&amp;w=160&amp;h=106&amp;zc=1\" alt=\"La Sangre al R\u00edo: Video entrevista con el autor Ra\u00fal Herrera M\u00e1rquez\" \/><\/a><\/p>\n<p>eloriente.net 21\/septiembre\/2014 Ra\u00fal Herrera M\u00e1rquez, destacado pianista egresado de la Escuela Nacional de M\u00fasica y del Instituto de M\u00fasica de Cleveland, incursiona en el mundo de las letras con su obra La Sangre al r\u00edo, una novela verdadera sobre la tragedia de una familia asediada por Francisco Villa. El autor, a partir de una investigaci\u00f3n [&#8230;]<\/p>\n<p>September 21, 2014<\/p>\n<p><a title=\"Permalink to Entrevista a Edui Tijerina Chapa, guionista de Cantinflas #JuevesdeCineySeries\" href=\"http:\/\/www.eloriente.net\/home\/2014\/09\/18\/entrevista-a-edui-tijerina-chapa-guionista-de-cantinflas-juevesdecineyseries\/\" rel=\"bookmark\">Entrevista a Edui Tijerina Chapa, guionista de Cantinflas #JuevesdeCineySeries<\/a><\/p>\n<p><a href=\"http:\/\/www.eloriente.net\/home\/2014\/09\/18\/entrevista-a-edui-tijerina-chapa-guionista-de-cantinflas-juevesdecineyseries\/\" rel=\"bookmark\"><img decoding=\"async\" title=\"Entrevista a Edui Tijerina Chapa, guionista de Cantinflas #JuevesdeCineySeries\" src=\"http:\/\/www.eloriente.net\/home\/wp-content\/themes\/city-desk\/timthumb.php?src=http%3A%2F%2Fwww.eloriente.net%2Fhome%2Fwp-content%2Fuploads%2F2014%2F09%2FCantinflas-Gabriel-Flores-Romero.jpg&amp;q=90&amp;w=160&amp;h=106&amp;zc=1\" alt=\"Entrevista a Edui Tijerina Chapa, guionista de Cantinflas #JuevesdeCineySeries\" \/><\/a><\/p>\n<p>eloriente.net 18\/septiembre\/2014 Por V\u00edctor L\u00f3pez Velarde Santib\u00e1\u00f1ez \u201cEn el guion est\u00e1 el detalle\u201d \u201cLa primera obligaci\u00f3n del ser humano es ser feliz, la segunda, hacer felices a los dem\u00e1s\u201d La frase anterior, es una de las tantas memorables citas del Mimo de M\u00e9xico-Mario Moreno \u201cCantinflas\u201d-, frase que adem\u00e1s supo llevar de la teor\u00eda a la [&#8230;]<\/p>\n<p>September 18, 2014<\/p>\n<div id=\"post-32323\">\n<p><a title=\"Permalink to Cantinflas Show #JuevesdeCineySeries\" href=\"http:\/\/www.eloriente.net\/home\/2014\/09\/18\/cantinflas-show-juevesdecineyseries\/\" rel=\"bookmark\">Cantinflas Show #JuevesdeCineySeries<\/a><\/p>\n<p><a href=\"http:\/\/www.eloriente.net\/home\/2014\/09\/18\/cantinflas-show-juevesdecineyseries\/\" rel=\"bookmark\"><img decoding=\"async\" title=\"Cantinflas Show #JuevesdeCineySeries\" src=\"http:\/\/www.eloriente.net\/home\/wp-content\/themes\/city-desk\/timthumb.php?src=http%3A%2F%2Fwww.eloriente.net%2Fhome%2Fwp-content%2Fuploads%2F2014%2F09%2FCantinflas-Show.jpg&amp;q=90&amp;w=160&amp;h=106&amp;zc=1\" alt=\"Cantinflas Show #JuevesdeCineySeries\" \/><\/a><\/p>\n<p>eloriente.net 18\/septiembre\/2014 A pesar de nunca haber estado en el olvido, el nombre de Mario Moreno \u201cCantinflas\u201c, toma hoy m\u00e1s fuerza al estrenarse la pel\u00edcula que retrata su vida. La influencia del Mimo de M\u00e9xico en la vida nacional es tan importante, que desde la d\u00e9cada de 1930 hasta su muerte en 1993, numerosos artistas, [&#8230;]<\/p>\n<p>September 18, 2014<\/p>\n<\/div>\n\n\t\t\t  <div \n\t\t\t  \tclass = \"fb-comments\" \n\t\t\t  \tdata-href = \"https:\/\/www.eloriente.net\/home\/2014\/09\/25\/la-espera-esta-por-terminar-the-flash-juevesdecineyseries\/\"\n\t\t\t  \tdata-numposts = \"10\"\n\t\t\t\tdata-colorscheme = \"dark\"\n\t\t\t\tdata-order-by = \"social\"\n\t\t\t\tdata-mobile=true>\n\t\t\t  <\/div>\n\t\t  <style>\n\t\t\t.fb_iframe_widget_fluid_desktop iframe {\n\t\t\t    width: 100% !important;\n\t\t\t}\n\t\t  <\/style>\n\t\t  ","protected":false},"excerpt":{"rendered":"<p>eloriente.net 25\/septiembre\/2014 La tragedia de Barry Allen, comenz\u00f3 a la corta de edad de 11 a\u00f1os, cuando su madre fue asesinada y su padre fue condenado injustamente del crimen, lo que lo condujo a prisi\u00f3n. Fueron a\u00f1os en esa dif\u00edcil etapa, pero Allen supo sobreponerse y a\u00f1os m\u00e1s tarde se convirti\u00f3 en un excelente investigador [&hellip;]<\/p>\n","protected":false},"author":1,"featured_media":32563,"comment_status":"open","ping_status":"open","sticky":false,"template":"","format":"standard","meta":{"_jetpack_memberships_contains_paid_content":false,"footnotes":""},"categories":[982,32,10],"tags":[4081],"class_list":["post-32562","post","type-post","status-publish","format-standard","has-post-thumbnail","hentry","category-juevesdecineyseries","category-entradas","category-lo-mas-reciente","tag-juevesdecineyseries"],"jetpack_featured_media_url":"https:\/\/www.eloriente.net\/home\/wp-content\/uploads\/2014\/09\/Flash.jpg","jetpack_sharing_enabled":true,"_links":{"self":[{"href":"https:\/\/www.eloriente.net\/home\/wp-json\/wp\/v2\/posts\/32562"}],"collection":[{"href":"https:\/\/www.eloriente.net\/home\/wp-json\/wp\/v2\/posts"}],"about":[{"href":"https:\/\/www.eloriente.net\/home\/wp-json\/wp\/v2\/types\/post"}],"author":[{"embeddable":true,"href":"https:\/\/www.eloriente.net\/home\/wp-json\/wp\/v2\/users\/1"}],"replies":[{"embeddable":true,"href":"https:\/\/www.eloriente.net\/home\/wp-json\/wp\/v2\/comments?post=32562"}],"version-history":[{"count":1,"href":"https:\/\/www.eloriente.net\/home\/wp-json\/wp\/v2\/posts\/32562\/revisions"}],"predecessor-version":[{"id":32564,"href":"https:\/\/www.eloriente.net\/home\/wp-json\/wp\/v2\/posts\/32562\/revisions\/32564"}],"wp:featuredmedia":[{"embeddable":true,"href":"https:\/\/www.eloriente.net\/home\/wp-json\/wp\/v2\/media\/32563"}],"wp:attachment":[{"href":"https:\/\/www.eloriente.net\/home\/wp-json\/wp\/v2\/media?parent=32562"}],"wp:term":[{"taxonomy":"category","embeddable":true,"href":"https:\/\/www.eloriente.net\/home\/wp-json\/wp\/v2\/categories?post=32562"},{"taxonomy":"post_tag","embeddable":true,"href":"https:\/\/www.eloriente.net\/home\/wp-json\/wp\/v2\/tags?post=32562"}],"curies":[{"name":"wp","href":"https:\/\/api.w.org\/{rel}","templated":true}]}}