{"id":32565,"date":"2014-09-25T07:58:44","date_gmt":"2014-09-25T13:58:44","guid":{"rendered":"http:\/\/www.eloriente.net\/home\/?p=32565"},"modified":"2014-09-25T07:58:44","modified_gmt":"2014-09-25T13:58:44","slug":"programa-de-mediacion-escolar-cja-dif-magisterial","status":"publish","type":"post","link":"https:\/\/www.eloriente.net\/home\/2014\/09\/25\/programa-de-mediacion-escolar-cja-dif-magisterial\/","title":{"rendered":"Programa de mediaci\u00f3n escolar CJA-DIF Magisterial"},"content":{"rendered":"<p>eloriente.net \/ <a href=\"http:\/\/www.tribunaloax.gob.mx\/\" target=\"_blank\">Tribunal Superior de Justicia<\/a><\/p>\n<ul>\n<li>La directora del Centro de Justicia Alternativa del PJO, Celia Aspiroz Garc\u00eda dio inicio al proyecto de visitas a escuelas primarias de la ciudad de Oaxaca<\/li>\n<\/ul>\n<p>Ante el incremento de casos de bullying y la evidencia de esta problem\u00e1tica en las instituciones educativas, el Centro de Justicia Alternativa (CJA) del Poder Judicial del Estado, puso en marcha el programa \u201cIniciaci\u00f3n a la mediaci\u00f3n escolar\u201d, con el que se busca prevenir este tipo de violencia entre los estudiantes de nivel b\u00e1sico, acercarlos a la cultura de la paz y orientarles en la soluci\u00f3n de conflictos a trav\u00e9s del di\u00e1logo y la tolerancia.<\/p>\n<p>En la Escuela Primaria \u201cHermanos Flores Mag\u00f3n\u201d de la Colonia Miguel Alem\u00e1n, ubicada en la zona sur de la ciudad de Oaxaca, la directora del CJA, Celia Aspiroz Garc\u00eda, dio inicio a las actividades que se realizan en coordinaci\u00f3n con el DIF magisterial del Instituto Estatal de Educaci\u00f3n P\u00fablica de Oaxaca (IEEPO), a cargo de Ruth Karina Escobar Gonz\u00e1lez.<\/p>\n<p>En el evento, las representantes de los \u00f3rganos educativo y de impartici\u00f3n de justicia coincidieron en la necesidad de que los ni\u00f1os lleven a la pr\u00e1ctica valores como el respeto, empat\u00eda, justicia, sana convivencia social e igualdad, adem\u00e1s de hacer uso de herramientas alternas como la mediaci\u00f3n para resolver todo tipo de conflictos, dado el alto n\u00famero de casos de violencia en el \u00e1mbito escolar.<\/p>\n<p>En presencia de autoridades la escuela primaria, la titular del Centro de Justicia Alternativa asegur\u00f3 que la erradicaci\u00f3n del bullying incluye, de manera innegable, la participaci\u00f3n de alumnos, profesores y directivos de las instituciones, de los padres y madres de familia, as\u00ed como de las autoridades para fomentar la comunicaci\u00f3n efectiva como medio para la transformaci\u00f3n del comportamiento individual en el entorno social.<\/p>\n<p>Aspiroz Garc\u00eda explic\u00f3 que un equipo de mediadores certificados ser\u00e1n los responsables de visitar escuelas primarias para desarrollar el taller \u201cLa Mediaci\u00f3n: tu alternativa para la soluci\u00f3n de problemas\u201d, en el que a trav\u00e9s de exposiciones, din\u00e1micas y una obra de teatro, se mostrar\u00e1 la eficacia de la mediaci\u00f3n como un m\u00e9todo de aplicaci\u00f3n a la vida diaria con el que se pueden evitar conflictos que concluyan en procedimientos judiciales.<\/p>\n<p>Por su parte, la coordinadora del DIF magisterial, Karina Escobar, reconoci\u00f3 la riqueza del programa preventivo que emplea el Centro de Justicia Alternativa para concientizar sobre los efectos negativos de la violencia; asimismo, agradeci\u00f3 la apertura del Poder Judicial para compartir sus estrategias de alto impacto educativo en los estudiantes.<\/p>\n<p>De esta manera el Centro de Justicia Alternativa del Poder Judicial establece lazos con instituciones educativas y sociedad, para proporcionar las herramientas necesarias que ayuden a solucionar conflictos civiles, mercantiles, familiares, vecinales y penales que no sean considerados como graves.<\/p>\n<p><a href=\"http:\/\/www.eloriente.net\/home\/wp-content\/uploads\/2014\/09\/Mediadores-del-Centro-de-Justicia-Alternativa-interactuaron-con-alumnos-T.jpg\"><img loading=\"lazy\" decoding=\"async\" class=\"alignnone size-medium wp-image-32566\" title=\"Mediadores del Centro de Justicia Alternativa interactuaron con alumnos (T)\" src=\"http:\/\/www.eloriente.net\/home\/wp-content\/uploads\/2014\/09\/Mediadores-del-Centro-de-Justicia-Alternativa-interactuaron-con-alumnos-T-300x176.jpg\" alt=\"\" width=\"300\" height=\"176\" srcset=\"https:\/\/www.eloriente.net\/home\/wp-content\/uploads\/2014\/09\/Mediadores-del-Centro-de-Justicia-Alternativa-interactuaron-con-alumnos-T-300x176.jpg 300w, https:\/\/www.eloriente.net\/home\/wp-content\/uploads\/2014\/09\/Mediadores-del-Centro-de-Justicia-Alternativa-interactuaron-con-alumnos-T.jpg 1024w\" sizes=\"(max-width: 300px) 100vw, 300px\" \/><\/a><\/p>\n<p>Foto: TSJ<\/p>\n<p><strong>Entradas relacionadas:<\/strong><\/p>\n<p><a title=\"Permalink to Bolet\u00edn Electr\u00f3nico de Medio Ambiente y Gobierno por el CIEDD\" href=\"http:\/\/www.eloriente.net\/home\/2014\/09\/24\/boletin-electronico-de-medio-ambiente-y-gobierno-por-el-ciedd\/\" rel=\"bookmark\">Bolet\u00edn Electr\u00f3nico de Medio Ambiente y Gobierno por el CIEDD<\/a><\/p>\n<p><a href=\"http:\/\/www.eloriente.net\/home\/2014\/09\/24\/boletin-electronico-de-medio-ambiente-y-gobierno-por-el-ciedd\/\" rel=\"bookmark\"><img decoding=\"async\" title=\"Bolet\u00edn Electr\u00f3nico de Medio Ambiente y Gobierno por el CIEDD\" src=\"http:\/\/www.eloriente.net\/home\/wp-content\/themes\/city-desk\/timthumb.php?src=http%3A%2F%2Fwww.eloriente.net%2Fhome%2Fwp-content%2Fuploads%2F2014%2F09%2FCIEDD.jpg&amp;q=90&amp;w=160&amp;h=106&amp;zc=1\" alt=\"Bolet\u00edn Electr\u00f3nico de Medio Ambiente y Gobierno por el CIEDD\" \/><\/a><\/p>\n<p>eloriente.net \/ CIEDD 24\/septiembre\/2014 En el mes de septiembre, el Gobierno del Estado de Oaxaca a trav\u00e9s del Centro de Informaci\u00f3n Estad\u00edstica y Documental para el Desarrollo (CIEDD), presentan su nuevo n\u00famero de Sensor: Bolet\u00edn Electr\u00f3nico de Medio Ambiente y Gobierno. En esta edici\u00f3n dedicada al tema de los Humedales y la Biodiversidad Marina y [&#8230;]<\/p>\n<p>September 24, 2014<\/p>\n<div id=\"post-32531\">\n<p><a title=\"Permalink to Acceso a la justicia con equidad y sin discriminaci\u00f3n\" href=\"http:\/\/www.eloriente.net\/home\/2014\/09\/24\/acceso-a-la-justicia-con-equidad-y-sin-discriminacion\/\" rel=\"bookmark\">Acceso a la justicia con equidad y sin discriminaci\u00f3n<\/a><\/p>\n<p><a href=\"http:\/\/www.eloriente.net\/home\/2014\/09\/24\/acceso-a-la-justicia-con-equidad-y-sin-discriminacion\/\" rel=\"bookmark\"><img decoding=\"async\" title=\"Acceso a la justicia con equidad y sin discriminaci\u00f3n\" src=\"http:\/\/www.eloriente.net\/home\/wp-content\/themes\/city-desk\/timthumb.php?src=http%3A%2F%2Fwww.eloriente.net%2Fhome%2Fwp-content%2Fuploads%2F2014%2F09%2FInicio-de-jornada-de-capacitaci%C3%B3n-a-jueces-T2.jpg&amp;q=90&amp;w=160&amp;h=106&amp;zc=1\" alt=\"Acceso a la justicia con equidad y sin discriminaci\u00f3n\" \/><\/a><\/p>\n<p>eloriente.net \/ Tribunal Superior de Justicia 24\/septiembre\/2014 El magistrado Alfredo Lagunas puso en marcha la Jornada de Capacitaci\u00f3n dirigida a jueces y juezas a quienes convoc\u00f3 a reavivar la pasi\u00f3n en la labor que realizan Con un llamado a reavivar la pasi\u00f3n en la labor que diariamente realizan y consolidar un acceso a la justicia [&#8230;]<\/p>\n<p>September 24, 2014<\/p>\n<\/div>\n<div id=\"post-32496\">\n<p><a title=\"Permalink to Tuxtepec cuenta con nuevo juzgado en materia familiar\" href=\"http:\/\/www.eloriente.net\/home\/2014\/09\/22\/tuxtepec-cuenta-con-nuevo-juzgado-en-materia-familiar\/\" rel=\"bookmark\">Tuxtepec cuenta con nuevo juzgado en materia familiar<\/a><\/p>\n<p><a href=\"http:\/\/www.eloriente.net\/home\/2014\/09\/22\/tuxtepec-cuenta-con-nuevo-juzgado-en-materia-familiar\/\" rel=\"bookmark\"><img decoding=\"async\" title=\"Tuxtepec cuenta con nuevo juzgado en materia familiar\" src=\"http:\/\/www.eloriente.net\/home\/wp-content\/themes\/city-desk\/timthumb.php?src=http%3A%2F%2Fwww.eloriente.net%2Fhome%2Fwp-content%2Fuploads%2F2014%2F09%2FInicio-funciones-Juzgado-de-Tuxtepec.jpg&amp;q=90&amp;w=160&amp;h=106&amp;zc=1\" alt=\"Tuxtepec cuenta con nuevo juzgado en materia familiar\" \/><\/a><\/p>\n<p>eloriente.net \/ Tribunal Superior de Justicia 22\/septiembre\/2014 Inici\u00f3 funciones este lunes para agilizar y mejorar los servicios de impartici\u00f3n de justicia en la zona Este lunes entr\u00f3 en funciones el Juzgado Segundo Familiar del Distrito Judicial de San Juan Bautista Tuxtepec, el cual permitir\u00e1 agilizar y mejorar los servicios de impartici\u00f3n de justicia en la [&#8230;]<\/p>\n<p>September 22, 2014<\/p>\n<\/div>\n\n\t\t\t  <div \n\t\t\t  \tclass = \"fb-comments\" \n\t\t\t  \tdata-href = \"https:\/\/www.eloriente.net\/home\/2014\/09\/25\/programa-de-mediacion-escolar-cja-dif-magisterial\/\"\n\t\t\t  \tdata-numposts = \"10\"\n\t\t\t\tdata-colorscheme = \"dark\"\n\t\t\t\tdata-order-by = \"social\"\n\t\t\t\tdata-mobile=true>\n\t\t\t  <\/div>\n\t\t  <style>\n\t\t\t.fb_iframe_widget_fluid_desktop iframe {\n\t\t\t    width: 100% !important;\n\t\t\t}\n\t\t  <\/style>\n\t\t  ","protected":false},"excerpt":{"rendered":"<p>eloriente.net \/ Tribunal Superior de Justicia La directora del Centro de Justicia Alternativa del PJO, Celia Aspiroz Garc\u00eda dio inicio al proyecto de visitas a escuelas primarias de la ciudad de Oaxaca Ante el incremento de casos de bullying y la evidencia de esta problem\u00e1tica en las instituciones educativas, el Centro de Justicia Alternativa (CJA) [&hellip;]<\/p>\n","protected":false},"author":1,"featured_media":32566,"comment_status":"open","ping_status":"open","sticky":false,"template":"","format":"standard","meta":{"_jetpack_memberships_contains_paid_content":false,"footnotes":""},"categories":[1588,91,32,10,464],"tags":[225],"class_list":["post-32565","post","type-post","status-publish","format-standard","has-post-thumbnail","hentry","category-comunicados-y-boletines","category-congreso-y-justicia","category-entradas","category-lo-mas-reciente","category-oaxaca-estados","tag-tsj"],"jetpack_featured_media_url":"https:\/\/www.eloriente.net\/home\/wp-content\/uploads\/2014\/09\/Mediadores-del-Centro-de-Justicia-Alternativa-interactuaron-con-alumnos-T.jpg","jetpack_sharing_enabled":true,"_links":{"self":[{"href":"https:\/\/www.eloriente.net\/home\/wp-json\/wp\/v2\/posts\/32565"}],"collection":[{"href":"https:\/\/www.eloriente.net\/home\/wp-json\/wp\/v2\/posts"}],"about":[{"href":"https:\/\/www.eloriente.net\/home\/wp-json\/wp\/v2\/types\/post"}],"author":[{"embeddable":true,"href":"https:\/\/www.eloriente.net\/home\/wp-json\/wp\/v2\/users\/1"}],"replies":[{"embeddable":true,"href":"https:\/\/www.eloriente.net\/home\/wp-json\/wp\/v2\/comments?post=32565"}],"version-history":[{"count":1,"href":"https:\/\/www.eloriente.net\/home\/wp-json\/wp\/v2\/posts\/32565\/revisions"}],"predecessor-version":[{"id":32567,"href":"https:\/\/www.eloriente.net\/home\/wp-json\/wp\/v2\/posts\/32565\/revisions\/32567"}],"wp:featuredmedia":[{"embeddable":true,"href":"https:\/\/www.eloriente.net\/home\/wp-json\/wp\/v2\/media\/32566"}],"wp:attachment":[{"href":"https:\/\/www.eloriente.net\/home\/wp-json\/wp\/v2\/media?parent=32565"}],"wp:term":[{"taxonomy":"category","embeddable":true,"href":"https:\/\/www.eloriente.net\/home\/wp-json\/wp\/v2\/categories?post=32565"},{"taxonomy":"post_tag","embeddable":true,"href":"https:\/\/www.eloriente.net\/home\/wp-json\/wp\/v2\/tags?post=32565"}],"curies":[{"name":"wp","href":"https:\/\/api.w.org\/{rel}","templated":true}]}}