{"id":33358,"date":"2014-10-20T15:25:21","date_gmt":"2014-10-20T21:25:21","guid":{"rendered":"http:\/\/www.eloriente.net\/home\/?p=33358"},"modified":"2014-10-20T15:25:21","modified_gmt":"2014-10-20T21:25:21","slug":"despues-de-80-anos-regresa-la-orquesta-mexicana","status":"publish","type":"post","link":"https:\/\/www.eloriente.net\/home\/2014\/10\/20\/despues-de-80-anos-regresa-la-orquesta-mexicana\/","title":{"rendered":"Despu\u00e9s de 80 a\u00f1os regresa la Orquesta Mexicana"},"content":{"rendered":"<p>eloriente.net \/ <a href=\"http:\/\/www.fahho.org\/home.php\" target=\"_blank\">FAHHO<\/a><\/p>\n<p>20\/octubre\/2014<\/p>\n<p><em>\u201cEra muy peque\u00f1o \u2013tres a\u00f1os me cuenta ella\u2013 cuando por primera vez o\u00ed m\u00fasica. Era una orquestita de pueblo que tocaba la serenata en la plaza. Yo estuve de pie escuchando largo tiempo y seguramente con una atenci\u00f3n desmedida, pues me qued\u00e9 bizco. Y bizco estuve por tres o cuatro d\u00edas. (Ahora \u00a1Desgracia, m\u00eda! Ya no me quedo bizco ante los m\u00fasicos)\u201d<\/em><\/p>\n<p style=\"text-align: right;\">Silvestre Revueltas M\u00e9xico, 13 de marzo de 1938<\/p>\n<p>&nbsp;<\/p>\n<ul>\n<li>Los sonidos del clarinete, marimba, hu\u00e9huetl, violines, flauta de carrizo y diez instrumentos m\u00e1s recorrieron el Centro Cultural San Pablo (SP) para dar vida a un concierto \u00fanico ejecutado por la Orquesta Mexicana.<\/li>\n<\/ul>\n<p>A la voz de \u201ctercera llamada\u201d Rub\u00e9n Luengas, director de la Orquesta Mexicana, inici\u00f3 la lectura de una carta de Silvestre Revueltas, compositor mexicano del siglo XX, y present\u00f3 la primera melod\u00eda, Lejos de Cosoltepec.<\/p>\n<p>Con esta pieza \u2013y las siguientes\u2013 los asistentes disfrutaron de una mezcla armoniosa de sonidos. Adem\u00e1s pudieron ver c\u00f3mo el caparaz\u00f3n de tortuga y las pezu\u00f1as de venado son utilizados para hacer m\u00fasica.<\/p>\n<p>Entre cada interpretaci\u00f3n, Luengas comparti\u00f3 fragmentos de ep\u00edstolas donde se aborda el tema de la Orquesta Mexicana. Tal es el caso de la escrita por Luis Sandi: \u201cQuerido Carlos. Por el mismo correo te mando la partitura de la obra que me encomendaste. La he llamado Sonora porque creo que el nombre primitivo de Venado ya no le conviene por los temas aumentados en la parte central, pero eso del nombre lo dejo a tu elecci\u00f3n\u201d.<\/p>\n<p>Historia y an\u00e9cdotas fueron parte de este recital, donde no falt\u00f3 la interpretaci\u00f3n de Cantos de M\u00e9xico, la \u00fanica pieza que Carlos Ch\u00e1vez compuso para la Orquesta Mexicana, melod\u00eda con la que culmin\u00f3 la presentaci\u00f3n.<\/p>\n<p>En palabras de\u2026<br \/>\nEn entrevista Rub\u00e9n Luengas, tambi\u00e9n director de Pasatono Orquesta, brind\u00f3 m\u00e1s detalles de la presentaci\u00f3n.<\/p>\n<p>\u2014\u00bfQu\u00e9 escucharemos hoy?<br \/>\n\u2014Hoy van a escuchar a la Orquesta Mexicana, un proyecto que form\u00f3 Carlos Ch\u00e1vez, este gran m\u00fasico de inicios del siglo XX, el ide\u00f3logo y creador del Instituto Nacional de Bellas Artes. El cre\u00f3 en 1933 una orquesta para instrumentos ind\u00edgenas y s\u00f3lo escribi\u00f3 una obra, que dedic\u00f3 a Silvestre Revueltas. Tal parece que se toc\u00f3 hace 80 a\u00f1os y se olvid\u00f3. Pasatono revive esta orquesta 80 a\u00f1os despu\u00e9s en el marco de instrumenta 2013, donde tocamos Cantos de M\u00e9xico. Este a\u00f1o nuestro prop\u00f3sito fue hacer un programa con la obra de Ch\u00e1vez y otras que fueran afines, tal es el caso deVenado de Sandi, adem\u00e1s de Danza del poeta y el viento, que fue estrenada en el Festival Internacional Cervantino.<\/p>\n<p>\u2014Tambi\u00e9n vas a realizar una parte de lecturas\u2026<br \/>\n\u2014S\u00ed, el espect\u00e1culo tiene una parte interactiva de lecturas epistolares donde Carlos Ch\u00e1vez escribe a otros m\u00fasicos para consolidar el proyecto.<\/p>\n<p>\u2014\u00bfC\u00f3mo encuentras y eliges los textos?<br \/>\n\u2014Esto es el resultado de una investigaci\u00f3n documental que he realizado enfocado a la Orquesta Mexicana, por ejemplo, el epistolario de Carlos Ch\u00e1vez es un libro muy completo o en diarios de la \u00e9poca, he detectado los puntos donde se hable del tema.<\/p>\n<p>\u2014\u00bfCu\u00e1nto tiempo llev\u00f3 revivir a la Orquesta Mexicana?<br \/>\n\u2014Tres a\u00f1os y medio, aproximadamente, me entero de que Ch\u00e1vez la hizo, luego la investigaci\u00f3n, despu\u00e9s reunir los instrumentos, probarlos; invitar m\u00fasicos, contactar a la familia del maestros Ch\u00e1vez y todo eso\u2026<\/p>\n<p>\u2014\u00bfCu\u00e1l es el futuro de la Orquesta Mexicana?<br \/>\n\u2014La idea es hacer una temporada en 2015 y tocar m\u00e1s piezas que son afines, como la Suit ind\u00edgenade Daniel Ayala o Paloma azul de Ch\u00e1vez, pero hay una parte muy importante que es la que vamos a trabajar, hacer un repertorio nuevo, es decir, conseguir fondos, apoyos, para que se comisione a compositores contempor\u00e1neos que quieran aventurarse con la Orquesta Mexicana.<\/p>\n<p><a href=\"http:\/\/www.eloriente.net\/home\/wp-content\/uploads\/2014\/10\/En-el-concierto-Cantos-de-M\u00e9xico-de-la-Orquesta-Mexicana.jpg\"><img loading=\"lazy\" decoding=\"async\" class=\"alignnone size-medium wp-image-33359\" src=\"http:\/\/www.eloriente.net\/home\/wp-content\/uploads\/2014\/10\/En-el-concierto-Cantos-de-M\u00e9xico-de-la-Orquesta-Mexicana-300x199.jpg\" alt=\"En el concierto Cantos de M\u00e9xico de la Orquesta Mexicana\" width=\"300\" height=\"199\" srcset=\"https:\/\/www.eloriente.net\/home\/wp-content\/uploads\/2014\/10\/En-el-concierto-Cantos-de-M\u00e9xico-de-la-Orquesta-Mexicana-300x199.jpg 300w, https:\/\/www.eloriente.net\/home\/wp-content\/uploads\/2014\/10\/En-el-concierto-Cantos-de-M\u00e9xico-de-la-Orquesta-Mexicana.jpg 794w\" sizes=\"(max-width: 300px) 100vw, 300px\" \/><\/a><\/p>\n<p>&nbsp;<\/p>\n<p>Foto: FAHHO<\/p>\n<p><strong>Entradas relacionadas:<\/strong><\/p>\n<div id=\"post-33311\" class=\"post-33311 post type-post status-publish format-standard has-post-thumbnail hentry category-lunesdepolitica category-educacion-y-cultura category-entradas category-secciones-oriente category-lo-mas-reciente category-mexico-y-el-mundo category-politica-y-gobierno tag-inegi tag-mti tag-stps tag-trabajo-infantil entry loop-default border_bottom_30\">\n<p class=\"entry_title\"><a title=\"Permalink to Los n\u00fameros del trabajo infantil en M\u00e9xico\" href=\"http:\/\/www.eloriente.net\/home\/2014\/10\/20\/los-numeros-del-trabajo-infantil-en-mexico\/\" rel=\"bookmark\">Los n\u00fameros del trabajo infantil en M\u00e9xico<\/a><\/p>\n<p><a href=\"http:\/\/www.eloriente.net\/home\/2014\/10\/20\/los-numeros-del-trabajo-infantil-en-mexico\/\" rel=\"bookmark\"><img decoding=\"async\" class=\"alignleft\" title=\"Los n\u00fameros del trabajo infantil en M\u00e9xico\" src=\"http:\/\/www.eloriente.net\/home\/wp-content\/themes\/city-desk\/timthumb.php?src=http%3A%2F%2Fwww.eloriente.net%2Fhome%2Fwp-content%2Fuploads%2F2014%2F10%2FTrabajo-Infantil-Geraint-Rowland.jpg&amp;q=90&amp;w=160&amp;h=106&amp;zc=1\" alt=\"Los n\u00fameros del trabajo infantil en M\u00e9xico\" \/><\/a>eloriente.net 20\/octubre\/2014 Cada dos a\u00f1os, el Instituto Nacional de Estad\u00edstica y Geograf\u00eda (INEGI) y la Secretar\u00eda del Trabajo y Previsi\u00f3n Social (STPS) presentan el M\u00f3dulo de Trabajo Infantil (MTI), un compendio de informaci\u00f3n estad\u00edstica sobre los ni\u00f1os, las ni\u00f1as y los adolescentes de 5 a 17 a\u00f1os que realizan actividades econ\u00f3micas, dom\u00e9sticas y escolares. Los [\u2026]<\/p>\n<p class=\"postmeta\"><span class=\"meta_date\">October 20, 2014<\/span><\/p>\n<p class=\"postmeta\">\n<\/div>\n<div id=\"post-33271\" class=\"post-33271 post type-post status-publish format-standard has-post-thumbnail hentry category-entradas category-lo-mas-reciente category-oaxaca-estados category-universidades tag-nadia-diaz-ortiz tag-utvco entry loop-default border_bottom_30\">\n<p class=\"entry_title\"><a title=\"Permalink to \u201cHacer realidad los sue\u00f1os requiere de trabajo y constancia\u201d: Nadia D\u00edaz\" href=\"http:\/\/www.eloriente.net\/home\/2014\/10\/17\/hacer-realidad-los-suenos-requiere-de-trabajo-y-constancia\/\" rel=\"bookmark\">\u201cHacer realidad los sue\u00f1os requiere de trabajo y constancia\u201d: Nadia D\u00edaz<\/a><\/p>\n<p><a href=\"http:\/\/www.eloriente.net\/home\/2014\/10\/17\/hacer-realidad-los-suenos-requiere-de-trabajo-y-constancia\/\" rel=\"bookmark\"><img decoding=\"async\" class=\"alignleft\" title=\"\u201cHacer realidad los sue\u00f1os requiere de trabajo y constancia\u201d: Nadia D\u00edaz\" src=\"http:\/\/www.eloriente.net\/home\/wp-content\/themes\/city-desk\/timthumb.php?src=http%3A%2F%2Fwww.eloriente.net%2Fhome%2Fwp-content%2Fuploads%2F2014%2F10%2FHacer-realidad-1.jpg&amp;q=90&amp;w=160&amp;h=106&amp;zc=1\" alt=\"\u201cHacer realidad los sue\u00f1os requiere de trabajo y constancia\u201d: Nadia D\u00edaz\" \/><\/a>eloriente.net \/ UTVCO 17\/octubre\/2014 Nadia D\u00edaz Ortiz presenta exitosamente su examen profesional y obtiene Menci\u00f3n Honor\u00edfica Originaria de Texas de Morelos, Ocotl\u00e1n; una comunidad que se encuentra a casi una hora de la Ciudad de Oaxaca de Ju\u00e1rez y con una poblaci\u00f3n de menos de 700 habitantes debido a los altos \u00edndices de migraci\u00f3n; Nadia [\u2026]<\/p>\n<p class=\"postmeta\"><span class=\"meta_date\">October 17, 2014<\/span><\/p>\n<p class=\"postmeta\">\n<\/div>\n<div id=\"post-33257\" class=\"post-33257 post type-post status-publish format-standard has-post-thumbnail hentry category-canal-3-musica category-educacion-y-cultura category-entradas category-especiales category-estados category-oaxaca-estados tag-lahistoriadetrasdelacancion entry loop-default border_bottom_30\">\n<p class=\"entry_title\"><a title=\"Permalink to Pablo es el artista, el poeta. Yo soy Yolanda.\" href=\"http:\/\/www.eloriente.net\/home\/2014\/10\/17\/pablo-es-el-artista-el-poeta-yo-soy-yolanda\/\" rel=\"bookmark\">Pablo es el artista, el poeta. Yo soy Yolanda.<\/a><\/p>\n<p><a href=\"http:\/\/www.eloriente.net\/home\/2014\/10\/17\/pablo-es-el-artista-el-poeta-yo-soy-yolanda\/\" rel=\"bookmark\"><img decoding=\"async\" class=\"alignleft\" title=\"Pablo es el artista, el poeta. Yo soy Yolanda.\" src=\"http:\/\/www.eloriente.net\/home\/wp-content\/themes\/city-desk\/timthumb.php?src=http%3A%2F%2Fwww.eloriente.net%2Fhome%2Fwp-content%2Fuploads%2F2014%2F10%2FBj_SY06CYAAjJZi.jpg&amp;q=90&amp;w=160&amp;h=106&amp;zc=1\" alt=\"Pablo es el artista, el poeta. Yo soy Yolanda.\" \/><\/a>eloriente.net 17\/octubre\/2014 El I Congreso Internacional de Negocios y Tecnolog\u00edas para el Turismo a realizarse en Huatulco, Oaxaca a finales de este mes, incluir\u00e1 en su parte cultural, la participaci\u00f3n de uno de los catautores cubanos m\u00e1s importantes de la \u00e9poca: Pablo Milan\u00e9s. El oriundo de Bayamo, es considerado como fundador de la Nueva Trova [\u2026]<\/p>\n<p class=\"postmeta\"><span class=\"meta_date\">October 17, 2014<\/span><\/p>\n<\/div>\n\n\t\t\t  <div \n\t\t\t  \tclass = \"fb-comments\" \n\t\t\t  \tdata-href = \"https:\/\/www.eloriente.net\/home\/2014\/10\/20\/despues-de-80-anos-regresa-la-orquesta-mexicana\/\"\n\t\t\t  \tdata-numposts = \"10\"\n\t\t\t\tdata-colorscheme = \"dark\"\n\t\t\t\tdata-order-by = \"social\"\n\t\t\t\tdata-mobile=true>\n\t\t\t  <\/div>\n\t\t  <style>\n\t\t\t.fb_iframe_widget_fluid_desktop iframe {\n\t\t\t    width: 100% !important;\n\t\t\t}\n\t\t  <\/style>\n\t\t  ","protected":false},"excerpt":{"rendered":"<p>eloriente.net \/ FAHHO 20\/octubre\/2014 \u201cEra muy peque\u00f1o \u2013tres a\u00f1os me cuenta ella\u2013 cuando por primera vez o\u00ed m\u00fasica. Era una orquestita de pueblo que tocaba la serenata en la plaza. Yo estuve de pie escuchando largo tiempo y seguramente con una atenci\u00f3n desmedida, pues me qued\u00e9 bizco. Y bizco estuve por tres o cuatro d\u00edas. [&hellip;]<\/p>\n","protected":false},"author":1,"featured_media":33359,"comment_status":"open","ping_status":"open","sticky":false,"template":"","format":"standard","meta":{"_jetpack_memberships_contains_paid_content":false,"footnotes":""},"categories":[1588,18,32,10,464,31],"tags":[1381],"class_list":["post-33358","post","type-post","status-publish","format-standard","has-post-thumbnail","hentry","category-comunicados-y-boletines","category-educacion-y-cultura","category-entradas","category-lo-mas-reciente","category-oaxaca-estados","category-principal","tag-fahho"],"jetpack_featured_media_url":"https:\/\/www.eloriente.net\/home\/wp-content\/uploads\/2014\/10\/En-el-concierto-Cantos-de-M\u00e9xico-de-la-Orquesta-Mexicana.jpg","jetpack_sharing_enabled":true,"_links":{"self":[{"href":"https:\/\/www.eloriente.net\/home\/wp-json\/wp\/v2\/posts\/33358"}],"collection":[{"href":"https:\/\/www.eloriente.net\/home\/wp-json\/wp\/v2\/posts"}],"about":[{"href":"https:\/\/www.eloriente.net\/home\/wp-json\/wp\/v2\/types\/post"}],"author":[{"embeddable":true,"href":"https:\/\/www.eloriente.net\/home\/wp-json\/wp\/v2\/users\/1"}],"replies":[{"embeddable":true,"href":"https:\/\/www.eloriente.net\/home\/wp-json\/wp\/v2\/comments?post=33358"}],"version-history":[{"count":1,"href":"https:\/\/www.eloriente.net\/home\/wp-json\/wp\/v2\/posts\/33358\/revisions"}],"predecessor-version":[{"id":33360,"href":"https:\/\/www.eloriente.net\/home\/wp-json\/wp\/v2\/posts\/33358\/revisions\/33360"}],"wp:featuredmedia":[{"embeddable":true,"href":"https:\/\/www.eloriente.net\/home\/wp-json\/wp\/v2\/media\/33359"}],"wp:attachment":[{"href":"https:\/\/www.eloriente.net\/home\/wp-json\/wp\/v2\/media?parent=33358"}],"wp:term":[{"taxonomy":"category","embeddable":true,"href":"https:\/\/www.eloriente.net\/home\/wp-json\/wp\/v2\/categories?post=33358"},{"taxonomy":"post_tag","embeddable":true,"href":"https:\/\/www.eloriente.net\/home\/wp-json\/wp\/v2\/tags?post=33358"}],"curies":[{"name":"wp","href":"https:\/\/api.w.org\/{rel}","templated":true}]}}