{"id":33433,"date":"2014-10-24T00:00:27","date_gmt":"2014-10-24T06:00:27","guid":{"rendered":"http:\/\/www.eloriente.net\/home\/?p=33433"},"modified":"2014-10-23T10:56:33","modified_gmt":"2014-10-23T16:56:33","slug":"la-historia-detras-de-la-cancion-nino-soldado-de-ska-p","status":"publish","type":"post","link":"https:\/\/www.eloriente.net\/home\/2014\/10\/24\/la-historia-detras-de-la-cancion-nino-soldado-de-ska-p\/","title":{"rendered":"La Historia Detr\u00e1s de la Canci\u00f3n: \u00abNi\u00f1o Soldado\u00bb de Ska-P"},"content":{"rendered":"<p>eloriente.net<\/p>\n<p>24\/octubre\/2014<\/p>\n<ul>\n<li>Tu indiferencia no tiene perd\u00f3n, \u00bfqui\u00e9n te rob\u00f3 el coraz\u00f3n?<\/li>\n<\/ul>\n<p>Una de las peores formas de trabajo infantil, seg\u00fan el <a href=\"http:\/\/ilo.org\/ipec\/facts\/WorstFormsofChildLabour\/lang--es\/index.htm\" target=\"_blank\">Art\u00edculo 3 del Convenio No. 182 de la OIT<\/a>, incluye todas las formas de esclavitud o las pr\u00e1cticas an\u00e1logas a la esclavitud, como la venta y la trata de ni\u00f1os, la servidumbre por deudas y la condici\u00f3n de siervo, y el trabajo forzoso u obligatorio, <strong>incluido el reclutamiento forzoso u obligatorio de ni\u00f1os para utilizarlos en conflictos armados<\/strong>. La canci\u00f3n Ni\u00f1o Soldado de Ska-P se encarna en el personaje de un ni\u00f1o, dentro del que se narra esta vertiente del trabajo infantil.<\/p>\n<p>Una cruel, pero real narraci\u00f3n que se apega a las experiencias vividas por muchos ni\u00f1os alrededor del mundo para integrarse a las guerrillas. Aquellos que son arrebatados desde peque\u00f1os a sus familias o incluso les asesinan a estas frente a sus ojos. Entrenados desde peque\u00f1os para matar, sin conocer otro mundo, casi sin esperanza para salir de ese c\u00edrculo y con muy pocas\u00a0opciones en la vida: sufrir o hacer sufrir, asesinar o ser asesinado.<\/p>\n<p><em>Tu indiferencia no tiene perd\u00f3n, \u00bfqui\u00e9n te rob\u00f3 el coraz\u00f3n?<\/em> reclama una de las l\u00edneas de la canci\u00f3n, motivando a la acci\u00f3n, \u00bfqu\u00e9 est\u00e1s haciendo t\u00fa para combatir el trabajo infantil?<\/p>\n<p><strong>Letra:<\/strong><\/p>\n<p><em>Fui a nacer donde no hay nada<\/em><br \/>\n<em> tras esa l\u00ednea que separa el bien del mal<\/em><br \/>\n<em> mi tiera se llama miseria<\/em><br \/>\n<em> y no conozco la palabra libertad<\/em><\/p>\n<p><em>Fui secuestrado en una guerra<\/em><br \/>\n<em> torturado y preparado pa&#8217; matar<\/em><br \/>\n<em> me han convertido en una bestia<\/em><br \/>\n<em> soy solo un ni\u00f1o que no tiene identidad<\/em><\/p>\n<p><em>Me han obligado a disparar<\/em><br \/>\n<em> me han ense\u00f1ado c\u00f3mo asesinar<\/em><br \/>\n<em> me han obligado a mutilar<\/em><br \/>\n<em> en un infierno terrenal<\/em><\/p>\n<p><em>Eh no, tu indiferencia no tiene perd\u00f3n<\/em><br \/>\n<em> \u00bfqui\u00e9n te rob\u00f3 el corazon ?<\/em><br \/>\n<em> no te levantes del sill\u00f3n<\/em><\/p>\n<p><em>Eh no, tu indiferencia no tiene perd\u00f3n<\/em><br \/>\n<em> \u00bfqui\u00e9n te rob\u00f3 el corazon ?<\/em><br \/>\n<em> apaga la televisi\u00f3n<\/em><\/p>\n<p><em>Una pistola en mi cabeza<\/em><br \/>\n<em> me est\u00e1 obligando a asesinar a mi pap\u00e1<\/em><br \/>\n<em> soy una m\u00e1quina de guerra<\/em><br \/>\n<em> mi dedo aprieta ese gatillo sin mirar<\/em><\/p>\n<p><em>Me han obligado a disparar<\/em><br \/>\n<em> me han ense\u00f1ado c\u00f3mo asesinar<\/em><br \/>\n<em> me han obligado a mutilar<\/em><br \/>\n<em> en un infierno terrenal<\/em><\/p>\n<p><em>Eh no, tu indiferencia no tiene perd\u00f3n<\/em><br \/>\n<em> \u00bfqui\u00e9n te rob\u00f3 el corazon ?<\/em><br \/>\n<em> no te levantes del sill\u00f3n<\/em><\/p>\n<p><em>Eh no, tu indiferencia no tiene perd\u00f3n<\/em><br \/>\n<em> \u00bfqui\u00e9n te rob\u00f3 el corazon ?<\/em><br \/>\n<em> apaga la televisi\u00f3n<\/em><\/p>\n<p><iframe loading=\"lazy\" src=\"\/\/www.youtube.com\/embed\/tkKSnkCv_HM\" width=\"560\" height=\"315\" frameborder=\"0\" allowfullscreen=\"allowfullscreen\"><\/iframe><\/p>\n<p><a href=\"http:\/\/www.eloriente.net\/home\/wp-content\/uploads\/2014\/10\/Ni\u00f1o-Soldado-focusonwomen.es_.jpg\"><img loading=\"lazy\" decoding=\"async\" class=\"alignnone size-medium wp-image-33435\" src=\"http:\/\/www.eloriente.net\/home\/wp-content\/uploads\/2014\/10\/Ni\u00f1o-Soldado-focusonwomen.es_-300x218.jpg\" alt=\"Ni\u00f1o Soldado - focusonwomen.es\" width=\"300\" height=\"218\" srcset=\"https:\/\/www.eloriente.net\/home\/wp-content\/uploads\/2014\/10\/Ni\u00f1o-Soldado-focusonwomen.es_-300x218.jpg 300w, https:\/\/www.eloriente.net\/home\/wp-content\/uploads\/2014\/10\/Ni\u00f1o-Soldado-focusonwomen.es_.jpg 800w\" sizes=\"(max-width: 300px) 100vw, 300px\" \/><\/a><\/p>\n<p>Foto: focusonwomen.es<\/p>\n<p><strong>Entradas relacionadas:<\/strong><\/p>\n<div id=\"post-33257\" class=\"post-33257 post type-post status-publish format-standard has-post-thumbnail hentry category-canal-3-musica category-educacion-y-cultura category-entradas category-especiales category-estados category-oaxaca-estados tag-lahistoriadetrasdelacancion entry loop-default border_bottom_30\">\n<p class=\"entry_title\"><a title=\"Permalink to La Historia Detr\u00e1s de la Canci\u00f3n \u201cYolanda\u201d de Pablo Milan\u00e9s\" href=\"http:\/\/www.eloriente.net\/home\/2014\/10\/17\/pablo-es-el-artista-el-poeta-yo-soy-yolanda\/\" rel=\"bookmark\">La Historia Detr\u00e1s de la Canci\u00f3n \u201cYolanda\u201d de Pablo Milan\u00e9s<\/a><\/p>\n<p><a href=\"http:\/\/www.eloriente.net\/home\/2014\/10\/17\/pablo-es-el-artista-el-poeta-yo-soy-yolanda\/\" rel=\"bookmark\"><img decoding=\"async\" class=\"alignleft\" title=\"La Historia Detr\u00e1s de la Canci\u00f3n \u201cYolanda\u201d de Pablo Milan\u00e9s\" src=\"http:\/\/www.eloriente.net\/home\/wp-content\/themes\/city-desk\/timthumb.php?src=http%3A%2F%2Fwww.eloriente.net%2Fhome%2Fwp-content%2Fuploads%2F2014%2F10%2FBj_SY06CYAAjJZi.jpg&amp;q=90&amp;w=160&amp;h=106&amp;zc=1\" alt=\"La Historia Detr\u00e1s de la Canci\u00f3n \u201cYolanda\u201d de Pablo Milan\u00e9s\" \/><\/a>eloriente.net 17\/octubre\/2014 Pablo es el artista, el poeta. Yo soy Yolanda. El I Congreso Internacional de Negocios y Tecnolog\u00edas para el Turismo a realizarse en Huatulco, Oaxaca a finales de este mes, incluir\u00e1 en su parte cultural, la participaci\u00f3n de uno de los catautores cubanos m\u00e1s importantes de la \u00e9poca: Pablo Milan\u00e9s. El oriundo de [\u2026]<\/p>\n<p class=\"postmeta\"><span class=\"meta_date\">October 17, 2014<\/span><\/p>\n<p class=\"postmeta\">\n<\/div>\n<div id=\"post-33002\" class=\"post-33002 post type-post status-publish format-standard has-post-thumbnail hentry category-canal-3-musica category-educacion-y-cultura category-entradas category-lo-mas-reciente tag-lahistoriadetrasdelacancion tag-heavy-metal tag-sepultura entry loop-default border_bottom_30\">\n<p class=\"entry_title\"><a title=\"Permalink to La historia detr\u00e1s de la canci\u00f3n \u201cRefuse\/Resist\u201d de Sepultura\" href=\"http:\/\/www.eloriente.net\/home\/2014\/10\/09\/la-historia-detras-de-la-cancion-refuseresist-de-sepultura\/\" rel=\"bookmark\">La historia detr\u00e1s de la canci\u00f3n \u201cRefuse\/Resist\u201d de Sepultura<\/a><\/p>\n<p><a href=\"http:\/\/www.eloriente.net\/home\/2014\/10\/09\/la-historia-detras-de-la-cancion-refuseresist-de-sepultura\/\" rel=\"bookmark\"><img decoding=\"async\" class=\"alignleft\" title=\"La historia detr\u00e1s de la canci\u00f3n \u201cRefuse\/Resist\u201d de Sepultura\" src=\"http:\/\/www.eloriente.net\/home\/wp-content\/themes\/city-desk\/timthumb.php?src=http%3A%2F%2Fwww.eloriente.net%2Fhome%2Fwp-content%2Fuploads%2F2014%2F10%2FRefuseResist.jpg&amp;q=90&amp;w=160&amp;h=106&amp;zc=1\" alt=\"La historia detr\u00e1s de la canci\u00f3n \u201cRefuse\/Resist\u201d de Sepultura\" \/><\/a>eloriente.net 10\/octubre\/2014 Hace una semana record\u00e1bamos la situaci\u00f3n social vivida en 1968, hoy, nos encontramos con el caso de los 43 estudiantes normalistas de Ayotzinapa, desaparecidos cerca de Iguala, Guerrero. Pareciera que las crisis sociales en nuestro pa\u00eds son cosas de todos los d\u00edas y por tal motivo, la canci\u00f3n Refuse\/Resist de los brasile\u00f1os Sepultura, [\u2026]<\/p>\n<p class=\"postmeta\"><span class=\"meta_date\">October 9, 2014<\/span><\/p>\n<p class=\"postmeta\">\n<\/div>\n<div id=\"post-32795\" class=\"post-32795 post type-post status-publish format-standard has-post-thumbnail hentry category-canal-3-musica category-entradas category-lo-mas-reciente category-mexico-y-el-mundo tag-lahistoriadetrasdelacancion tag-2-de-octubre tag-2-de-octubre-de-1968 tag-aqui-nada-paso tag-la-historia-detras-de-la-cancion tag-la-maldita-vecindad tag-panteon-rococo entry loop-default border_bottom_30\">\n<p class=\"entry_title\"><a title=\"Permalink to La historia detr\u00e1s de la canci\u00f3n: \u201c2 de Octubre\u201d de La Maldita Vecindad\" href=\"http:\/\/www.eloriente.net\/home\/2014\/10\/02\/la-historia-detras-de-la-cancion-2-de-octubre-de-la-maldita-vecindad\/\" rel=\"bookmark\">La historia detr\u00e1s de la canci\u00f3n: \u201c2 de Octubre\u201d de La Maldita Vecindad<\/a><\/p>\n<p><a href=\"http:\/\/www.eloriente.net\/home\/2014\/10\/02\/la-historia-detras-de-la-cancion-2-de-octubre-de-la-maldita-vecindad\/\" rel=\"bookmark\"><img decoding=\"async\" class=\"alignleft\" title=\"La historia detr\u00e1s de la canci\u00f3n: \u201c2 de Octubre\u201d de La Maldita Vecindad\" src=\"http:\/\/www.eloriente.net\/home\/wp-content\/themes\/city-desk\/timthumb.php?src=http%3A%2F%2Fwww.eloriente.net%2Fhome%2Fwp-content%2Fuploads%2F2014%2F10%2FPante%C3%B3n-Rococ%C3%B3.jpg&amp;q=90&amp;w=160&amp;h=106&amp;zc=1\" alt=\"La historia detr\u00e1s de la canci\u00f3n: \u201c2 de Octubre\u201d de La Maldita Vecindad\" \/><\/a>eloriente.net 2\/octubre\/2014 No queremos dejar pasar la ocasi\u00f3n de recordar aquellos temas inspirados en aquel fat\u00eddico d\u00eda de octubre de 1968. Aunque la masacre ocurri\u00f3 el d\u00eda 2, las heridas y cicatrices las fuimos descubriendo d\u00eda con d\u00eda, algunas 46 a\u00f1os despu\u00e9s a\u00fan no han cerrado. Muchos autores de las canciones relacionadas a la matanza, [\u2026]<\/p>\n<p class=\"postmeta\"><span class=\"meta_date\">October 2, 2014<\/span><\/p>\n<\/div>\n\n\t\t\t  <div \n\t\t\t  \tclass = \"fb-comments\" \n\t\t\t  \tdata-href = \"https:\/\/www.eloriente.net\/home\/2014\/10\/24\/la-historia-detras-de-la-cancion-nino-soldado-de-ska-p\/\"\n\t\t\t  \tdata-numposts = \"10\"\n\t\t\t\tdata-colorscheme = \"dark\"\n\t\t\t\tdata-order-by = \"social\"\n\t\t\t\tdata-mobile=true>\n\t\t\t  <\/div>\n\t\t  <style>\n\t\t\t.fb_iframe_widget_fluid_desktop iframe {\n\t\t\t    width: 100% !important;\n\t\t\t}\n\t\t  <\/style>\n\t\t  ","protected":false},"excerpt":{"rendered":"<p>eloriente.net 24\/octubre\/2014 Tu indiferencia no tiene perd\u00f3n, \u00bfqui\u00e9n te rob\u00f3 el coraz\u00f3n? Una de las peores formas de trabajo infantil, seg\u00fan el Art\u00edculo 3 del Convenio No. 182 de la OIT, incluye todas las formas de esclavitud o las pr\u00e1cticas an\u00e1logas a la esclavitud, como la venta y la trata de ni\u00f1os, la servidumbre por [&hellip;]<\/p>\n","protected":false},"author":1,"featured_media":33435,"comment_status":"open","ping_status":"open","sticky":false,"template":"","format":"standard","meta":{"_jetpack_memberships_contains_paid_content":false,"footnotes":""},"categories":[5,22,32,10,24],"tags":[2576,2814,2815,2788],"class_list":["post-33433","post","type-post","status-publish","format-standard","has-post-thumbnail","hentry","category-canal-3-musica","category-derechos-humanos","category-entradas","category-lo-mas-reciente","category-mexico-y-el-mundo","tag-lahistoriadetrasdelacancion","tag-guerra","tag-guerrilla","tag-trabajo-infantil"],"jetpack_featured_media_url":"https:\/\/www.eloriente.net\/home\/wp-content\/uploads\/2014\/10\/Ni\u00f1o-Soldado-focusonwomen.es_.jpg","jetpack_sharing_enabled":true,"_links":{"self":[{"href":"https:\/\/www.eloriente.net\/home\/wp-json\/wp\/v2\/posts\/33433"}],"collection":[{"href":"https:\/\/www.eloriente.net\/home\/wp-json\/wp\/v2\/posts"}],"about":[{"href":"https:\/\/www.eloriente.net\/home\/wp-json\/wp\/v2\/types\/post"}],"author":[{"embeddable":true,"href":"https:\/\/www.eloriente.net\/home\/wp-json\/wp\/v2\/users\/1"}],"replies":[{"embeddable":true,"href":"https:\/\/www.eloriente.net\/home\/wp-json\/wp\/v2\/comments?post=33433"}],"version-history":[{"count":2,"href":"https:\/\/www.eloriente.net\/home\/wp-json\/wp\/v2\/posts\/33433\/revisions"}],"predecessor-version":[{"id":33437,"href":"https:\/\/www.eloriente.net\/home\/wp-json\/wp\/v2\/posts\/33433\/revisions\/33437"}],"wp:featuredmedia":[{"embeddable":true,"href":"https:\/\/www.eloriente.net\/home\/wp-json\/wp\/v2\/media\/33435"}],"wp:attachment":[{"href":"https:\/\/www.eloriente.net\/home\/wp-json\/wp\/v2\/media?parent=33433"}],"wp:term":[{"taxonomy":"category","embeddable":true,"href":"https:\/\/www.eloriente.net\/home\/wp-json\/wp\/v2\/categories?post=33433"},{"taxonomy":"post_tag","embeddable":true,"href":"https:\/\/www.eloriente.net\/home\/wp-json\/wp\/v2\/tags?post=33433"}],"curies":[{"name":"wp","href":"https:\/\/api.w.org\/{rel}","templated":true}]}}