{"id":33492,"date":"2014-10-27T09:02:41","date_gmt":"2014-10-27T15:02:41","guid":{"rendered":"http:\/\/www.eloriente.net\/home\/?p=33492"},"modified":"2014-10-27T09:02:41","modified_gmt":"2014-10-27T15:02:41","slug":"primer-feria-internacional-del-chile-huacle","status":"publish","type":"post","link":"https:\/\/www.eloriente.net\/home\/2014\/10\/27\/primer-feria-internacional-del-chile-huacle\/","title":{"rendered":"Primer Feria Internacional del Chile Huacle"},"content":{"rendered":"<p class=\"x_MsoNormal\"><span lang=\"ES-MX\">eloriente.net<\/span><\/p>\n<p class=\"x_MsoNormal\"><span lang=\"ES-MX\">27\/octubre\/2014<\/span><\/p>\n<p class=\"x_MsoNormal\"><span lang=\"ES-MX\">La regi\u00f3n de la Ca\u00f1ada fungi\u00f3 como contexto ideal para la realizaci\u00f3n de la Primera Feria Internacional del Chile Huacle en San Juan Bautista Cuicatl\u00e1n. Cientos de visitantes conocieron el proceso para el rescate y la comercializaci\u00f3n de uno de los chiles m\u00e1s importantes de nuestro pa\u00eds y que se encuentra en peligro de extinci\u00f3n.<\/span><\/p>\n<p class=\"x_MsoNormal\"><span lang=\"ES-MX\">El representante de Productores Agroalimentarios de Cuicatl\u00e1n S.P.R., F\u00e9lix Antonio Mart\u00ednez destac\u00f3, durante la inauguraci\u00f3n de la Feria, que desde hace casi tres a\u00f1os, la cantidad de habitantes que se dedica a la producci\u00f3n del chile huacle ha ido disminuyendo, por eso es que en coordinaci\u00f3n con la Universidad Tecnol\u00f3gica de los Valles Centrales de Oaxaca (UTVCO) y las autoridades municipales de San Juan Bautista Cuicatl\u00e1n, realizan esta primera edici\u00f3n de la Feria del Chile Huacle o tambi\u00e9n conocido como Chilhuacle.<\/span><\/p>\n<p class=\"x_MsoNormal\"><span lang=\"ES-MX\">Por su parte, Celia Florian, lider en Oaxaca de SlowFood M\u00e9xico y Centroam\u00e9rica, \u00a0reconoci\u00f3 el esfuerzo del INIFAP, la UTVCO, Sagarpa y el municipio de Cuicatl\u00e1n para potencializar \u201cal chile emblem\u00e1tico del rey de los moles de Oaxaca\u201d. Afirm\u00f3 que el chihuacle es el ingrediente principal del mole negro oaxaque\u00f1o, de lo que ahora es patrimonio intangible de la humanidad: nuestra cocina mexicana, declaraci\u00f3n realizada por la UNESCO en el 2010; de ah\u00ed que sea importante el rescate de este chile para mantener esa denominaci\u00f3n.<\/span><\/p>\n<p class=\"x_MsoNormal\"><span lang=\"ES-MX\">Durante su mensaje de bienvenida, el presidente del municipio de San Juan Bautista Cuicatl\u00e1n, Jorge Octavio Guerrero S\u00e1nchez, agradeci\u00f3 la presencia de las y los estudiantes de los diferentes niveles educativos, ya afirm\u00f3 que ellos pueden socializar la importancia y la trascendencia del chile huacle.<\/span><\/p>\n<p class=\"x_MsoNormal\"><b><span lang=\"ES-MX\">Impulsa UTVCO trabajo en equipo lograr la denominaci\u00f3n de origen<\/span><\/b><\/p>\n<p class=\"x_MsoNormal\"><span lang=\"ES-MX\">El rector de la UTVCO, Juli\u00e1n Luna Santiago, destac\u00f3 la participaci\u00f3n de estudiantes y acad\u00e9micos de la universidad por apoyar a las y los productores de la regi\u00f3n, adem\u00e1s de comenzar a realizar los trabajos necesarios en equipo para lograr la denominaci\u00f3n de origen.<\/span><\/p>\n<p class=\"x_MsoNormal\"><span lang=\"ES-MX\">Tom\u00f3 como ejemplo el trabajo de la incubadora de la UTVCO, el Centro de Innovaci\u00f3n y Desarrollo de Negocios de los Valles Centrales (CIDEV), mismo que gestion\u00f3 ante la Agencia Espa\u00f1ola de Cooperaci\u00f3n Internacional para el Desarrollo (AECID) incentivos econ\u00f3micos del programa denominado Fortalecimiento al Emprendimiento Social para el Combate a la Pobreza en M\u00e9xico a trav\u00e9s de la Red de Incubadoras del Subsistema de Universidades Tecnol\u00f3gicas (RISUT).<\/span><\/p>\n<p class=\"x_MsoNormal\"><span lang=\"ES-MX\">Durante su intervenci\u00f3n, agradeci\u00f3 el esfuerzo generado entre los diferentes entes gubernamentales, c\u00e1maras empresariales, instituciones acad\u00e9micas y sociedad civil en general por rescatar el chile huacle. Reforz\u00f3 la idea de tener una mayor producci\u00f3n pero sobretodo una mejor comercializaci\u00f3n del chile para preservarlo y evitar as\u00ed su extinci\u00f3n.<\/span><\/p>\n<p class=\"x_MsoNormal\"><span lang=\"ES-MX\">Por su parte, durante una de las visitas guiadas realizadas a los campos de cultivo, el presidente de la delegaci\u00f3n en Oaxaca de la C\u00e1mara Nacional de la Industria de Restaurantes y de Alimentos Condimentados (Canirac), On\u00e9simo Bravo Hern\u00e1ndez, aplaudi\u00f3 la presencia de estudiantes para que reconocieran \u201clo que cuesta comerse un plato de mole\u201d. Indic\u00f3 que para obtener la denominaci\u00f3n de origen se requiere de mucho trabajo acad\u00e9mico pero sobretodo, de trabajo en equipo con todas las partes involucradas.<\/span><\/p>\n<p class=\"x_MsoNormal\"><a href=\"http:\/\/www.eloriente.net\/home\/wp-content\/uploads\/2014\/10\/Realizan-con-\u00e9xito-la-Primera-Feria6.jpg\"><img loading=\"lazy\" decoding=\"async\" class=\"alignnone size-medium wp-image-33493\" src=\"http:\/\/www.eloriente.net\/home\/wp-content\/uploads\/2014\/10\/Realizan-con-\u00e9xito-la-Primera-Feria6-300x199.jpg\" alt=\"Realizan con \u00e9xito la Primera Feria6\" width=\"300\" height=\"199\" srcset=\"https:\/\/www.eloriente.net\/home\/wp-content\/uploads\/2014\/10\/Realizan-con-\u00e9xito-la-Primera-Feria6-300x199.jpg 300w, https:\/\/www.eloriente.net\/home\/wp-content\/uploads\/2014\/10\/Realizan-con-\u00e9xito-la-Primera-Feria6-1024x682.jpg 1024w, https:\/\/www.eloriente.net\/home\/wp-content\/uploads\/2014\/10\/Realizan-con-\u00e9xito-la-Primera-Feria6.jpg 1280w\" sizes=\"(max-width: 300px) 100vw, 300px\" \/><\/a><\/p>\n<p class=\"x_MsoNormal\">Foto: UTVCO<\/p>\n<p class=\"x_MsoNormal\"><strong>Entradas relacionadas:<\/strong><\/p>\n<div id=\"post-33371\" class=\"post-33371 post type-post status-publish format-standard has-post-thumbnail hentry category-miercolesdeeconomia category-entradas category-gastronomia category-lo-mas-reciente category-medio-ambiente category-municipios category-oaxaca-estados category-principal tag-chile-huacle tag-chilhuacle tag-cuicatlan entry loop-default border_bottom_30\">\n<p class=\"entry_title\"><a title=\"Permalink to De Cuicatl\u00e1n para el mundo: el chile huacle\" href=\"http:\/\/www.eloriente.net\/home\/2014\/10\/22\/de-cuicatlan-para-el-mundo-el-chile-huacle\/\" rel=\"bookmark\">De Cuicatl\u00e1n para el mundo: el chile huacle<\/a><\/p>\n<p><a href=\"http:\/\/www.eloriente.net\/home\/2014\/10\/22\/de-cuicatlan-para-el-mundo-el-chile-huacle\/\" rel=\"bookmark\"><img decoding=\"async\" class=\"alignleft\" title=\"De Cuicatl\u00e1n para el mundo: el chile huacle\" src=\"http:\/\/www.eloriente.net\/home\/wp-content\/themes\/city-desk\/timthumb.php?src=http%3A%2F%2Fwww.eloriente.net%2Fhome%2Fwp-content%2Fuploads%2F2014%2F10%2FIMG_5552.jpg&amp;q=90&amp;w=160&amp;h=106&amp;zc=1\" alt=\"De Cuicatl\u00e1n para el mundo: el chile huacle\" \/><\/a>eloriente.net 22\/octubre\/2014 El original mole negro oaxaque\u00f1o usa como base el chile huacle, producto end\u00e9mico de la Ca\u00f1ada, concretamente de San Juan Bautista Cuicatl\u00e1n; en otras palabras,\u00a0significa que esta micro regi\u00f3n es la \u00fanica en el mundo que tiene las condiciones para que se d\u00e9 la especie tambi\u00e9n conocida como chilhuacle. Por tanto, su importancia [\u2026]<\/p>\n<p class=\"postmeta\"><span class=\"meta_date\">October 22, 2014<\/span><\/p>\n<p class=\"postmeta\">\n<\/div>\n<div id=\"post-33378\" class=\"post-33378 post type-post status-publish format-standard has-post-thumbnail hentry category-miercolesdeeconomia category-entradas category-lo-mas-reciente category-oaxaca-estados tag-chile-huacle tag-chilhuacle entry loop-default border_bottom_30\">\n<p class=\"entry_title\"><a title=\"Permalink to La reactivaci\u00f3n del chilhuacle\" href=\"http:\/\/www.eloriente.net\/home\/2014\/10\/22\/la-reactivacion-del-chilhuacle\/\" rel=\"bookmark\">La reactivaci\u00f3n del chilhuacle<\/a><\/p>\n<p><a href=\"http:\/\/www.eloriente.net\/home\/2014\/10\/22\/la-reactivacion-del-chilhuacle\/\" rel=\"bookmark\"><img decoding=\"async\" class=\"alignleft\" title=\"La reactivaci\u00f3n del chilhuacle\" src=\"http:\/\/www.eloriente.net\/home\/wp-content\/themes\/city-desk\/timthumb.php?src=http%3A%2F%2Fwww.eloriente.net%2Fhome%2Fwp-content%2Fuploads%2F2014%2F10%2FIMG_5550.jpg&amp;q=90&amp;w=160&amp;h=106&amp;zc=1\" alt=\"La reactivaci\u00f3n del chilhuacle\" \/><\/a>eloriente.net 22\/octubre\/2014 El chile huacle es un producto end\u00e9mico de Cuicatlan en la regi\u00f3n de la Ca\u00f1ada, con gran importancia cultural y gastron\u00f3mica para todo el estado, pues es el chile original con el que se elabora el mole negro oaxaque\u00f1o. Actualmente, su cultivo enfrenta problemas de distinta \u00edndole que se agravan con la aparici\u00f3n [\u2026]<\/p>\n<p class=\"postmeta\"><span class=\"meta_date\">October 22, 2014<\/span><\/p>\n<p class=\"postmeta\">\n<\/div>\n<div id=\"post-3445\" class=\"post-3445 post type-post status-publish format-standard has-post-thumbnail hentry category-entradas category-especiales category-salud-y-estilo-de-vida category-gastronomia entry loop-default border_bottom_30\">\n<p class=\"entry_title\"><a title=\"Permalink to As\u00ed sabe Oaxaca: Chiles Oaxaque\u00f1os\" href=\"http:\/\/www.eloriente.net\/home\/2012\/09\/28\/asi-sabe-oaxaca-chiles-oaxaquenos\/\" rel=\"bookmark\">As\u00ed sabe Oaxaca: Chiles Oaxaque\u00f1os<\/a><\/p>\n<p><a href=\"http:\/\/www.eloriente.net\/home\/2012\/09\/28\/asi-sabe-oaxaca-chiles-oaxaquenos\/\" rel=\"bookmark\"><img decoding=\"async\" class=\"alignleft\" title=\"As\u00ed sabe Oaxaca: Chiles Oaxaque\u00f1os\" src=\"http:\/\/www.eloriente.net\/home\/wp-content\/themes\/city-desk\/timthumb.php?src=http%3A%2F%2Fwww.eloriente.net%2Fhome%2Fwp-content%2Fuploads%2F2012%2F09%2Fchiles.jpg&amp;q=90&amp;w=160&amp;h=106&amp;zc=1\" alt=\"As\u00ed sabe Oaxaca: Chiles Oaxaque\u00f1os\" \/><\/a>eloriente.net \/Lienzo Culinario 28 de septiembre de 2012 La gastronom\u00eda oaxaque\u00f1a se caracteriza por su colorido, diversidad y el desarrollo de paletas de sabor tan complejas como variadas. La raz\u00f3n m\u00e1s importante se basa en su geograf\u00eda y la complejidad bot\u00e1nica que conlleva. Oaxaca se divide en 8 zonas geogr\u00e1ficas perfectamente delimitadas: La Mixteca, Ca\u00f1ana, [\u2026]<\/p>\n<p class=\"postmeta\"><span class=\"meta_date\">September 28, 2012<\/span><\/p>\n<\/div>\n\n\t\t\t  <div \n\t\t\t  \tclass = \"fb-comments\" \n\t\t\t  \tdata-href = \"https:\/\/www.eloriente.net\/home\/2014\/10\/27\/primer-feria-internacional-del-chile-huacle\/\"\n\t\t\t  \tdata-numposts = \"10\"\n\t\t\t\tdata-colorscheme = \"dark\"\n\t\t\t\tdata-order-by = \"social\"\n\t\t\t\tdata-mobile=true>\n\t\t\t  <\/div>\n\t\t  <style>\n\t\t\t.fb_iframe_widget_fluid_desktop iframe {\n\t\t\t    width: 100% !important;\n\t\t\t}\n\t\t  <\/style>\n\t\t  ","protected":false},"excerpt":{"rendered":"<p>eloriente.net 27\/octubre\/2014 La regi\u00f3n de la Ca\u00f1ada fungi\u00f3 como contexto ideal para la realizaci\u00f3n de la Primera Feria Internacional del Chile Huacle en San Juan Bautista Cuicatl\u00e1n. Cientos de visitantes conocieron el proceso para el rescate y la comercializaci\u00f3n de uno de los chiles m\u00e1s importantes de nuestro pa\u00eds y que se encuentra en peligro [&hellip;]<\/p>\n","protected":false},"author":1,"featured_media":33493,"comment_status":"open","ping_status":"open","sticky":false,"template":"","format":"standard","meta":{"_jetpack_memberships_contains_paid_content":false,"footnotes":""},"categories":[32,10,20,464],"tags":[2800],"class_list":["post-33492","post","type-post","status-publish","format-standard","has-post-thumbnail","hentry","category-entradas","category-lo-mas-reciente","category-medio-ambiente","category-oaxaca-estados","tag-chile-huacle"],"jetpack_featured_media_url":"https:\/\/www.eloriente.net\/home\/wp-content\/uploads\/2014\/10\/Realizan-con-\u00e9xito-la-Primera-Feria6.jpg","jetpack_sharing_enabled":true,"_links":{"self":[{"href":"https:\/\/www.eloriente.net\/home\/wp-json\/wp\/v2\/posts\/33492"}],"collection":[{"href":"https:\/\/www.eloriente.net\/home\/wp-json\/wp\/v2\/posts"}],"about":[{"href":"https:\/\/www.eloriente.net\/home\/wp-json\/wp\/v2\/types\/post"}],"author":[{"embeddable":true,"href":"https:\/\/www.eloriente.net\/home\/wp-json\/wp\/v2\/users\/1"}],"replies":[{"embeddable":true,"href":"https:\/\/www.eloriente.net\/home\/wp-json\/wp\/v2\/comments?post=33492"}],"version-history":[{"count":1,"href":"https:\/\/www.eloriente.net\/home\/wp-json\/wp\/v2\/posts\/33492\/revisions"}],"predecessor-version":[{"id":33494,"href":"https:\/\/www.eloriente.net\/home\/wp-json\/wp\/v2\/posts\/33492\/revisions\/33494"}],"wp:featuredmedia":[{"embeddable":true,"href":"https:\/\/www.eloriente.net\/home\/wp-json\/wp\/v2\/media\/33493"}],"wp:attachment":[{"href":"https:\/\/www.eloriente.net\/home\/wp-json\/wp\/v2\/media?parent=33492"}],"wp:term":[{"taxonomy":"category","embeddable":true,"href":"https:\/\/www.eloriente.net\/home\/wp-json\/wp\/v2\/categories?post=33492"},{"taxonomy":"post_tag","embeddable":true,"href":"https:\/\/www.eloriente.net\/home\/wp-json\/wp\/v2\/tags?post=33492"}],"curies":[{"name":"wp","href":"https:\/\/api.w.org\/{rel}","templated":true}]}}