{"id":33908,"date":"2014-11-13T00:00:40","date_gmt":"2014-11-13T06:00:40","guid":{"rendered":"http:\/\/www.eloriente.net\/home\/?p=33908"},"modified":"2014-11-12T23:33:58","modified_gmt":"2014-11-13T05:33:58","slug":"convocatoria-bienal-internacional-de-grabado-y-estampa","status":"publish","type":"post","link":"https:\/\/www.eloriente.net\/home\/2014\/11\/13\/convocatoria-bienal-internacional-de-grabado-y-estampa\/","title":{"rendered":"Convocatoria: Bienal Internacional de Grabado y Estampa"},"content":{"rendered":"<p>eloriente.net<\/p>\n<p>13\/noviembre\/2014<\/p>\n<p>Un artista popular, que no goz\u00f3 de la fama que tuvieron sus contempor\u00e1neos, pero el impulso brindado por Diego Rivera, inmortaliz\u00f3 a Jos\u00e9 Guadalupe Posada y a su obra La Catrina, orignalmente conocida como La Calavera Garbancera.<\/p>\n<p>Nacido en Aguascalientes el 2 de febrero de 1852, Posada fue aprendiz en el taller litogr\u00e1fico de Trinidad Pedroza, al tiempo que algunas de sus caricaturas de cr\u00edtica pol\u00edtica eran publicadas en peri\u00f3dicos de la \u00e9poca. Tras una estancia en Le\u00f3n y el regreso a Aguascalientes, Jos\u00e9 Guadalupe Posada se instal\u00f3 en la Ciudad de M\u00e9xico y al tiempo, emprendi\u00f3 un trabajo que le vali\u00f3 la aceptaci\u00f3n y admiraci\u00f3n popular, por su sentido del humor, propensi\u00f3n a lo dram\u00e1tico y calidad pl\u00e1stica. Su obra, amplia y variada, retrat\u00f3 las creencias y formas de vida cotidiana de los grupos populares, criticando los abusos del gobierno y la explotaci\u00f3n del pueblo.<\/p>\n<p>La II Bienal Internacional de Grabado y Estampa \u00abJos\u00e9 Guadalupe Posada\u00bb convoca a artistas de todos los pa\u00edses del mundo.<\/p>\n<p>Solo podr\u00e1n participar obras realizadas a partir de enero de 2014 que no hayan participado en concursos anteriores, que no est\u00e9n participando en otro concurso y que no cuenten con un tiraje regular.<\/p>\n<p>Los participantes podr\u00e1n enviar un m\u00e1ximo de dos obras. La t\u00e9cnica queda a juicio de los artisas, siempre y cuando se inserten las distintas modalidades de grabado y la estampa.<\/p>\n<p>Convocatoria abierta hasta el 31 de julio de 2015.<\/p>\n<p>Se otorgar\u00e1n tres premios de diez mil d\u00f3lares cada uno m\u00e1s un premio especial ofrecido por el Mtro. Francisco Toledo el cual consiste en una residencia de producci\u00f3n en el Centro de Arte de San Agust\u00edn (San Agust\u00edn Etla, Oaxaca).<\/p>\n<p>Para conocer la convocatoria completa, haz clic <a href=\"http:\/\/www.culturasyartes.oaxaca.gob.mx\/sites\/www.culturasyartes.oaxaca.gob.mx\/files\/bienalposadaweb.pdf\" target=\"_blank\">aqu\u00ed<\/a>.<\/p>\n<p><a href=\"http:\/\/www.eloriente.net\/home\/wp-content\/uploads\/2014\/11\/Jos\u00e9-Guadalupe-Posada-Razi-Marysol-Machay.jpg\"><img loading=\"lazy\" decoding=\"async\" class=\"alignnone size-medium wp-image-33909\" src=\"http:\/\/www.eloriente.net\/home\/wp-content\/uploads\/2014\/11\/Jos\u00e9-Guadalupe-Posada-Razi-Marysol-Machay-300x205.jpg\" alt=\"Jos\u00e9 Guadalupe Posada - Razi Marysol Machay\" width=\"300\" height=\"205\" srcset=\"https:\/\/www.eloriente.net\/home\/wp-content\/uploads\/2014\/11\/Jos\u00e9-Guadalupe-Posada-Razi-Marysol-Machay-300x205.jpg 300w, https:\/\/www.eloriente.net\/home\/wp-content\/uploads\/2014\/11\/Jos\u00e9-Guadalupe-Posada-Razi-Marysol-Machay-1024x703.jpg 1024w, https:\/\/www.eloriente.net\/home\/wp-content\/uploads\/2014\/11\/Jos\u00e9-Guadalupe-Posada-Razi-Marysol-Machay.jpg 2048w\" sizes=\"(max-width: 300px) 100vw, 300px\" \/><\/a><\/p>\n<p>Foto:\u00a0<a class=\"owner-name truncate\" title=\"Ir a la galer\u00eda de Razi Marysol Machay\" href=\"http:\/\/www.flickr.com\/photos\/marysolra\/\" data-track=\"attributionNameClick\" data-rapid_p=\"22\">Razi Marysol Machay<\/a>\u00a0&#8211;\u00a0<a class=\"photo-license-url\" href=\"https:\/\/creativecommons.org\/licenses\/by-sa\/2.0\/\" target=\"_newtab\" rel=\"license cc:license\" data-rapid_p=\"26\">Algunos derechos reservados<\/a><\/p>\n<p><strong>Entradas relacionadas:<\/strong><\/p>\n<div id=\"post-33858\" class=\"post-33858 post type-post status-publish format-standard has-post-thumbnail hentry category-convocatorias category-educacion-y-cultura category-entradas category-lo-mas-reciente category-mexico-y-el-mundo category-universidades tag-beca tag-bern tag-berna tag-convocatoria tag-maestria tag-posgrado tag-suiza tag-universidad-de-berna entry loop-default border_bottom_30\">\n<p class=\"entry_title\"><a title=\"Enlace Permanente a Convocatoria: Estudia tu maestr\u00eda en la Universidad de Berna\" href=\"http:\/\/www.eloriente.net\/home\/2014\/11\/11\/convocatoria-estudia-tu-maestria-en-la-universidad-de-berna\/\" rel=\"bookmark\">Convocatoria: Estudia tu maestr\u00eda en la Universidad de Berna<\/a><\/p>\n<p><a href=\"http:\/\/www.eloriente.net\/home\/2014\/11\/11\/convocatoria-estudia-tu-maestria-en-la-universidad-de-berna\/\" rel=\"bookmark\"><img decoding=\"async\" class=\"alignleft\" title=\"Convocatoria: Estudia tu maestr\u00eda en la Universidad de Berna\" src=\"http:\/\/www.eloriente.net\/home\/wp-content\/themes\/city-desk\/timthumb.php?src=http%3A%2F%2Fwww.eloriente.net%2Fhome%2Fwp-content%2Fuploads%2F2014%2F11%2FBerna-Martin-Abegglen.jpg&amp;q=90&amp;w=160&amp;h=106&amp;zc=1\" alt=\"Convocatoria: Estudia tu maestr\u00eda en la Universidad de Berna\" \/><\/a>eloriente.net 11\/noviembre\/2014 \u201cEleg\u00ed Berna por el idioma, porque quer\u00eda practicar alem\u00e1n, Me encontr\u00e9 con una ciudad multicultural y cosmopolita donde conviven muchas lenguas diferentes y no supone un problema de integraci\u00f3n ni discriminaci\u00f3n, ni siquiera de identidad porque la identidad suiza es plural\u201d, relata Esther L\u00f3pez Garc\u00eda de Espa\u00f1a,\u00a0sobre su experiencia de estudiar en la [\u2026]<\/p>\n<div class=\"sharedaddy sd-sharing-enabled\">\n<div class=\"robots-nocontent sd-block sd-social sd-social-icon-text sd-sharing\">\n<div class=\"sd-content\">\n<ul>\n<li><a class=\"sharing-anchor sd-button share-more\" href=\"http:\/\/www.eloriente.net\/home\/category\/convocatorias\/#\">Compartir<\/a><\/li>\n<li class=\"share-end\"><\/li>\n<\/ul>\n<div class=\"sharing-hidden\"><\/div>\n<\/div>\n<\/div>\n<\/div>\n<p class=\"postmeta\"><span class=\"meta_date\">noviembre 11, 2014<\/span><\/p>\n<\/div>\n<div id=\"post-33741\" class=\"post-33741 post type-post status-publish format-standard has-post-thumbnail hentry category-convocatorias category-educacion-y-cultura category-entradas category-lo-mas-reciente tag-cine tag-festival tag-francia tag-toulouse entry loop-default border_bottom_30\">\n<p class=\"entry_title\"><a title=\"Enlace Permanente a Convocatoria: Festival Encuentros de Cine Am\u00e9rica Latina de Tolouse\" href=\"http:\/\/www.eloriente.net\/home\/2014\/11\/06\/convocatoria-festival-encuentros-de-cine-america-latina-de-tolouse\/\" rel=\"bookmark\">Convocatoria: Festival Encuentros de Cine Am\u00e9rica Latina de Tolouse<\/a><\/p>\n<p><a href=\"http:\/\/www.eloriente.net\/home\/2014\/11\/06\/convocatoria-festival-encuentros-de-cine-america-latina-de-tolouse\/\" rel=\"bookmark\"><img decoding=\"async\" class=\"alignleft\" title=\"Convocatoria: Festival Encuentros de Cine Am\u00e9rica Latina de Tolouse\" src=\"http:\/\/www.eloriente.net\/home\/wp-content\/themes\/city-desk\/timthumb.php?src=http%3A%2F%2Fwww.eloriente.net%2Fhome%2Fwp-content%2Fuploads%2F2014%2F11%2FTolouse.jpg&amp;q=90&amp;w=160&amp;h=106&amp;zc=1\" alt=\"Convocatoria: Festival Encuentros de Cine Am\u00e9rica Latina de Tolouse\" \/><\/a>eloriente.net 6\/noviembre\/2014 El Festival Encuentros o los Encuentros, fue creado por un grupo de asociaciones de solidaridad con Am\u00e9rica Latina, con el objetivo de tomar conciencia del peligro que enfrentan el cine latinoamericano, nacido de contactos directos, se ha enfocado el tema de la solidaridad en t\u00e9rminos generales a una \u201csolidaridad cinematogr\u00e1fica.\u201d En 1991, el [\u2026]<\/p>\n<div class=\"sharedaddy sd-sharing-enabled\">\n<div class=\"robots-nocontent sd-block sd-social sd-social-icon-text sd-sharing\">\n<div class=\"sd-content\">\n<ul>\n<li><a class=\"sharing-anchor sd-button share-more\" href=\"http:\/\/www.eloriente.net\/home\/category\/convocatorias\/#\">Compartir<\/a><\/li>\n<li class=\"share-end\"><\/li>\n<\/ul>\n<div class=\"sharing-hidden\"><\/div>\n<\/div>\n<\/div>\n<\/div>\n<p class=\"postmeta\"><span class=\"meta_date\">noviembre 6, 2014<\/span><\/p>\n<\/div>\n<div id=\"post-33678\" class=\"post-33678 post type-post status-publish format-standard has-post-thumbnail hentry category-convocatorias category-educacion-y-cultura category-entradas category-lo-mas-reciente category-universidades tag-cns tag-conacyt tag-segob entry loop-default border_bottom_30\">\n<p class=\"entry_title\"><a title=\"Enlace Permanente a Convocatoria Fondo Sectorial para la Seguridad P\u00fablica  SEGOB \u2013 CNS \u2013 CONACYT\" href=\"http:\/\/www.eloriente.net\/home\/2014\/11\/04\/convocatoria-fondo-sectorial-para-la-seguridad-publica-segob-cns-conacyt\/\" rel=\"bookmark\">Convocatoria Fondo Sectorial para la Seguridad P\u00fablica SEGOB \u2013 CNS \u2013 CONACYT<\/a><\/p>\n<p><a href=\"http:\/\/www.eloriente.net\/home\/2014\/11\/04\/convocatoria-fondo-sectorial-para-la-seguridad-publica-segob-cns-conacyt\/\" rel=\"bookmark\"><img decoding=\"async\" class=\"alignleft\" title=\"Convocatoria Fondo Sectorial para la Seguridad P\u00fablica  SEGOB \u2013 CNS \u2013 CONACYT\" src=\"http:\/\/www.eloriente.net\/home\/wp-content\/themes\/city-desk\/timthumb.php?src=http%3A%2F%2Fwww.eloriente.net%2Fhome%2Fwp-content%2Fuploads%2F2014%2F10%2FInform%C3%A1tica-felixtriller.jpg&amp;q=90&amp;w=160&amp;h=106&amp;zc=1\" alt=\"Convocatoria Fondo Sectorial para la Seguridad P\u00fablica  SEGOB \u2013 CNS \u2013 CONACYT\" \/><\/a>eloriente.net 3\/noviembre\/2014 En una definici\u00f3n b\u00e1sica podr\u00edamos decir que Geolocalizaci\u00f3n es la palabra en espa\u00f1ol para el t\u00e9rmino geolocation, que se refiere a la localizaci\u00f3n geogr\u00e1fica de un dispositivo, como puede ser un dispositivo m\u00f3vil o una computadora con conexi\u00f3n a Internet. Por su parte un aut\u00f3mata puede definirse como un equipo electr\u00f3nico programable en [\u2026]<\/p>\n<div class=\"sharedaddy sd-sharing-enabled\">\n<div class=\"robots-nocontent sd-block sd-social sd-social-icon-text sd-sharing\">\n<div class=\"sd-content\">\n<ul>\n<li><a class=\"sharing-anchor sd-button share-more\" href=\"http:\/\/www.eloriente.net\/home\/category\/convocatorias\/#\">Compartir<\/a><\/li>\n<li class=\"share-end\"><\/li>\n<\/ul>\n<div class=\"sharing-hidden\"><\/div>\n<\/div>\n<\/div>\n<\/div>\n<p class=\"postmeta\"><span class=\"meta_date\">noviembre 4, 2014<\/span><\/p>\n<\/div>\n\n\t\t\t  <div \n\t\t\t  \tclass = \"fb-comments\" \n\t\t\t  \tdata-href = \"https:\/\/www.eloriente.net\/home\/2014\/11\/13\/convocatoria-bienal-internacional-de-grabado-y-estampa\/\"\n\t\t\t  \tdata-numposts = \"10\"\n\t\t\t\tdata-colorscheme = \"dark\"\n\t\t\t\tdata-order-by = \"social\"\n\t\t\t\tdata-mobile=true>\n\t\t\t  <\/div>\n\t\t  <style>\n\t\t\t.fb_iframe_widget_fluid_desktop iframe {\n\t\t\t    width: 100% !important;\n\t\t\t}\n\t\t  <\/style>\n\t\t  ","protected":false},"excerpt":{"rendered":"<p>eloriente.net 13\/noviembre\/2014 Un artista popular, que no goz\u00f3 de la fama que tuvieron sus contempor\u00e1neos, pero el impulso brindado por Diego Rivera, inmortaliz\u00f3 a Jos\u00e9 Guadalupe Posada y a su obra La Catrina, orignalmente conocida como La Calavera Garbancera. Nacido en Aguascalientes el 2 de febrero de 1852, Posada fue aprendiz en el taller litogr\u00e1fico [&hellip;]<\/p>\n","protected":false},"author":1,"featured_media":33909,"comment_status":"open","ping_status":"open","sticky":false,"template":"","format":"standard","meta":{"_jetpack_memberships_contains_paid_content":false,"footnotes":""},"categories":[26,18,32,10,24],"tags":[2967,1419,2966,2965],"class_list":["post-33908","post","type-post","status-publish","format-standard","has-post-thumbnail","hentry","category-convocatorias","category-educacion-y-cultura","category-entradas","category-lo-mas-reciente","category-mexico-y-el-mundo","tag-aguascalientes","tag-bienal","tag-grabados","tag-jose-guadalupe-posada"],"jetpack_featured_media_url":"https:\/\/www.eloriente.net\/home\/wp-content\/uploads\/2014\/11\/Jos\u00e9-Guadalupe-Posada-Razi-Marysol-Machay.jpg","jetpack_sharing_enabled":true,"_links":{"self":[{"href":"https:\/\/www.eloriente.net\/home\/wp-json\/wp\/v2\/posts\/33908"}],"collection":[{"href":"https:\/\/www.eloriente.net\/home\/wp-json\/wp\/v2\/posts"}],"about":[{"href":"https:\/\/www.eloriente.net\/home\/wp-json\/wp\/v2\/types\/post"}],"author":[{"embeddable":true,"href":"https:\/\/www.eloriente.net\/home\/wp-json\/wp\/v2\/users\/1"}],"replies":[{"embeddable":true,"href":"https:\/\/www.eloriente.net\/home\/wp-json\/wp\/v2\/comments?post=33908"}],"version-history":[{"count":1,"href":"https:\/\/www.eloriente.net\/home\/wp-json\/wp\/v2\/posts\/33908\/revisions"}],"predecessor-version":[{"id":33910,"href":"https:\/\/www.eloriente.net\/home\/wp-json\/wp\/v2\/posts\/33908\/revisions\/33910"}],"wp:featuredmedia":[{"embeddable":true,"href":"https:\/\/www.eloriente.net\/home\/wp-json\/wp\/v2\/media\/33909"}],"wp:attachment":[{"href":"https:\/\/www.eloriente.net\/home\/wp-json\/wp\/v2\/media?parent=33908"}],"wp:term":[{"taxonomy":"category","embeddable":true,"href":"https:\/\/www.eloriente.net\/home\/wp-json\/wp\/v2\/categories?post=33908"},{"taxonomy":"post_tag","embeddable":true,"href":"https:\/\/www.eloriente.net\/home\/wp-json\/wp\/v2\/tags?post=33908"}],"curies":[{"name":"wp","href":"https:\/\/api.w.org\/{rel}","templated":true}]}}