{"id":34004,"date":"2014-10-08T12:19:39","date_gmt":"2014-10-08T18:19:39","guid":{"rendered":"http:\/\/www.eloriente.net\/home\/?p=34004"},"modified":"2014-11-18T12:41:31","modified_gmt":"2014-11-18T18:41:31","slug":"a-conocer-la-oferta-de-licenciaturas","status":"publish","type":"post","link":"https:\/\/www.eloriente.net\/home\/2014\/10\/08\/a-conocer-la-oferta-de-licenciaturas\/","title":{"rendered":"A conocer la oferta de licenciaturas"},"content":{"rendered":"<p>eloriente.net \/ <a href=\"uabjo.mx\" target=\"_blank\">UABJO<\/a><\/p>\n<p>8\/octubre\/2014<\/p>\n<p>La Direcci\u00f3n de Educaci\u00f3n Media Superior de la UABJO organiza Segunda Feria Profesiog\u00e1fica en Ciudad Universitaria<\/p>\n<p>Con la participaci\u00f3n de universidades y centros educativos de los estados de Veracruz, Oaxaca y Puebla, dio inicio la Segunda Feria Profesiogr\u00e1fica organizada por la Direcci\u00f3n General de Educaci\u00f3n Media Superior (DGEMS) de la Universidad Aut\u00f3noma \u201cBenito Ju\u00e1rez\u201d de Oaxaca (UABJO).<\/p>\n<p>El acto inaugural estuvo presidido por Armando Mart\u00ednez Gonz\u00e1lez, titular de la DEGEMS, quien se\u00f1al\u00f3 que con esta actividad, los estudiantes de nivel medio superior podr\u00e1n acercarse a la oferta educativa de las instituciones participantes y as\u00ed conocer de manera detallada los planes de estudio y perfiles de ingreso y egreso de las licenciaturas de su inter\u00e9s.<\/p>\n<p>Asimismo, el funcionario destac\u00f3 la importancia de que los estudiantes tomen una decisi\u00f3n informada sobre la instituci\u00f3n y la licenciatura que vayan a estudiar, pues de eso depender\u00e1 en gran medida su futuro \u00e9xito profesional y personal.<\/p>\n<p>El funcionario universitario aprovech\u00f3 para agradecer a Eduardo Mart\u00ednez Helmes, Rector de la M\u00e1xima Casa de Estudios en el Estado, por el apoyo brindado a la DGEMS a fin de fortalecer la calidad de la educaci\u00f3n media superior, as\u00ed como a las y los directores de las diferentes preparatorias de la UABJO que, con su apoyo y esfuerzo, han logrado hacer de estas escuelas espacios de calidad educativa.<\/p>\n<p>Finalmente, los estudiantes realizaron un recorrido por las instalaciones de Ciudad Universitaria, teniendo as\u00ed un acercamiento con la manera en c\u00f3mo se desarrolla la vida universitaria, y conocer de cerca las Escuelas y Facultades, bibliotecas y espacios de recreaci\u00f3n que alberga el Campus.<\/p>\n<p>A trav\u00e9s de estas acciones, la UABJO reitera su compromiso con la educaci\u00f3n, al poner al servicio de sus estudiantes la informaci\u00f3n necesaria para que puedan realizar una selecci\u00f3n de carrera adecuada, a fin a sus preferencias, habilidades y capacidades.<\/p>\n<p><a href=\"http:\/\/www.eloriente.net\/home\/wp-content\/uploads\/2014\/11\/082.jpg\"><img loading=\"lazy\" decoding=\"async\" class=\"alignnone size-medium wp-image-34005\" src=\"http:\/\/www.eloriente.net\/home\/wp-content\/uploads\/2014\/11\/082-300x200.jpg\" alt=\"08(2)\" width=\"300\" height=\"200\" srcset=\"https:\/\/www.eloriente.net\/home\/wp-content\/uploads\/2014\/11\/082-300x200.jpg 300w, https:\/\/www.eloriente.net\/home\/wp-content\/uploads\/2014\/11\/082-1024x682.jpg 1024w\" sizes=\"(max-width: 300px) 100vw, 300px\" \/><\/a><\/p>\n<p>&nbsp;<\/p>\n<p>Foto: UABJO<\/p>\n<p><strong>Entradas relacionadas:<\/strong><\/p>\n<div id=\"post-34001\" class=\"post-34001 post type-post status-publish format-standard has-post-thumbnail hentry category-comunicados-y-boletines category-educacion-y-cultura category-entradas category-lo-mas-reciente category-oaxaca-estados tag-uabjo entry loop-default border_bottom_30\">\n<p class=\"entry_title\"><a title=\"Enlace Permanente a Ramiro V\u00e1squez y las artes del libro\" href=\"http:\/\/www.eloriente.net\/home\/2014\/11\/18\/ramiro-vasquez-y-las-artes-del-libro\/\" rel=\"bookmark\">Ramiro V\u00e1squez y las artes del libro<\/a><\/p>\n<p><a href=\"http:\/\/www.eloriente.net\/home\/2014\/11\/18\/ramiro-vasquez-y-las-artes-del-libro\/\" rel=\"bookmark\"><img decoding=\"async\" class=\"alignleft\" title=\"Ramiro V\u00e1squez y las artes del libro\" src=\"http:\/\/www.eloriente.net\/home\/wp-content\/themes\/city-desk\/timthumb.php?src=http%3A%2F%2Fwww.eloriente.net%2Fhome%2Fwp-content%2Fuploads%2F2014%2F11%2F051.jpg&amp;q=90&amp;w=160&amp;h=106&amp;zc=1\" alt=\"Ramiro V\u00e1squez y las artes del libro\" \/><\/a>eloriente.net 18\/noviembre\/2014 La Direcci\u00f3n de Servicios Editoriales de la UABJO, una tradici\u00f3n universitaria \u2022 Imparten Taller de Tipograf\u00eda en coordinaci\u00f3n con el CDO y el Centro Cultural San Pablo En el marco del 475 aniversario de la imprenta en M\u00e9xico, la Direcci\u00f3n de Servicios Editoriales de la Universidad Aut\u00f3noma \u201cBenito Ju\u00e1rez\u201d de Oaxaca (UABJO) organiz\u00f3 [\u2026]<\/p>\n<div class=\"sharedaddy sd-sharing-enabled\">\n<div class=\"robots-nocontent sd-block sd-social sd-social-icon-text sd-sharing\">\n<div class=\"sd-content\">\n<ul>\n<li><a class=\"sharing-anchor sd-button share-more\" href=\"http:\/\/www.eloriente.net\/home\/tag\/uabjo\/#\">Compartir<\/a><\/li>\n<li class=\"share-end\"><\/li>\n<\/ul>\n<div class=\"sharing-hidden\"><\/div>\n<\/div>\n<\/div>\n<\/div>\n<p class=\"postmeta\"><span class=\"meta_date\">noviembre 18, 2014<\/span><\/p>\n<\/div>\n<div id=\"post-33931\" class=\"post-33931 post type-post status-publish format-standard has-post-thumbnail hentry category-comunicados-y-boletines category-educacion-y-cultura category-entradas category-lo-mas-reciente category-oaxaca-estados category-universidades tag-congreso-internacional tag-derecho-procesal-penal tag-uabjo entry loop-default border_bottom_30\">\n<p class=\"entry_title\"><a title=\"Enlace Permanente a Expertos internacionales en Derecho Procesal Penal vendr\u00e1n a Oaxaca\" href=\"http:\/\/www.eloriente.net\/home\/2014\/11\/13\/expertos-internacionales-en-derecho-procesal-penal-vendran-a-oaxaca\/\" rel=\"bookmark\">Expertos internacionales en Derecho Procesal Penal vendr\u00e1n a Oaxaca<\/a><\/p>\n<p><a href=\"http:\/\/www.eloriente.net\/home\/2014\/11\/13\/expertos-internacionales-en-derecho-procesal-penal-vendran-a-oaxaca\/\" rel=\"bookmark\"><img decoding=\"async\" class=\"alignleft\" title=\"Expertos internacionales en Derecho Procesal Penal vendr\u00e1n a Oaxaca\" src=\"http:\/\/www.eloriente.net\/home\/wp-content\/themes\/city-desk\/timthumb.php?src=http%3A%2F%2Fwww.eloriente.net%2Fhome%2Fwp-content%2Fuploads%2F2014%2F11%2F13.jpg&amp;q=90&amp;w=160&amp;h=106&amp;zc=1\" alt=\"Expertos internacionales en Derecho Procesal Penal vendr\u00e1n a Oaxaca\" \/><\/a>eloriente.net \/ UABJO 13\/noviembre\/2014 Facultad de Derecho y Fundaci\u00f3n UABJO anuncia su Congreso Internacional de Derecho Procesal Penal \u2022 Ponentes de talla internacional del 25 al 28 de noviembre Como parte de las actividades acad\u00e9micas que se realizan en la Universidad Aut\u00f3noma \u201cBenito Ju\u00e1rez\u201d de Oaxaca (UABJO), el director de la Facultad de Derecho y [\u2026]<\/p>\n<div class=\"sharedaddy sd-sharing-enabled\">\n<div class=\"robots-nocontent sd-block sd-social sd-social-icon-text sd-sharing\">\n<div class=\"sd-content\">\n<ul>\n<li><a class=\"sharing-anchor sd-button share-more\" href=\"http:\/\/www.eloriente.net\/home\/tag\/uabjo\/#\">Compartir<\/a><\/li>\n<li class=\"share-end\"><\/li>\n<\/ul>\n<div class=\"sharing-hidden\"><\/div>\n<\/div>\n<\/div>\n<\/div>\n<p class=\"postmeta\"><span class=\"meta_date\">noviembre 13, 2014<\/span><\/p>\n<\/div>\n<div id=\"post-33870\" class=\"post-33870 post type-post status-publish format-standard has-post-thumbnail hentry category-comunicados-y-boletines category-educacion-y-cultura category-entradas category-lo-mas-reciente category-oaxaca-estados category-universidades tag-acreditacion tag-biologia tag-ciees tag-escuela-de-ciencias tag-fisica tag-uabjo entry loop-default border_bottom_30\">\n<p class=\"entry_title\"><a title=\"Enlace Permanente a Todo el empe\u00f1o generar\u00e1 la acreditaci\u00f3n: Magaly Hern\u00e1ndez\" href=\"http:\/\/www.eloriente.net\/home\/2014\/11\/11\/toda-el-empeno-generara-la-acreditacion-magaly-hernandez\/\" rel=\"bookmark\">Todo el empe\u00f1o generar\u00e1 la acreditaci\u00f3n: Magaly Hern\u00e1ndez<\/a><\/p>\n<p><a href=\"http:\/\/www.eloriente.net\/home\/2014\/11\/11\/toda-el-empeno-generara-la-acreditacion-magaly-hernandez\/\" rel=\"bookmark\"><img decoding=\"async\" class=\"alignleft\" title=\"Todo el empe\u00f1o generar\u00e1 la acreditaci\u00f3n: Magaly Hern\u00e1ndez\" src=\"http:\/\/www.eloriente.net\/home\/wp-content\/themes\/city-desk\/timthumb.php?src=http%3A%2F%2Fwww.eloriente.net%2Fhome%2Fwp-content%2Fuploads%2F2014%2F11%2F112.jpg&amp;q=90&amp;w=160&amp;h=106&amp;zc=1\" alt=\"Todo el empe\u00f1o generar\u00e1 la acreditaci\u00f3n: Magaly Hern\u00e1ndez\" \/><\/a>eloriente.net \/ UABJO 11\/noviembre\/2014 Avanza proceso de acreditaci\u00f3n de licenciaturas en Escuela de Ciencias de la UABJO Como resultado del proceso para alcanzar la acreditaci\u00f3n de las licenciaturas en Biolog\u00eda y F\u00edsica de la Escuela de Ciencias de la Universidad Aut\u00f3noma \u201cBenito Ju\u00e1rez\u201d de Oaxaca (UABJO), se realiz\u00f3 el acto protocolario para la entrega formal [\u2026]<\/p>\n<div class=\"sharedaddy sd-sharing-enabled\">\n<div class=\"robots-nocontent sd-block sd-social sd-social-icon-text sd-sharing\">\n<div class=\"sd-content\">\n<ul>\n<li><a class=\"sharing-anchor sd-button share-more\" href=\"http:\/\/www.eloriente.net\/home\/tag\/uabjo\/#\">Compartir<\/a><\/li>\n<li class=\"share-end\"><\/li>\n<\/ul>\n<div class=\"sharing-hidden\"><\/div>\n<\/div>\n<\/div>\n<\/div>\n<p class=\"postmeta\"><span class=\"meta_date\">noviembre 11, 2014<\/span><\/p>\n<\/div>\n<p>&nbsp;<\/p>\n\n\t\t\t  <div \n\t\t\t  \tclass = \"fb-comments\" \n\t\t\t  \tdata-href = \"https:\/\/www.eloriente.net\/home\/2014\/10\/08\/a-conocer-la-oferta-de-licenciaturas\/\"\n\t\t\t  \tdata-numposts = \"10\"\n\t\t\t\tdata-colorscheme = \"dark\"\n\t\t\t\tdata-order-by = \"social\"\n\t\t\t\tdata-mobile=true>\n\t\t\t  <\/div>\n\t\t  <style>\n\t\t\t.fb_iframe_widget_fluid_desktop iframe {\n\t\t\t    width: 100% !important;\n\t\t\t}\n\t\t  <\/style>\n\t\t  ","protected":false},"excerpt":{"rendered":"<p>eloriente.net \/ UABJO 8\/octubre\/2014 La Direcci\u00f3n de Educaci\u00f3n Media Superior de la UABJO organiza Segunda Feria Profesiog\u00e1fica en Ciudad Universitaria Con la participaci\u00f3n de universidades y centros educativos de los estados de Veracruz, Oaxaca y Puebla, dio inicio la Segunda Feria Profesiogr\u00e1fica organizada por la Direcci\u00f3n General de Educaci\u00f3n Media Superior (DGEMS) de la Universidad [&hellip;]<\/p>\n","protected":false},"author":1,"featured_media":34005,"comment_status":"open","ping_status":"open","sticky":false,"template":"","format":"standard","meta":{"_jetpack_memberships_contains_paid_content":false,"footnotes":""},"categories":[1588,18,32,10,464,84],"tags":[182],"class_list":["post-34004","post","type-post","status-publish","format-standard","has-post-thumbnail","hentry","category-comunicados-y-boletines","category-educacion-y-cultura","category-entradas","category-lo-mas-reciente","category-oaxaca-estados","category-universidades","tag-uabjo"],"jetpack_featured_media_url":"https:\/\/www.eloriente.net\/home\/wp-content\/uploads\/2014\/11\/082.jpg","jetpack_sharing_enabled":true,"_links":{"self":[{"href":"https:\/\/www.eloriente.net\/home\/wp-json\/wp\/v2\/posts\/34004"}],"collection":[{"href":"https:\/\/www.eloriente.net\/home\/wp-json\/wp\/v2\/posts"}],"about":[{"href":"https:\/\/www.eloriente.net\/home\/wp-json\/wp\/v2\/types\/post"}],"author":[{"embeddable":true,"href":"https:\/\/www.eloriente.net\/home\/wp-json\/wp\/v2\/users\/1"}],"replies":[{"embeddable":true,"href":"https:\/\/www.eloriente.net\/home\/wp-json\/wp\/v2\/comments?post=34004"}],"version-history":[{"count":2,"href":"https:\/\/www.eloriente.net\/home\/wp-json\/wp\/v2\/posts\/34004\/revisions"}],"predecessor-version":[{"id":34016,"href":"https:\/\/www.eloriente.net\/home\/wp-json\/wp\/v2\/posts\/34004\/revisions\/34016"}],"wp:featuredmedia":[{"embeddable":true,"href":"https:\/\/www.eloriente.net\/home\/wp-json\/wp\/v2\/media\/34005"}],"wp:attachment":[{"href":"https:\/\/www.eloriente.net\/home\/wp-json\/wp\/v2\/media?parent=34004"}],"wp:term":[{"taxonomy":"category","embeddable":true,"href":"https:\/\/www.eloriente.net\/home\/wp-json\/wp\/v2\/categories?post=34004"},{"taxonomy":"post_tag","embeddable":true,"href":"https:\/\/www.eloriente.net\/home\/wp-json\/wp\/v2\/tags?post=34004"}],"curies":[{"name":"wp","href":"https:\/\/api.w.org\/{rel}","templated":true}]}}