{"id":3410,"date":"2012-09-27T09:42:40","date_gmt":"2012-09-27T15:42:40","guid":{"rendered":"http:\/\/www.eloriente.net\/home\/?p=3410"},"modified":"2012-10-09T12:19:45","modified_gmt":"2012-10-09T18:19:45","slug":"convocatoria-imagen-de-la-guelaguetza-2013","status":"publish","type":"post","link":"https:\/\/www.eloriente.net\/home\/2012\/09\/27\/convocatoria-imagen-de-la-guelaguetza-2013\/","title":{"rendered":"Convocatoria imagen de la Guelaguetza 2013"},"content":{"rendered":"<p>eloriente.net\/Gobierno del Estado de Oaxaca<\/p>\n<p>27 de septiembre de 2012<\/p>\n<p>eloriente.net (Oaxaca, Oax.) 27 de septiembre de 2012.- El Gobierno del Estado de Oaxaca a trav\u00e9s de \u00a0la Secretar\u00eda de Turismo y Desarrollo Econ\u00f3mico convocan al concurso para seleccionar la imagen de la Guelaguetza 2013.<\/p>\n<p>Podr\u00e1n participar todas las personas mayores de 18 a\u00f1os con nacionalidad mexicana por nacimiento. La t\u00e9cnica de los trabajos es libre y el tema es \u00abGuelaguetza 2013\u00bb Fiesta de los Lunes del Cerro.<\/p>\n<p>El formato del trabajo ser\u00e1 de 50 x 70 cm m\u00ednimo y 70 x 100 como m\u00e1ximo (para la imagen del cartel).<\/p>\n<p>Las carpetas de trabajos deber\u00e1n ser entregadas en las oficinas que ocupa la Subsecretar\u00eda de Promoci\u00f3n Tur\u00edstica de la STyDE ubicada en Avenida Ju\u00e1rez 703, Col. Centro, Oaxaca. La recepci\u00f3n de trabajos ser\u00e1 hasta el 5 de diciembre de 2012, sin pr\u00f3rroga alguna.<\/p>\n<p>El trabajo ganador ser\u00e1 la imagen oficial de las festividades de los lunes del Cerro del pr\u00f3ximo a\u00f1o.\u00a0El fallo del jurado ser\u00e1 dado a conocer en el sitio web de la Secretar\u00eda de Turismo y Desarrollo Econ\u00f3mico del Estado de Oaxaca www.oaxacatravel.com<\/p>\n<p>Para consultar las bases de la convocatoria te proporcionamos el siguiente enlace:<a href=\"http:\/\/www.styde.oaxaca.gob.mx\/pdf\/convocatoria_guelaguetza2013.pdf\" target=\"_blank\"> Guelaguetza 2013<\/a><\/p>\n<p><a href=\"http:\/\/www.eloriente.net\/home\/wp-content\/uploads\/2012\/09\/g14.jpg\"><img loading=\"lazy\" decoding=\"async\" class=\"aligncenter size-medium wp-image-3412\" title=\"g14\" src=\"http:\/\/www.eloriente.net\/home\/wp-content\/uploads\/2012\/09\/g14-300x200.jpg\" alt=\"\" width=\"300\" height=\"200\" srcset=\"https:\/\/www.eloriente.net\/home\/wp-content\/uploads\/2012\/09\/g14-300x200.jpg 300w, https:\/\/www.eloriente.net\/home\/wp-content\/uploads\/2012\/09\/g14-1024x683.jpg 1024w, https:\/\/www.eloriente.net\/home\/wp-content\/uploads\/2012\/09\/g14.jpg 1421w\" sizes=\"(max-width: 300px) 100vw, 300px\" \/><\/a><\/p>\n<p>&nbsp;<\/p>\n<p>&nbsp;<\/p>\n\n\t\t\t  <div \n\t\t\t  \tclass = \"fb-comments\" \n\t\t\t  \tdata-href = \"https:\/\/www.eloriente.net\/home\/2012\/09\/27\/convocatoria-imagen-de-la-guelaguetza-2013\/\"\n\t\t\t  \tdata-numposts = \"10\"\n\t\t\t\tdata-colorscheme = \"dark\"\n\t\t\t\tdata-order-by = \"social\"\n\t\t\t\tdata-mobile=true>\n\t\t\t  <\/div>\n\t\t  <style>\n\t\t\t.fb_iframe_widget_fluid_desktop iframe {\n\t\t\t    width: 100% !important;\n\t\t\t}\n\t\t  <\/style>\n\t\t  ","protected":false},"excerpt":{"rendered":"<p>eloriente.net\/Gobierno del Estado de Oaxaca 27 de septiembre de 2012 eloriente.net (Oaxaca, Oax.) 27 de septiembre de 2012.- El Gobierno del Estado de Oaxaca a trav\u00e9s de \u00a0la Secretar\u00eda de Turismo y Desarrollo Econ\u00f3mico convocan al concurso para seleccionar la imagen de la Guelaguetza 2013. Podr\u00e1n participar todas las personas mayores de 18 a\u00f1os con [&hellip;]<\/p>\n","protected":false},"author":1,"featured_media":3412,"comment_status":"open","ping_status":"open","sticky":false,"template":"","format":"standard","meta":{"_jetpack_memberships_contains_paid_content":false,"footnotes":""},"categories":[29,26,32,10],"tags":[],"class_list":["post-3410","post","type-post","status-publish","format-standard","has-post-thumbnail","hentry","category-capital","category-convocatorias","category-entradas","category-lo-mas-reciente"],"jetpack_featured_media_url":"https:\/\/www.eloriente.net\/home\/wp-content\/uploads\/2012\/09\/g14.jpg","jetpack_sharing_enabled":true,"_links":{"self":[{"href":"https:\/\/www.eloriente.net\/home\/wp-json\/wp\/v2\/posts\/3410"}],"collection":[{"href":"https:\/\/www.eloriente.net\/home\/wp-json\/wp\/v2\/posts"}],"about":[{"href":"https:\/\/www.eloriente.net\/home\/wp-json\/wp\/v2\/types\/post"}],"author":[{"embeddable":true,"href":"https:\/\/www.eloriente.net\/home\/wp-json\/wp\/v2\/users\/1"}],"replies":[{"embeddable":true,"href":"https:\/\/www.eloriente.net\/home\/wp-json\/wp\/v2\/comments?post=3410"}],"version-history":[{"count":2,"href":"https:\/\/www.eloriente.net\/home\/wp-json\/wp\/v2\/posts\/3410\/revisions"}],"predecessor-version":[{"id":3883,"href":"https:\/\/www.eloriente.net\/home\/wp-json\/wp\/v2\/posts\/3410\/revisions\/3883"}],"wp:featuredmedia":[{"embeddable":true,"href":"https:\/\/www.eloriente.net\/home\/wp-json\/wp\/v2\/media\/3412"}],"wp:attachment":[{"href":"https:\/\/www.eloriente.net\/home\/wp-json\/wp\/v2\/media?parent=3410"}],"wp:term":[{"taxonomy":"category","embeddable":true,"href":"https:\/\/www.eloriente.net\/home\/wp-json\/wp\/v2\/categories?post=3410"},{"taxonomy":"post_tag","embeddable":true,"href":"https:\/\/www.eloriente.net\/home\/wp-json\/wp\/v2\/tags?post=3410"}],"curies":[{"name":"wp","href":"https:\/\/api.w.org\/{rel}","templated":true}]}}