{"id":34750,"date":"2014-12-18T00:01:03","date_gmt":"2014-12-18T06:01:03","guid":{"rendered":"http:\/\/www.eloriente.net\/home\/?p=34750"},"modified":"2015-01-05T12:04:52","modified_gmt":"2015-01-05T18:04:52","slug":"cultura-y-turismo-estaran-unidos-por-primera-vez-en-conferencia-mundial","status":"publish","type":"post","link":"https:\/\/www.eloriente.net\/home\/2014\/12\/18\/cultura-y-turismo-estaran-unidos-por-primera-vez-en-conferencia-mundial\/","title":{"rendered":"Cultura y Turismo estar\u00e1n unidos por primera vez en Conferencia Mundial"},"content":{"rendered":"<p>(www.eloriente.net, M\u00e9xico, a 18 de diciembre de 2014).- En lo que pretende ser un &#8216;hito&#8217; en la colaboraci\u00f3n entre el turismo y la cultura, por primera vez los ministros de ambos ramos de todas las regiones del mundo, se reunir\u00e1n en Camboya para celebrar la primera Conferencia Mundial sobre Turismo y Cultura, entre los d\u00edas 4 y 6 de febrero de 2015.<\/p>\n<p><a href=\"http:\/\/www.eloriente.net\/home\/wp-content\/uploads\/2014\/12\/Dennis-Jarvis-camboya-CC-eloriente.net_.jpg\"><img loading=\"lazy\" decoding=\"async\" class=\"alignnone  wp-image-34751\" src=\"http:\/\/www.eloriente.net\/home\/wp-content\/uploads\/2014\/12\/Dennis-Jarvis-camboya-CC-eloriente.net_.jpg\" alt=\"Dennis Jarvis camboya CC eloriente.net\" width=\"730\" height=\"485\" srcset=\"https:\/\/www.eloriente.net\/home\/wp-content\/uploads\/2014\/12\/Dennis-Jarvis-camboya-CC-eloriente.net_.jpg 1024w, https:\/\/www.eloriente.net\/home\/wp-content\/uploads\/2014\/12\/Dennis-Jarvis-camboya-CC-eloriente.net_-300x199.jpg 300w\" sizes=\"(max-width: 730px) 100vw, 730px\" \/><\/a><\/p>\n<p>Foto: <a href=\"http:\/\/www.flickr.com\/photos\/archer10\/\" target=\"_blank\">Dennis Jarvis<\/a> CC<\/p>\n<p>El objetivo es que expertos, planeadores de pol\u00edticas p\u00fablicas y gestores compartan e identifiquen oportunidades y cambios para desarrollar modelos de acompa\u00f1amiento entre los dos sectores y cumplir con el potencial cultural como constructor de crecimiento econ\u00f3mico inclusivo, desarrollo social y preservaci\u00f3n cultural.<\/p>\n<p>En la sede, Siem Reap, estar\u00e1 presente la realeza local encabezada por S.M.Preah Bat Samdech Preah Baromneath Norodom Sihamoni y el primer ministroSamdech Akka Moha Sena Padei Techo Hun Sen, as\u00ed como numerosos expertos que compartir\u00e1n con los representantes nacionales ponencias y di\u00e1logos. <a href=\"http:\/\/tourismandculture.cvent.com\/events\/world-conference-on-tourism-and-culture\/speakers-31e858760d0a4a5287d626b2b638cc8e.aspx\" target=\"_blank\">Entre ellos<\/a>, John Delaney, vicepresidente senior de la compa\u00f1\u00eda de viajes mar\u00edtimos de lujo Seabourn, quien seguramente tocar\u00e1 el tema de la alianza entre la compa\u00f1\u00eda y la Organizaci\u00f3n de las Naciones Unidas para la Educaci\u00f3n, la Ciencia y la Cultura (UNESCO) para ayudar a la protecci\u00f3n del patrimonio mundial.<\/p>\n<p>Asimismo, destaca la participaci\u00f3n de Amareswar Galla, director ejecutivo del <a href=\"http:\/\/inclusivemuseum.org\/\" target=\"_blank\">International Institute for the Inclusive Museum<\/a>, entidad dedicada a realizar investigaciones y a construir instituciones, museos y otros proyectos alrededor del mundo.<\/p>\n<p>Ha causado expectativa tambi\u00e9n la participaci\u00f3n de Hansj\u00fcrgen Schm\u00f6lzer, gerente ejecutivo de <a href=\"http:\/\/www.creativeaustria.at\/\" target=\"_blank\">Creative Austria<\/a>, una plataforma de comunicaci\u00f3n y producci\u00f3n de cultura contempor\u00e1nea y actividades creativas de turismo y cultura. Adem\u00e1s, es fundador y propietario de BSX Schm\u00f6lzer GMbH, un grupo consultor en la materia, con el cual fue responsable de desarrollar proyectos como Graz 2003, capital cultural de Europa.<\/p>\n<p>Para consultar el programa completo,\u00a0 en ELORIENTE.NET te invitamos a dar click <a href=\"https:\/\/custom.cvent.com\/E5C28A0D212A415D9AD3C8B699EBC072\/files\/dbce790635074fd48193fc766517d8d6.pdf\" target=\"_blank\">aqu\u00ed<\/a>.<\/p>\n<p>Y si Camboya te resulta desconocida, estas im\u00e1genes:<br \/>\n<iframe loading=\"lazy\" src=\"\/\/player.vimeo.com\/video\/109799320\" width=\"500\" height=\"400\" frameborder=\"0\" allowfullscreen=\"allowfullscreen\"><\/iframe><\/p>\n<p><iframe loading=\"lazy\" src=\"\/\/www.youtube.com\/embed\/XKjg3yMjz48\" width=\"560\" height=\"315\" frameborder=\"0\" allowfullscreen=\"allowfullscreen\"><\/iframe><\/p>\n\n\t\t\t  <div \n\t\t\t  \tclass = \"fb-comments\" \n\t\t\t  \tdata-href = \"https:\/\/www.eloriente.net\/home\/2014\/12\/18\/cultura-y-turismo-estaran-unidos-por-primera-vez-en-conferencia-mundial\/\"\n\t\t\t  \tdata-numposts = \"10\"\n\t\t\t\tdata-colorscheme = \"dark\"\n\t\t\t\tdata-order-by = \"social\"\n\t\t\t\tdata-mobile=true>\n\t\t\t  <\/div>\n\t\t  <style>\n\t\t\t.fb_iframe_widget_fluid_desktop iframe {\n\t\t\t    width: 100% !important;\n\t\t\t}\n\t\t  <\/style>\n\t\t  ","protected":false},"excerpt":{"rendered":"<p>(www.eloriente.net, M\u00e9xico, a 18 de diciembre de 2014).- En lo que pretende ser un &#8216;hito&#8217; en la colaboraci\u00f3n entre el turismo y la cultura, por primera vez los ministros de ambos ramos de todas las regiones del mundo, se reunir\u00e1n en Camboya para celebrar la primera Conferencia Mundial sobre Turismo y Cultura, entre los d\u00edas [&hellip;]<\/p>\n","protected":false},"author":1,"featured_media":34751,"comment_status":"open","ping_status":"open","sticky":false,"template":"","format":"standard","meta":{"_jetpack_memberships_contains_paid_content":false,"footnotes":""},"categories":[8,32,13,24,31,19],"tags":[3180,3181,3182,3179,419],"class_list":["post-34750","post","type-post","status-publish","format-standard","has-post-thumbnail","hentry","category-agenda","category-entradas","category-especiales","category-mexico-y-el-mundo","category-principal","category-turismo-y-negocios","tag-camboya","tag-conferencia-mundial","tag-industrias-creativas","tag-turismo-y-cultura","tag-unesco"],"jetpack_featured_media_url":"https:\/\/www.eloriente.net\/home\/wp-content\/uploads\/2014\/12\/Dennis-Jarvis-camboya-CC-eloriente.net_.jpg","jetpack_sharing_enabled":true,"_links":{"self":[{"href":"https:\/\/www.eloriente.net\/home\/wp-json\/wp\/v2\/posts\/34750"}],"collection":[{"href":"https:\/\/www.eloriente.net\/home\/wp-json\/wp\/v2\/posts"}],"about":[{"href":"https:\/\/www.eloriente.net\/home\/wp-json\/wp\/v2\/types\/post"}],"author":[{"embeddable":true,"href":"https:\/\/www.eloriente.net\/home\/wp-json\/wp\/v2\/users\/1"}],"replies":[{"embeddable":true,"href":"https:\/\/www.eloriente.net\/home\/wp-json\/wp\/v2\/comments?post=34750"}],"version-history":[{"count":1,"href":"https:\/\/www.eloriente.net\/home\/wp-json\/wp\/v2\/posts\/34750\/revisions"}],"predecessor-version":[{"id":34752,"href":"https:\/\/www.eloriente.net\/home\/wp-json\/wp\/v2\/posts\/34750\/revisions\/34752"}],"wp:featuredmedia":[{"embeddable":true,"href":"https:\/\/www.eloriente.net\/home\/wp-json\/wp\/v2\/media\/34751"}],"wp:attachment":[{"href":"https:\/\/www.eloriente.net\/home\/wp-json\/wp\/v2\/media?parent=34750"}],"wp:term":[{"taxonomy":"category","embeddable":true,"href":"https:\/\/www.eloriente.net\/home\/wp-json\/wp\/v2\/categories?post=34750"},{"taxonomy":"post_tag","embeddable":true,"href":"https:\/\/www.eloriente.net\/home\/wp-json\/wp\/v2\/tags?post=34750"}],"curies":[{"name":"wp","href":"https:\/\/api.w.org\/{rel}","templated":true}]}}