{"id":34758,"date":"2014-12-18T00:10:55","date_gmt":"2014-12-18T06:10:55","guid":{"rendered":"http:\/\/www.eloriente.net\/home\/?p=34758"},"modified":"2014-12-17T14:35:19","modified_gmt":"2014-12-17T20:35:19","slug":"publicar-en-tusquets-un-sueno-posible","status":"publish","type":"post","link":"https:\/\/www.eloriente.net\/home\/2014\/12\/18\/publicar-en-tusquets-un-sueno-posible\/","title":{"rendered":"Publicar en Tusquets, un sue\u00f1o \u00bfposible?"},"content":{"rendered":"<p>(www.eloriente.net, M\u00e9xico, a 18 de diciembre de 2015).- La prestigiada Tusquets Editores insisti\u00f3 en sus reglas para recibir manuscritos de obras in\u00e9ditas, y as\u00ed agilizar su an\u00e1lisis, mismos que deben cumplir con ciertos requisitos generales y ser enviados a sus distintas oficinas en hispanoam\u00e9rica.<\/p>\n<p>En twitter, Tusquets anunci\u00f3:<\/p>\n<blockquote class=\"twitter-tweet\" lang=\"es\"><p>\u00bfOs gustar\u00eda enviar vuestro manuscrito a Tusquets Editores? Pod\u00e9is consultar las normas de env\u00edo de manuscritos en: <a href=\"http:\/\/t.co\/RpJZ9HFvQ1\">http:\/\/t.co\/RpJZ9HFvQ1<\/a><\/p>\n<p>\u2014 Tusquets Editores (@TusquetsEditor) <a href=\"https:\/\/twitter.com\/TusquetsEditor\/status\/522346064868024320\">octubre 15, 2014<\/a><\/p><\/blockquote>\n<p><script src=\"\/\/platform.twitter.com\/widgets.js\" async=\"\" charset=\"utf-8\"><\/script>En ese sentido, los &#8216;indicadores&#8217; que dichas obras deben contemplar, comienzan precisamente con su condici\u00f3n de &#8216;in\u00e9ditas&#8217; en lengua espa\u00f1ola; tener un m\u00ednimo de 100 p\u00e1ginas y un interlineado de 1.5 en programa word.<\/p>\n<p>Asimismo, la p\u00e1gina oficial de la editorial enlista:<\/p>\n<p>&nbsp;<\/p>\n<ul>\n<li>\u00abEl manuscrito deber\u00e1 ir acompa\u00f1ado de una carta en la que figuren los datos completos del autor y una cuenta de correo electr\u00f3nico.<\/li>\n<li>Recuerde que s\u00f3lo admitimos un original por autor.<\/li>\n<li>En el caso de los manuscritos en papel enviados por correo ordinario, entendemos que el ejemplar que nos env\u00ede es una copia del original. As\u00ed pues no devolveremos los manuscritos en caso de desestimar su publicaci\u00f3n.\u00bb<\/li>\n<\/ul>\n<p>Para el caso de M\u00e9xico, los manuscritos deber\u00e1n enviarse a su oficina en M\u00e9xico, Distrito Federal, ubicada en Av. Presidente Masaryk No. 111, piso 2, Col. Chapultepec Morales, Delegaci\u00f3n Miguel Hidalgo, C.P. 11570.<\/p>\n<p>Es muy importante en este caso, se\u00f1alar que la editorial no aceptar env\u00edo de poemarios, obras teatrales, antolog\u00edas de aforismos y obras narrativas escritas en lenguas extranjeras no solicitados.<\/p>\n<p>En ELORIENTE.NET te compartimos, junto con esta convocatoria, el trailer de una obra (Underground) de un autor de referencia: Haruki Murakami, precisamente de esta casa editorial:<br \/>\n<iframe loading=\"lazy\" src=\"\/\/www.youtube.com\/embed\/kGgEOtxO6PY\" width=\"560\" height=\"315\" frameborder=\"0\" allowfullscreen=\"allowfullscreen\"><\/iframe><br \/>\n<strong>\u00a0OTRAS ENTRADAS:<\/strong><\/p>\n<div id=\"post-34726\" class=\"post-34726 post type-post status-publish format-standard has-post-thumbnail hentry category-convocatorias category-educacion-y-cultura category-entradas category-lo-mas-reciente category-mexico-y-el-mundo tag-erasmus entry loop-default border_bottom_30\">\n<h2 class=\"entry_title\"><a title=\"Enlace Permanente a Convocatoria al concurso \u2018Lugares Erasmus\u2019\" href=\"http:\/\/www.eloriente.net\/home\/2014\/12\/16\/convocatoria-al-concurso-lugares-erasmus\/\" rel=\"bookmark\">Convocatoria al concurso \u2018Lugares Erasmus\u2019<\/a><\/h2>\n<p><a href=\"http:\/\/www.eloriente.net\/home\/2014\/12\/16\/convocatoria-al-concurso-lugares-erasmus\/\" rel=\"bookmark\"><img decoding=\"async\" class=\"alignleft\" title=\"Convocatoria al concurso \u2018Lugares Erasmus\u2019\" src=\"http:\/\/www.eloriente.net\/home\/wp-content\/themes\/city-desk\/timthumb.php?src=http%3A%2F%2Fwww.eloriente.net%2Fhome%2Fwp-content%2Fuploads%2F2014%2F12%2FPuente-Erasmus-R%C3%B3terdam.jpg&amp;q=90&amp;w=160&amp;h=106&amp;zc=1\" alt=\"Convocatoria al concurso \u2018Lugares Erasmus\u2019\" \/><\/a>(www.eloriente.net, M\u00e9xico, 16 de diciembre 2014).- Geert Geertsen fue un importante humanista, fil\u00f3sofo, fil\u00f3logo y te\u00f3logo holand\u00e9s, mejor conocido como Erasmo de R\u00f3terdam. La importancia de sus obras escritas en lat\u00edn durante los siglos XV y XVI, siguen cobrando importnacia en la actualidad, al grado que el Plan de Acci\u00f3n de la Comunidad Europea para [\u2026]<\/p>\n<div class=\"toolbar-social\">\n<div class=\"social-widget\">\n<div><\/div>\n<div><\/div>\n<div id=\"sharing-widget\"><a class=\"button icon-share\">Compartir<\/a> <span class=\"share-count\">5<\/span><\/div>\n<\/div>\n<\/div>\n<p class=\"postmeta\"><span class=\"meta_date\">diciembre 16, 2014<\/span><\/p>\n<\/div>\n<div id=\"post-34589\" class=\"post-34589 post type-post status-publish format-standard has-post-thumbnail hentry category-juevesdecineyseries category-cine category-convocatorias category-educacion-y-cultura category-entradas category-lo-mas-reciente tag-las-americas-international-film-festival entry loop-default border_bottom_30\">\n<h2 class=\"entry_title\"><a title=\"Enlace Permanente a Convocatoria: 18\u00ba Cine Las Americas International Film Festival\" href=\"http:\/\/www.eloriente.net\/home\/2014\/12\/11\/convocatoria-18o-cine-las-americas-international-film-festival\/\" rel=\"bookmark\">Convocatoria: 18\u00ba Cine Las Americas International Film Festival<\/a><\/h2>\n<p><a href=\"http:\/\/www.eloriente.net\/home\/2014\/12\/11\/convocatoria-18o-cine-las-americas-international-film-festival\/\" rel=\"bookmark\"><img decoding=\"async\" class=\"alignleft\" title=\"Convocatoria: 18\u00ba Cine Las Americas International Film Festival\" src=\"http:\/\/www.eloriente.net\/home\/wp-content\/themes\/city-desk\/timthumb.php?src=http%3A%2F%2Fwww.eloriente.net%2Fhome%2Fwp-content%2Fuploads%2F2014%2F12%2FCinema.jpg&amp;q=90&amp;w=160&amp;h=106&amp;zc=1\" alt=\"Convocatoria: 18\u00ba Cine Las Americas International Film Festival\" \/><\/a>(www.eloriente.net, M\u00e9xico, 11 de diciembre 2014).- En la esquina de Shakespeare y Victor Hugo en la Ciudad de M\u00e9xico, est\u00e1 la casa de hu\u00e9spedes de Rosa Carbajal, un refugio que esconde una historia \u00edntima y apasionante. Hace 20 a\u00f1os, Rosa conoci\u00f3 a Jorge Riosse, un joven inquilino con quien desarroll\u00f3 una amistad entra\u00f1able. Durante 8 [\u2026]<\/p>\n<div class=\"toolbar-social\">\n<div class=\"social-widget\">\n<div><\/div>\n<div id=\"sharing-widget\"><a class=\"button icon-share\">Compartir<\/a> <span class=\"share-count\">2<\/span><\/div>\n<\/div>\n<\/div>\n<p class=\"postmeta\"><span class=\"meta_date\">diciembre 11, 2014<\/span><\/p>\n<\/div>\n<div id=\"post-34536\" class=\"post-34536 post type-post status-publish format-standard has-post-thumbnail hentry category-convocatorias category-educacion-y-cultura category-entradas category-lo-mas-reciente tag-clima tag-ecologia tag-proteccion-climatica entry loop-default border_bottom_30\">\n<h2 class=\"entry_title\"><a title=\"Enlace Permanente a Convocatoria: Becas para proyectos sobre protecci\u00f3n clim\u00e1tica en Alemania\" href=\"http:\/\/www.eloriente.net\/home\/2014\/12\/09\/convocatoria-becas-para-proyectos-sobre-proteccion-climatica-en-alemania\/\" rel=\"bookmark\">Convocatoria: Becas para proyectos sobre protecci\u00f3n clim\u00e1tica en Alemania<\/a><\/h2>\n<p><a href=\"http:\/\/www.eloriente.net\/home\/2014\/12\/09\/convocatoria-becas-para-proyectos-sobre-proteccion-climatica-en-alemania\/\" rel=\"bookmark\"><img decoding=\"async\" class=\"alignleft\" title=\"Convocatoria: Becas para proyectos sobre protecci\u00f3n clim\u00e1tica en Alemania\" src=\"http:\/\/www.eloriente.net\/home\/wp-content\/themes\/city-desk\/timthumb.php?src=http%3A%2F%2Fwww.eloriente.net%2Fhome%2Fwp-content%2Fuploads%2F2014%2F12%2FProtecci%C3%B3n-al-Ambiente.jpg&amp;q=90&amp;w=160&amp;h=106&amp;zc=1\" alt=\"Convocatoria: Becas para proyectos sobre protecci\u00f3n clim\u00e1tica en Alemania\" \/><\/a>(www.eloriente.net, M\u00e9xico, 9 de diciembre 2014).- Hortensia Sol\u00eds, cient\u00edfica costarricense, llevar\u00e1 a cabo la investigaci\u00f3n para definir y desarrollar los componentes clave del proceso de MRV. La medici\u00f3n, reporte y verificaci\u00f3n (MRV) de las reducciones de emisiones es una barrera clave para la financiaci\u00f3n de acciones de mitigaci\u00f3n en la agricultura. Costa Rica tendr\u00e1 que [\u2026]<\/p>\n<div class=\"toolbar-social\">\n<div class=\"social-widget\">\n<div><\/div>\n<div id=\"sharing-widget\"><a class=\"button icon-share\">Compartir<\/a> <span class=\"share-count\">4<\/span><\/div>\n<\/div>\n<\/div>\n<p class=\"postmeta\"><span class=\"meta_date\">diciembre 9, 2014<\/span><\/p>\n<\/div>\n<p>&nbsp;<\/p>\n\n\t\t\t  <div \n\t\t\t  \tclass = \"fb-comments\" \n\t\t\t  \tdata-href = \"https:\/\/www.eloriente.net\/home\/2014\/12\/18\/publicar-en-tusquets-un-sueno-posible\/\"\n\t\t\t  \tdata-numposts = \"10\"\n\t\t\t\tdata-colorscheme = \"dark\"\n\t\t\t\tdata-order-by = \"social\"\n\t\t\t\tdata-mobile=true>\n\t\t\t  <\/div>\n\t\t  <style>\n\t\t\t.fb_iframe_widget_fluid_desktop iframe {\n\t\t\t    width: 100% !important;\n\t\t\t}\n\t\t  <\/style>\n\t\t  ","protected":false},"excerpt":{"rendered":"<p>(www.eloriente.net, M\u00e9xico, a 18 de diciembre de 2015).- La prestigiada Tusquets Editores insisti\u00f3 en sus reglas para recibir manuscritos de obras in\u00e9ditas, y as\u00ed agilizar su an\u00e1lisis, mismos que deben cumplir con ciertos requisitos generales y ser enviados a sus distintas oficinas en hispanoam\u00e9rica. En twitter, Tusquets anunci\u00f3: \u00bfOs gustar\u00eda enviar vuestro manuscrito a Tusquets [&hellip;]<\/p>\n","protected":false},"author":1,"featured_media":34759,"comment_status":"open","ping_status":"open","sticky":false,"template":"","format":"standard","meta":{"_jetpack_memberships_contains_paid_content":false,"footnotes":""},"categories":[26,49,18,32,10,24],"tags":[2548,3187,2101,3186,3185],"class_list":["post-34758","post","type-post","status-publish","format-standard","has-post-thumbnail","hentry","category-convocatorias","category-destacadas","category-educacion-y-cultura","category-entradas","category-lo-mas-reciente","category-mexico-y-el-mundo","tag-convocatorias-2","tag-haruki-murakami","tag-letras","tag-novelas","tag-tusquets"],"jetpack_featured_media_url":"https:\/\/www.eloriente.net\/home\/wp-content\/uploads\/2014\/12\/@TusquetsMexico.jpg","jetpack_sharing_enabled":true,"_links":{"self":[{"href":"https:\/\/www.eloriente.net\/home\/wp-json\/wp\/v2\/posts\/34758"}],"collection":[{"href":"https:\/\/www.eloriente.net\/home\/wp-json\/wp\/v2\/posts"}],"about":[{"href":"https:\/\/www.eloriente.net\/home\/wp-json\/wp\/v2\/types\/post"}],"author":[{"embeddable":true,"href":"https:\/\/www.eloriente.net\/home\/wp-json\/wp\/v2\/users\/1"}],"replies":[{"embeddable":true,"href":"https:\/\/www.eloriente.net\/home\/wp-json\/wp\/v2\/comments?post=34758"}],"version-history":[{"count":1,"href":"https:\/\/www.eloriente.net\/home\/wp-json\/wp\/v2\/posts\/34758\/revisions"}],"predecessor-version":[{"id":34760,"href":"https:\/\/www.eloriente.net\/home\/wp-json\/wp\/v2\/posts\/34758\/revisions\/34760"}],"wp:featuredmedia":[{"embeddable":true,"href":"https:\/\/www.eloriente.net\/home\/wp-json\/wp\/v2\/media\/34759"}],"wp:attachment":[{"href":"https:\/\/www.eloriente.net\/home\/wp-json\/wp\/v2\/media?parent=34758"}],"wp:term":[{"taxonomy":"category","embeddable":true,"href":"https:\/\/www.eloriente.net\/home\/wp-json\/wp\/v2\/categories?post=34758"},{"taxonomy":"post_tag","embeddable":true,"href":"https:\/\/www.eloriente.net\/home\/wp-json\/wp\/v2\/tags?post=34758"}],"curies":[{"name":"wp","href":"https:\/\/api.w.org\/{rel}","templated":true}]}}