{"id":34793,"date":"2014-12-22T00:10:08","date_gmt":"2014-12-22T06:10:08","guid":{"rendered":"http:\/\/www.eloriente.net\/home\/?p=34793"},"modified":"2014-12-21T18:38:32","modified_gmt":"2014-12-22T00:38:32","slug":"los-pendientes-politicos-de-mexico-en-2014-para-m-a-vargas-de-adn-politico-recuento2014","status":"publish","type":"post","link":"https:\/\/www.eloriente.net\/home\/2014\/12\/22\/los-pendientes-politicos-de-mexico-en-2014-para-m-a-vargas-de-adn-politico-recuento2014\/","title":{"rendered":"Los pendientes pol\u00edticos de M\u00e9xico en 2014, para M. \u00c1. Vargas de ADN Pol\u00edtico #Recuento2014"},"content":{"rendered":"<p>eloriente.net<\/p>\n<p>4 de enero de 2013<\/p>\n<p>En entrevista para CNN M\u00e9xico,\u00a0Miguel \u00c1ngel Vargas, editor adjunto de ADNPol\u00edtico.com, aporta una serie de puntos a considerar para dise\u00f1ar una Agenda Pol\u00edtica de M\u00e9xico para el a\u00f1o que comienza.<\/p>\n<p>En este ejercicio que efectuamos en ELORIENTE.NET para tener claro el panorama de 2014, te dejamos aqu\u00ed este breve recuento:<\/p>\n<p><iframe loading=\"lazy\" src=\"\/\/www.youtube.com\/embed\/eSWVs7y77YQ\" width=\"560\" height=\"315\" frameborder=\"0\"><\/iframe><\/p>\n<p>Te invitamos a que comentes a continuaci\u00f3n los puntos de la agenda, o bien si tienes comentarios m\u00e1s extensos, env\u00edalos a direcciongeneral@eloriente.net.<\/p>\n<p><a href=\"http:\/\/www.eloriente.net\/home\/wp-content\/uploads\/2014\/01\/Captura-de-pantalla-2014-01-04-a-las-12.44.06.png\"><img loading=\"lazy\" decoding=\"async\" class=\"alignnone size-medium wp-image-19246\" title=\"Captura de pantalla 2014-01-04 a la(s) 12.44.06\" src=\"http:\/\/www.eloriente.net\/home\/wp-content\/uploads\/2014\/01\/Captura-de-pantalla-2014-01-04-a-las-12.44.06-300x168.png\" alt=\"\" width=\"300\" height=\"168\" srcset=\"https:\/\/www.eloriente.net\/home\/wp-content\/uploads\/2014\/01\/Captura-de-pantalla-2014-01-04-a-las-12.44.06-300x168.png 300w, https:\/\/www.eloriente.net\/home\/wp-content\/uploads\/2014\/01\/Captura-de-pantalla-2014-01-04-a-las-12.44.06.png 641w\" sizes=\"(max-width: 300px) 100vw, 300px\" \/><\/a><\/p>\n<p>Imagen sobre video.<\/p>\n<p><strong>Otras entradas:<\/strong><\/p>\n<div id=\"post-19205\">\n<p><a title=\"Permalink to Editorial #03.01.14 \u00bfHacia d\u00f3nde van los nuevos gobiernos municipales?\" href=\"http:\/\/www.eloriente.net\/home\/2014\/01\/03\/editorial-03-01-14-hacia-donde-van-los-nuevos-gobiernos-municipales\/\" rel=\"bookmark\">Editorial #03.01.14 \u00bfHacia d\u00f3nde van los nuevos gobiernos municipales?<\/a><\/p>\n<p><a href=\"http:\/\/www.eloriente.net\/home\/2014\/01\/03\/editorial-03-01-14-hacia-donde-van-los-nuevos-gobiernos-municipales\/\" rel=\"bookmark\"><img decoding=\"async\" title=\"Editorial #03.01.14 \u00bfHacia d\u00f3nde van los nuevos gobiernos municipales?\" src=\"http:\/\/www.eloriente.net\/home\/wp-content\/themes\/city-desk\/timthumb.php?src=http%3A%2F%2Fwww.eloriente.net%2Fhome%2Fwp-content%2Fuploads%2F2014%2F01%2FCaptura-de-pantalla-2014-01-03-a-las-13.45.35.png&amp;q=90&amp;w=160&amp;h=106&amp;zc=1\" alt=\"Editorial #03.01.14 \u00bfHacia d\u00f3nde van los nuevos gobiernos municipales?\" \/><\/a>eloriente.net 3 de enero de 2014 Comparte esta editorial en Twitter: ORIENTE UNO: La madurez de la pol\u00edtica y la sociedad oaxaque\u00f1a puede medirse por el grado de conocimiento o desconocimiento de los planes de gobierno municipales, los proyectos, estrategias y l\u00edneas de acci\u00f3n que las nuevas administraciones han de implementar en sus respectivas demarcaciones. [&#8230;]<\/p>\n<p>January 3, 2014<\/p>\n<\/div>\n<div id=\"post-19200\">\n<p><a title=\"Permalink to Semblanzas de nuevos presidentes municipales en Oaxaca\" href=\"http:\/\/www.eloriente.net\/home\/2014\/01\/03\/semblanzas-de-nuevos-ediles-municipales-en-oaxaca-2\/\" rel=\"bookmark\">Semblanzas de nuevos presidentes municipales en Oaxaca<\/a><\/p>\n<p><a href=\"http:\/\/www.eloriente.net\/home\/2014\/01\/03\/semblanzas-de-nuevos-ediles-municipales-en-oaxaca-2\/\" rel=\"bookmark\"><img decoding=\"async\" title=\"Semblanzas de nuevos presidentes municipales en Oaxaca\" src=\"http:\/\/www.eloriente.net\/home\/wp-content\/themes\/city-desk\/timthumb.php?src=http%3A%2F%2Fwww.eloriente.net%2Fhome%2Fwp-content%2Fuploads%2F2014%2F01%2FRomo1.jpg&amp;q=90&amp;w=160&amp;h=106&amp;zc=1\" alt=\"Semblanzas de nuevos presidentes municipales en Oaxaca\" \/><\/a>eloriente.net 3 de enero de 2014 El pasado 1 de enero de 2014, tomaron protesta 153 concejales en las diferentes localidades al interior del Estado de Oaxaca, para dar inicio a su gesti\u00f3n como presidentes municipales\u00a0en el periodo 2014-2016. ELORIENTE.NET pone a tu disposici\u00f3n las semblanzas biogr\u00e1ficas de algunos ediles de las principales alcald\u00edas oaxaque\u00f1as [&#8230;]<\/p>\n<p>January 3, 2014<\/p>\n<\/div>\n<p><a title=\"Permalink to Heli o la violencia adentro\" href=\"http:\/\/www.eloriente.net\/home\/2014\/01\/03\/heli-o-la-violencia-adentro\/\" rel=\"bookmark\">Heli o la violencia adentro<\/a><\/p>\n<p><a href=\"http:\/\/www.eloriente.net\/home\/2014\/01\/03\/heli-o-la-violencia-adentro\/\" rel=\"bookmark\"><img decoding=\"async\" title=\"Heli o la violencia adentro\" src=\"http:\/\/www.eloriente.net\/home\/wp-content\/themes\/city-desk\/timthumb.php?src=http%3A%2F%2Fwww.eloriente.net%2Fhome%2Fwp-content%2Fuploads%2F2014%2F01%2FHeli-2.jpg&amp;q=90&amp;w=160&amp;h=106&amp;zc=1\" alt=\"Heli o la violencia adentro\" \/><\/a><\/p>\n<p>eloriente.net 3 de enero de 2014 Por: Juan Pablo Ruiz N\u00fa\u00f1ez \u00a0La forma en que la sociedad est\u00e1 organizada a escala planetaria alienta y crea llamados a la violencia. La raz\u00f3n principal radica en que, para el sistema, la realidad humana es la competencia. Alain Badiou \u00a0 I Cuando una pel\u00edcula se comenta largamente, te [&#8230;]<\/p>\n<p>January 3, 2014<\/p>\n\n\t\t\t  <div \n\t\t\t  \tclass = \"fb-comments\" \n\t\t\t  \tdata-href = \"https:\/\/www.eloriente.net\/home\/2014\/12\/22\/los-pendientes-politicos-de-mexico-en-2014-para-m-a-vargas-de-adn-politico-recuento2014\/\"\n\t\t\t  \tdata-numposts = \"10\"\n\t\t\t\tdata-colorscheme = \"dark\"\n\t\t\t\tdata-order-by = \"social\"\n\t\t\t\tdata-mobile=true>\n\t\t\t  <\/div>\n\t\t  <style>\n\t\t\t.fb_iframe_widget_fluid_desktop iframe {\n\t\t\t    width: 100% !important;\n\t\t\t}\n\t\t  <\/style>\n\t\t  ","protected":false},"excerpt":{"rendered":"<p>eloriente.net 4 de enero de 2013 En entrevista para CNN M\u00e9xico,\u00a0Miguel \u00c1ngel Vargas, editor adjunto de ADNPol\u00edtico.com, aporta una serie de puntos a considerar para dise\u00f1ar una Agenda Pol\u00edtica de M\u00e9xico para el a\u00f1o que comienza. En este ejercicio que efectuamos en ELORIENTE.NET para tener claro el panorama de 2014, te dejamos aqu\u00ed este breve [&hellip;]<\/p>\n","protected":false},"author":1,"featured_media":0,"comment_status":"open","ping_status":"open","sticky":false,"template":"","format":"standard","meta":{"_jetpack_memberships_contains_paid_content":false,"footnotes":""},"categories":[6,32,10,24,21],"tags":[],"class_list":["post-34793","post","type-post","status-publish","format-standard","hentry","category-canal-4-especiales","category-entradas","category-lo-mas-reciente","category-mexico-y-el-mundo","category-politica-y-gobierno"],"jetpack_featured_media_url":"","jetpack_sharing_enabled":true,"_links":{"self":[{"href":"https:\/\/www.eloriente.net\/home\/wp-json\/wp\/v2\/posts\/34793"}],"collection":[{"href":"https:\/\/www.eloriente.net\/home\/wp-json\/wp\/v2\/posts"}],"about":[{"href":"https:\/\/www.eloriente.net\/home\/wp-json\/wp\/v2\/types\/post"}],"author":[{"embeddable":true,"href":"https:\/\/www.eloriente.net\/home\/wp-json\/wp\/v2\/users\/1"}],"replies":[{"embeddable":true,"href":"https:\/\/www.eloriente.net\/home\/wp-json\/wp\/v2\/comments?post=34793"}],"version-history":[{"count":1,"href":"https:\/\/www.eloriente.net\/home\/wp-json\/wp\/v2\/posts\/34793\/revisions"}],"predecessor-version":[{"id":34794,"href":"https:\/\/www.eloriente.net\/home\/wp-json\/wp\/v2\/posts\/34793\/revisions\/34794"}],"wp:attachment":[{"href":"https:\/\/www.eloriente.net\/home\/wp-json\/wp\/v2\/media?parent=34793"}],"wp:term":[{"taxonomy":"category","embeddable":true,"href":"https:\/\/www.eloriente.net\/home\/wp-json\/wp\/v2\/categories?post=34793"},{"taxonomy":"post_tag","embeddable":true,"href":"https:\/\/www.eloriente.net\/home\/wp-json\/wp\/v2\/tags?post=34793"}],"curies":[{"name":"wp","href":"https:\/\/api.w.org\/{rel}","templated":true}]}}