{"id":34800,"date":"2014-12-23T10:53:20","date_gmt":"2014-12-23T16:53:20","guid":{"rendered":"http:\/\/www.eloriente.net\/home\/?p=34800"},"modified":"2014-12-23T11:34:31","modified_gmt":"2014-12-23T17:34:31","slug":"jovenes-de-oaxaca-crean-jabon-de-aloe-polvo-de-frijol-y-tostadas-de-corozo-y-son-premiados","status":"publish","type":"post","link":"https:\/\/www.eloriente.net\/home\/2014\/12\/23\/jovenes-de-oaxaca-crean-jabon-de-aloe-polvo-de-frijol-y-tostadas-de-corozo-y-son-premiados\/","title":{"rendered":"J\u00f3venes de Oaxaca crean jab\u00f3n de aloe, polvo de frijol y tostadas de corozo, y son premiados"},"content":{"rendered":"<p>eloriente.net\/<a href=\"http:\/\/www.utvco.edu.mx\/\" target=\"_blank\">UTVCO<\/a><\/p>\n<p>23 de diciembre de 2014<\/p>\n<p>Estudiantes de la Universidad Tecnol\u00f3gica de los Valles Centrales de Oaxaca (UTVCO) resultaron ganadores en la convocatoria del \u201cPremio Estatal de Emprendedores 2014\u201d en su tercera edici\u00f3n. Proyectos productivos que tienen como objetivo fortalecer el desarrollo econ\u00f3mico del Estado y desarrollados dentro de la<\/p>\n<p>El Premio Estatal de Emprendedores se impulsa a trav\u00e9s de la Secretaria\u00a0 de Turismo y Desarrollo Econ\u00f3mico del Estado de Oaxaca (STyDE), que busca estimular y fortalecer a las y los emprendedores para la creaci\u00f3n y desarrollo de su empresa generando herramientas adecuadas que impacten en la sociedad.<\/p>\n<p>En esta tercera edici\u00f3n, fueron diez los finalistas que participaron en ambas categor\u00edas, de las cuales, cuatro proyectos realizados por estudiantes de la UTVCO resultaron beneficiados mediante un apoyo econ\u00f3mico de 25 mil pesos. De igual forma, las y los ganadores obtendr\u00e1n asesor\u00eda para el desarrollo del proyecto de negocio.<\/p>\n<p>Las iniciativas ganadoras fueron: <em>Skin Fresh,<\/em> proyecto que consiste en un jab\u00f3n hecho a base de aloe vera, glicerina y liderado por Rodrigo M\u00e9ndez Medina; <em>Coradas<\/em>, tostadas hechas a base de corozo y representadas por Isla Gallardo\u00a0 Leyva; <em>Vizza Guisa Rico<\/em> un polvo de frijol condimentado para preparar pasta con hoja de aguacate teniendo a Daniel Reyes Feria como su representante y <em>Quinto Elemento<\/em> por Alberto Santos Naranjos, un proyecto que consiste en la producci\u00f3n y comercializaci\u00f3n de mezcal elaborado con agave azul y tobal\u00e1.<\/p>\n<p>Para la convocatoria de este a\u00f1o, los proyectos productivos se dividieron en las categor\u00edas de \u201cIniciativa Emprendedora\u201d y \u201cEmpresa Innovadora\u201d, la primera se dirigi\u00f3 a emprendedores que no est\u00e9n registrados en hacienda, pero que tengan potencial para incursionar en el mercado. Mientras en la segunda categor\u00eda se enfoca a las empresa oaxaque\u00f1as constituidas e innovadoras con dos a\u00f1os de operaci\u00f3n en el mercado.<\/p>\n<p><a href=\"http:\/\/www.eloriente.net\/home\/wp-content\/uploads\/2014\/12\/premio-emprendedores-2-Skin-Fresh-UTVCO.jpg\"><img loading=\"lazy\" decoding=\"async\" class=\"alignnone size-medium wp-image-34801\" src=\"http:\/\/www.eloriente.net\/home\/wp-content\/uploads\/2014\/12\/premio-emprendedores-2-Skin-Fresh-UTVCO-300x200.jpg\" alt=\"premio emprendedores 2 Skin Fresh UTVCO\" width=\"300\" height=\"200\" srcset=\"https:\/\/www.eloriente.net\/home\/wp-content\/uploads\/2014\/12\/premio-emprendedores-2-Skin-Fresh-UTVCO-300x200.jpg 300w, https:\/\/www.eloriente.net\/home\/wp-content\/uploads\/2014\/12\/premio-emprendedores-2-Skin-Fresh-UTVCO-1024x682.jpg 1024w\" sizes=\"(max-width: 300px) 100vw, 300px\" \/><\/a><\/p>\n<p>Imagen: <i>Skin Fresh,<\/i> proyecto que consiste en un jab\u00f3n hecho a base de aloe vera, glicerina.<\/p>\n<p><strong>OTRAS ENTRADAS:<\/strong><\/p>\n<div id=\"post-32480\" class=\"post-32480 post type-post status-publish format-standard has-post-thumbnail hentry category-colaboradores category-educacion-y-cultura category-entradas category-estados category-lo-mas-reciente category-mexico-y-el-mundo category-principal category-puebla category-tecnologico-de-monterrey category-universidades tag-itesm entry loop-default border_bottom_30\">\n<h2 class=\"entry_title\"><a title=\"Enlace Permanente a Tec de Monterrey entre las 100 mejores universidades del mundo\" href=\"http:\/\/www.eloriente.net\/home\/2014\/09\/26\/tec-de-monterrey-entre-las-100-mejores-universidades-del-mundo\/\" rel=\"bookmark\">Tec de Monterrey entre las 100 mejores universidades del mundo<\/a><\/h2>\n<p><a href=\"http:\/\/www.eloriente.net\/home\/2014\/09\/26\/tec-de-monterrey-entre-las-100-mejores-universidades-del-mundo\/\" rel=\"bookmark\"><img decoding=\"async\" class=\"alignleft\" title=\"Tec de Monterrey entre las 100 mejores universidades del mundo\" src=\"http:\/\/www.eloriente.net\/home\/wp-content\/themes\/city-desk\/timthumb.php?src=http%3A%2F%2Fwww.eloriente.net%2Fhome%2Fwp-content%2Fuploads%2F2014%2F09%2FTec-de-MTY-HKFarewell.jpg&amp;q=90&amp;w=160&amp;h=106&amp;zc=1\" alt=\"Tec de Monterrey entre las 100 mejores universidades del mundo\" \/><\/a>eloriente.net 26\/septiembre\/2014 Por Lourdes Mateos Espejel La empresa Quacquarelli Symonds, anunci\u00f3 que el Tecnol\u00f3gico de Monterrey ocupa el lugar 63 en lo correspondiente a la opini\u00f3n de los empleadores dentro del \u201cQS World University Rankings\u201d, que realiza desde hace una d\u00e9cada. Ubicando a los 31 campus , incluido el Campus Puebla, en primer lugar en [\u2026]<\/p>\n<p>&nbsp;<\/p>\n<p class=\"postmeta\"><span class=\"meta_date\">septiembre 26, 2014<\/span><\/p>\n<\/div>\n<div id=\"post-9351\" class=\"post-9351 post type-post status-publish format-standard has-post-thumbnail hentry category-capital category-editorial category-entradas category-lo-mas-reciente entry loop-default border_bottom_30\">\n<h2 class=\"entry_title\"><a title=\"Enlace Permanente a Universidades pueden intervenir ante postura de \u2018l\u00edderes sociales\u2019\" href=\"http:\/\/www.eloriente.net\/home\/2013\/03\/07\/universidades-pueden-intervenir-ante-postura-de-lideres-sociales\/\" rel=\"bookmark\">Universidades pueden intervenir ante postura de \u2018l\u00edderes sociales\u2019<\/a><\/h2>\n<p><a href=\"http:\/\/www.eloriente.net\/home\/2013\/03\/07\/universidades-pueden-intervenir-ante-postura-de-lideres-sociales\/\" rel=\"bookmark\"><img decoding=\"async\" class=\"alignleft\" title=\"Universidades pueden intervenir ante postura de \u2018l\u00edderes sociales\u2019\" src=\"http:\/\/www.eloriente.net\/home\/wp-content\/themes\/city-desk\/timthumb.php?src=http%3A%2F%2Fwww.eloriente.net%2Fhome%2Fwp-content%2Fuploads%2F2012%2F11%2FAlgunos-derechos-reservados-por-jgoge-estudiantes.jpg&amp;q=90&amp;w=160&amp;h=106&amp;zc=1\" alt=\"Universidades pueden intervenir ante postura de \u2018l\u00edderes sociales\u2019\" \/><\/a>eloriente.net 7 de \u00a0marzo de 2013 A la propuesta que ya efectuamos la semana anterior: \u201cHa llegado el momento de exhibir qui\u00e9nes son esos l\u00edderes (sociales), cu\u00e1les sus intereses\u201d que han inflamado las principales calles de la capital de Oaxaca con manifestaciones y bloqueos, ahora tambi\u00e9n debe hacerse un llamado a la responsabilidad de un [\u2026]<\/p>\n<p class=\"postmeta\"><span class=\"meta_date\">marzo 7, 2013<\/span><\/p>\n<\/div>\n\n\t\t\t  <div \n\t\t\t  \tclass = \"fb-comments\" \n\t\t\t  \tdata-href = \"https:\/\/www.eloriente.net\/home\/2014\/12\/23\/jovenes-de-oaxaca-crean-jabon-de-aloe-polvo-de-frijol-y-tostadas-de-corozo-y-son-premiados\/\"\n\t\t\t  \tdata-numposts = \"10\"\n\t\t\t\tdata-colorscheme = \"dark\"\n\t\t\t\tdata-order-by = \"social\"\n\t\t\t\tdata-mobile=true>\n\t\t\t  <\/div>\n\t\t  <style>\n\t\t\t.fb_iframe_widget_fluid_desktop iframe {\n\t\t\t    width: 100% !important;\n\t\t\t}\n\t\t  <\/style>\n\t\t  ","protected":false},"excerpt":{"rendered":"<p>eloriente.net\/UTVCO 23 de diciembre de 2014 Estudiantes de la Universidad Tecnol\u00f3gica de los Valles Centrales de Oaxaca (UTVCO) resultaron ganadores en la convocatoria del \u201cPremio Estatal de Emprendedores 2014\u201d en su tercera edici\u00f3n. Proyectos productivos que tienen como objetivo fortalecer el desarrollo econ\u00f3mico del Estado y desarrollados dentro de la El Premio Estatal de Emprendedores [&hellip;]<\/p>\n","protected":false},"author":1,"featured_media":34801,"comment_status":"open","ping_status":"open","sticky":false,"template":"","format":"standard","meta":{"_jetpack_memberships_contains_paid_content":false,"footnotes":""},"categories":[1588,18,32,63,23,464,84],"tags":[],"class_list":["post-34800","post","type-post","status-publish","format-standard","has-post-thumbnail","hentry","category-comunicados-y-boletines","category-educacion-y-cultura","category-entradas","category-estados","category-municipios","category-oaxaca-estados","category-universidades"],"jetpack_featured_media_url":"https:\/\/www.eloriente.net\/home\/wp-content\/uploads\/2014\/12\/premio-emprendedores-2-Skin-Fresh-UTVCO.jpg","jetpack_sharing_enabled":true,"_links":{"self":[{"href":"https:\/\/www.eloriente.net\/home\/wp-json\/wp\/v2\/posts\/34800"}],"collection":[{"href":"https:\/\/www.eloriente.net\/home\/wp-json\/wp\/v2\/posts"}],"about":[{"href":"https:\/\/www.eloriente.net\/home\/wp-json\/wp\/v2\/types\/post"}],"author":[{"embeddable":true,"href":"https:\/\/www.eloriente.net\/home\/wp-json\/wp\/v2\/users\/1"}],"replies":[{"embeddable":true,"href":"https:\/\/www.eloriente.net\/home\/wp-json\/wp\/v2\/comments?post=34800"}],"version-history":[{"count":2,"href":"https:\/\/www.eloriente.net\/home\/wp-json\/wp\/v2\/posts\/34800\/revisions"}],"predecessor-version":[{"id":34806,"href":"https:\/\/www.eloriente.net\/home\/wp-json\/wp\/v2\/posts\/34800\/revisions\/34806"}],"wp:featuredmedia":[{"embeddable":true,"href":"https:\/\/www.eloriente.net\/home\/wp-json\/wp\/v2\/media\/34801"}],"wp:attachment":[{"href":"https:\/\/www.eloriente.net\/home\/wp-json\/wp\/v2\/media?parent=34800"}],"wp:term":[{"taxonomy":"category","embeddable":true,"href":"https:\/\/www.eloriente.net\/home\/wp-json\/wp\/v2\/categories?post=34800"},{"taxonomy":"post_tag","embeddable":true,"href":"https:\/\/www.eloriente.net\/home\/wp-json\/wp\/v2\/tags?post=34800"}],"curies":[{"name":"wp","href":"https:\/\/api.w.org\/{rel}","templated":true}]}}